{"id":91131,"date":"2019-03-28T05:02:58","date_gmt":"2019-03-28T08:02:58","guid":{"rendered":"http:\/\/www.eltrabajo.cl\/portal\/?p=91131"},"modified":"2019-03-27T21:10:13","modified_gmt":"2019-03-28T00:10:13","slug":"raul-amar-hizo-su-estreno-en-los-cestos-trasandinos","status":"publish","type":"post","link":"https:\/\/eltrabajo.cl\/portal\/raul-amar-hizo-su-estreno-en-los-cestos-trasandinos\/","title":{"rendered":"Ra\u00fal Amar hizo su estreno en los cestos trasandinos"},"content":{"rendered":"<p>Durante la jornada del martes reci\u00e9n pasado se produjo el esperado debut del joven basquetbolista sanfelipe\u00f1o Ra\u00fal Amar en Argentina. El jugador salido de las filas del club Arturo Prat, viste en la actualidad los colores del club 9 de Julio de Bah\u00eda Blanca.<br \/>\nEl estreno de Amar al otro lado de la cordillera fue en el torneo Juvenil, evento en el cual su equipo enfrent\u00f3 al Alem, al que super\u00f3 por 85 a 80, triunfo al que el aconcag\u00fcino colabor\u00f3 con 17 puntos, algo notable si se tiene en cuenta que no fue titular. \u201cEstoy contento por mi actuaci\u00f3n, adem\u00e1s que ac\u00e1 me siento muy bien porque todos se han portado muy buena onda conmigo\u201d, se\u00f1al\u00f3 a El Trabajo Deportivo, la promesa del b\u00e1squetbol chileno.<\/p>\n<figure id=\"attachment_91132\" aria-describedby=\"caption-attachment-91132\" style=\"width: 577px\" class=\"wp-caption alignnone\"><img data-recalc-dims=\"1\" loading=\"lazy\" decoding=\"async\" class=\"size-full wp-image-91132\" src=\"https:\/\/i0.wp.com\/www.eltrabajo.cl\/portal\/wp-content\/uploads\/2019\/03\/raul-amar.jpg?resize=577%2C360\" alt=\"Ra\u00fal Amar vistiendo la divisa de su club argentino 9 de Julio instantes antes de su debut.\" width=\"577\" height=\"360\" srcset=\"https:\/\/i0.wp.com\/eltrabajo.cl\/portal\/wp-content\/uploads\/2019\/03\/raul-amar.jpg?w=577&amp;ssl=1 577w, https:\/\/i0.wp.com\/eltrabajo.cl\/portal\/wp-content\/uploads\/2019\/03\/raul-amar.jpg?resize=200%2C125&amp;ssl=1 200w, https:\/\/i0.wp.com\/eltrabajo.cl\/portal\/wp-content\/uploads\/2019\/03\/raul-amar.jpg?resize=300%2C187&amp;ssl=1 300w, https:\/\/i0.wp.com\/eltrabajo.cl\/portal\/wp-content\/uploads\/2019\/03\/raul-amar.jpg?resize=240%2C150&amp;ssl=1 240w, https:\/\/i0.wp.com\/eltrabajo.cl\/portal\/wp-content\/uploads\/2019\/03\/raul-amar.jpg?resize=400%2C250&amp;ssl=1 400w\" sizes=\"auto, (max-width: 577px) 100vw, 577px\" \/><figcaption id=\"caption-attachment-91132\" class=\"wp-caption-text\">Ra\u00fal Amar vistiendo la divisa de su club argentino 9 de Julio instantes antes de su debut.<\/figcaption><\/figure>\n","protected":false},"excerpt":{"rendered":"<p>Durante la jornada del martes reci\u00e9n pasado se produjo el esperado debut del joven basquetbolista sanfelipe\u00f1o Ra\u00fal Amar en Argentina. El jugador salido de las filas del club Arturo Prat, viste en&#8230;<\/p>\n","protected":false},"author":482,"featured_media":91132,"comment_status":"open","ping_status":"open","sticky":false,"template":"","format":"standard","meta":{"advanced_seo_description":"","jetpack_seo_html_title":"","jetpack_seo_noindex":false,"_jetpack_memberships_contains_paid_content":false,"footnotes":""},"categories":[19],"tags":[],"class_list":["post-91131","post","type-post","status-publish","format-standard","has-post-thumbnail","hentry","category-deportes"],"jetpack_featured_media_url":"https:\/\/i0.wp.com\/eltrabajo.cl\/portal\/wp-content\/uploads\/2019\/03\/raul-amar.jpg?fit=577%2C360&ssl=1","jetpack_sharing_enabled":true,"jetpack_likes_enabled":true,"jetpack-related-posts":[],"_links":{"self":[{"href":"https:\/\/eltrabajo.cl\/portal\/wp-json\/wp\/v2\/posts\/91131","targetHints":{"allow":["GET"]}}],"collection":[{"href":"https:\/\/eltrabajo.cl\/portal\/wp-json\/wp\/v2\/posts"}],"about":[{"href":"https:\/\/eltrabajo.cl\/portal\/wp-json\/wp\/v2\/types\/post"}],"author":[{"embeddable":true,"href":"https:\/\/eltrabajo.cl\/portal\/wp-json\/wp\/v2\/users\/482"}],"replies":[{"embeddable":true,"href":"https:\/\/eltrabajo.cl\/portal\/wp-json\/wp\/v2\/comments?post=91131"}],"version-history":[{"count":0,"href":"https:\/\/eltrabajo.cl\/portal\/wp-json\/wp\/v2\/posts\/91131\/revisions"}],"wp:featuredmedia":[{"embeddable":true,"href":"https:\/\/eltrabajo.cl\/portal\/wp-json\/wp\/v2\/media\/91132"}],"wp:attachment":[{"href":"https:\/\/eltrabajo.cl\/portal\/wp-json\/wp\/v2\/media?parent=91131"}],"wp:term":[{"taxonomy":"category","embeddable":true,"href":"https:\/\/eltrabajo.cl\/portal\/wp-json\/wp\/v2\/categories?post=91131"},{"taxonomy":"post_tag","embeddable":true,"href":"https:\/\/eltrabajo.cl\/portal\/wp-json\/wp\/v2\/tags?post=91131"}],"curies":[{"name":"wp","href":"https:\/\/api.w.org\/{rel}","templated":true}]}}