{"id":91182,"date":"2019-04-01T05:02:33","date_gmt":"2019-04-01T08:02:33","guid":{"rendered":"http:\/\/www.eltrabajo.cl\/portal\/?p=91182"},"modified":"2019-03-31T20:26:28","modified_gmt":"2019-03-31T23:26:28","slug":"seleccionada-chilena-a-la-cabeza-de-nuevo-proyecto-de-cestos-del-prat","status":"publish","type":"post","link":"https:\/\/eltrabajo.cl\/portal\/seleccionada-chilena-a-la-cabeza-de-nuevo-proyecto-de-cestos-del-prat\/","title":{"rendered":"Seleccionada chilena a la cabeza de nuevo proyecto de cestos del Prat"},"content":{"rendered":"<p>Poni\u00e9ndose a tono con los tiempos actuales y de paso enviando una fuerte se\u00f1al al resto del deporte de la zona, la rama de b\u00e1squetbol del Club Arturo Prat ser\u00e1 comandada t\u00e9cnicamente por la joven sanfelipe\u00f1a Priscila Pizarro.<br \/>\nLa nueva jefa t\u00e9cnica de los pratinos, quien adem\u00e1s es seleccionada chilena adulta, tendr\u00e1 a su cargo un ambicioso proyecto deportivo con el que los de Calle Santo Domingo quieren potenciar sus series formativas, adem\u00e1s de atraer a las mujeres. Tambi\u00e9n es muy probable que Priscila Pizarro, tambi\u00e9n sea parte del cuerpo t\u00e9cnico del equipo de honor del Prat que en el segundo semestre competir\u00e1 en la Serie B del baloncesto nacional.<\/p>\n<figure id=\"attachment_91183\" aria-describedby=\"caption-attachment-91183\" style=\"width: 580px\" class=\"wp-caption alignnone\"><img data-recalc-dims=\"1\" loading=\"lazy\" decoding=\"async\" class=\"size-full wp-image-91183\" src=\"https:\/\/i0.wp.com\/www.eltrabajo.cl\/portal\/wp-content\/uploads\/2019\/03\/priscila-pizarro.jpg?resize=580%2C359\" alt=\"La nueva entrenadora del Prat es parte de la selecci\u00f3n chilena adulta.\" width=\"580\" height=\"359\" srcset=\"https:\/\/i0.wp.com\/eltrabajo.cl\/portal\/wp-content\/uploads\/2019\/03\/priscila-pizarro.jpg?w=580&amp;ssl=1 580w, https:\/\/i0.wp.com\/eltrabajo.cl\/portal\/wp-content\/uploads\/2019\/03\/priscila-pizarro.jpg?resize=200%2C124&amp;ssl=1 200w, https:\/\/i0.wp.com\/eltrabajo.cl\/portal\/wp-content\/uploads\/2019\/03\/priscila-pizarro.jpg?resize=300%2C186&amp;ssl=1 300w, https:\/\/i0.wp.com\/eltrabajo.cl\/portal\/wp-content\/uploads\/2019\/03\/priscila-pizarro.jpg?resize=242%2C150&amp;ssl=1 242w, https:\/\/i0.wp.com\/eltrabajo.cl\/portal\/wp-content\/uploads\/2019\/03\/priscila-pizarro.jpg?resize=400%2C248&amp;ssl=1 400w\" sizes=\"auto, (max-width: 580px) 100vw, 580px\" \/><figcaption id=\"caption-attachment-91183\" class=\"wp-caption-text\">La nueva entrenadora del Prat es parte de la selecci\u00f3n chilena adulta.<\/figcaption><\/figure>\n","protected":false},"excerpt":{"rendered":"<p>Poni\u00e9ndose a tono con los tiempos actuales y de paso enviando una fuerte se\u00f1al al resto del deporte de la zona, la rama de b\u00e1squetbol del Club Arturo Prat ser\u00e1 comandada t\u00e9cnicamente&#8230;<\/p>\n","protected":false},"author":482,"featured_media":91183,"comment_status":"open","ping_status":"open","sticky":false,"template":"","format":"standard","meta":{"advanced_seo_description":"","jetpack_seo_html_title":"","jetpack_seo_noindex":false,"_jetpack_memberships_contains_paid_content":false,"footnotes":""},"categories":[19],"tags":[],"class_list":["post-91182","post","type-post","status-publish","format-standard","has-post-thumbnail","hentry","category-deportes"],"jetpack_featured_media_url":"https:\/\/i0.wp.com\/eltrabajo.cl\/portal\/wp-content\/uploads\/2019\/03\/priscila-pizarro.jpg?fit=580%2C359&ssl=1","jetpack_sharing_enabled":true,"jetpack_likes_enabled":true,"jetpack-related-posts":[],"_links":{"self":[{"href":"https:\/\/eltrabajo.cl\/portal\/wp-json\/wp\/v2\/posts\/91182","targetHints":{"allow":["GET"]}}],"collection":[{"href":"https:\/\/eltrabajo.cl\/portal\/wp-json\/wp\/v2\/posts"}],"about":[{"href":"https:\/\/eltrabajo.cl\/portal\/wp-json\/wp\/v2\/types\/post"}],"author":[{"embeddable":true,"href":"https:\/\/eltrabajo.cl\/portal\/wp-json\/wp\/v2\/users\/482"}],"replies":[{"embeddable":true,"href":"https:\/\/eltrabajo.cl\/portal\/wp-json\/wp\/v2\/comments?post=91182"}],"version-history":[{"count":0,"href":"https:\/\/eltrabajo.cl\/portal\/wp-json\/wp\/v2\/posts\/91182\/revisions"}],"wp:featuredmedia":[{"embeddable":true,"href":"https:\/\/eltrabajo.cl\/portal\/wp-json\/wp\/v2\/media\/91183"}],"wp:attachment":[{"href":"https:\/\/eltrabajo.cl\/portal\/wp-json\/wp\/v2\/media?parent=91182"}],"wp:term":[{"taxonomy":"category","embeddable":true,"href":"https:\/\/eltrabajo.cl\/portal\/wp-json\/wp\/v2\/categories?post=91182"},{"taxonomy":"post_tag","embeddable":true,"href":"https:\/\/eltrabajo.cl\/portal\/wp-json\/wp\/v2\/tags?post=91182"}],"curies":[{"name":"wp","href":"https:\/\/api.w.org\/{rel}","templated":true}]}}