{"id":91361,"date":"2019-04-10T05:01:14","date_gmt":"2019-04-10T09:01:14","guid":{"rendered":"http:\/\/www.eltrabajo.cl\/portal\/?p=91361"},"modified":"2019-04-09T20:33:17","modified_gmt":"2019-04-10T00:33:17","slug":"jorge-ovalle-subio-a-lo-mas-alto-del-podio-en-dos-pruebas-en-valparaiso","status":"publish","type":"post","link":"https:\/\/eltrabajo.cl\/portal\/jorge-ovalle-subio-a-lo-mas-alto-del-podio-en-dos-pruebas-en-valparaiso\/","title":{"rendered":"Jorge Ovalle subi\u00f3 a lo m\u00e1s alto del podio en dos pruebas en Valpara\u00edso"},"content":{"rendered":"<p>El pasado domingo en Valpara\u00edso, y ajeno a toda la vor\u00e1gine que significa la Marat\u00f3n Internacional de Santiago, el lanzador m\u00e1ster sanfelipe\u00f1o, Jorge Ovalle, particip\u00f3 en un torneo atl\u00e9tico organizado por el club Los Robles que tuvo como escenario el imponente estadio El\u00edas Figueroa.<br \/>\nAl evento donde llegaron m\u00e1s de 100 atletas de las regiones Metropolitana y Quinta, Jorge Ovalle compiti\u00f3 con indudable \u00e9xito en las pruebas de la Bala y el Disco, qued\u00e1ndose con el primer lugar en ambas. \u201cEstoy m\u00e1s que contento porque la lesi\u00f3n que sufr\u00ed ya qued\u00f3 definitivamente atr\u00e1s, aparte que cada d\u00eda mejoro en fuerza y t\u00e9cnica\u201d, dijo a El Trabajo Deportivo el deportista sanfelipe\u00f1o que ya hace pocas semanas hab\u00eda tenido otra actuaci\u00f3n descollante en un Nacional sur realizado en la ciudad de Chill\u00e1n.<\/p>\n<figure id=\"attachment_91362\" aria-describedby=\"caption-attachment-91362\" style=\"width: 578px\" class=\"wp-caption alignnone\"><img data-recalc-dims=\"1\" loading=\"lazy\" decoding=\"async\" class=\"size-full wp-image-91362\" src=\"https:\/\/i0.wp.com\/www.eltrabajo.cl\/portal\/wp-content\/uploads\/2019\/04\/jorge-ovalle-en-valpo.jpg?resize=578%2C397\" alt=\"El lanzador sanfelipe\u00f1o se impuso en el lanzamiento de la Bala y el Disco.\" width=\"578\" height=\"397\" srcset=\"https:\/\/i0.wp.com\/eltrabajo.cl\/portal\/wp-content\/uploads\/2019\/04\/jorge-ovalle-en-valpo.jpg?w=578&amp;ssl=1 578w, https:\/\/i0.wp.com\/eltrabajo.cl\/portal\/wp-content\/uploads\/2019\/04\/jorge-ovalle-en-valpo.jpg?resize=200%2C137&amp;ssl=1 200w, https:\/\/i0.wp.com\/eltrabajo.cl\/portal\/wp-content\/uploads\/2019\/04\/jorge-ovalle-en-valpo.jpg?resize=300%2C206&amp;ssl=1 300w, https:\/\/i0.wp.com\/eltrabajo.cl\/portal\/wp-content\/uploads\/2019\/04\/jorge-ovalle-en-valpo.jpg?resize=218%2C150&amp;ssl=1 218w, https:\/\/i0.wp.com\/eltrabajo.cl\/portal\/wp-content\/uploads\/2019\/04\/jorge-ovalle-en-valpo.jpg?resize=400%2C275&amp;ssl=1 400w\" sizes=\"auto, (max-width: 578px) 100vw, 578px\" \/><figcaption id=\"caption-attachment-91362\" class=\"wp-caption-text\">El lanzador sanfelipe\u00f1o se impuso en el lanzamiento de la Bala y el Disco.<\/figcaption><\/figure>\n","protected":false},"excerpt":{"rendered":"<p>El pasado domingo en Valpara\u00edso, y ajeno a toda la vor\u00e1gine que significa la Marat\u00f3n Internacional de Santiago, el lanzador m\u00e1ster sanfelipe\u00f1o, Jorge Ovalle, particip\u00f3 en un torneo atl\u00e9tico organizado por el&#8230;<\/p>\n","protected":false},"author":482,"featured_media":91362,"comment_status":"open","ping_status":"open","sticky":false,"template":"","format":"standard","meta":{"advanced_seo_description":"","jetpack_seo_html_title":"","jetpack_seo_noindex":false,"_jetpack_memberships_contains_paid_content":false,"footnotes":""},"categories":[19],"tags":[],"class_list":["post-91361","post","type-post","status-publish","format-standard","has-post-thumbnail","hentry","category-deportes"],"jetpack_featured_media_url":"https:\/\/i0.wp.com\/eltrabajo.cl\/portal\/wp-content\/uploads\/2019\/04\/jorge-ovalle-en-valpo.jpg?fit=578%2C397&ssl=1","jetpack_sharing_enabled":true,"jetpack_likes_enabled":true,"jetpack-related-posts":[],"_links":{"self":[{"href":"https:\/\/eltrabajo.cl\/portal\/wp-json\/wp\/v2\/posts\/91361","targetHints":{"allow":["GET"]}}],"collection":[{"href":"https:\/\/eltrabajo.cl\/portal\/wp-json\/wp\/v2\/posts"}],"about":[{"href":"https:\/\/eltrabajo.cl\/portal\/wp-json\/wp\/v2\/types\/post"}],"author":[{"embeddable":true,"href":"https:\/\/eltrabajo.cl\/portal\/wp-json\/wp\/v2\/users\/482"}],"replies":[{"embeddable":true,"href":"https:\/\/eltrabajo.cl\/portal\/wp-json\/wp\/v2\/comments?post=91361"}],"version-history":[{"count":0,"href":"https:\/\/eltrabajo.cl\/portal\/wp-json\/wp\/v2\/posts\/91361\/revisions"}],"wp:featuredmedia":[{"embeddable":true,"href":"https:\/\/eltrabajo.cl\/portal\/wp-json\/wp\/v2\/media\/91362"}],"wp:attachment":[{"href":"https:\/\/eltrabajo.cl\/portal\/wp-json\/wp\/v2\/media?parent=91361"}],"wp:term":[{"taxonomy":"category","embeddable":true,"href":"https:\/\/eltrabajo.cl\/portal\/wp-json\/wp\/v2\/categories?post=91361"},{"taxonomy":"post_tag","embeddable":true,"href":"https:\/\/eltrabajo.cl\/portal\/wp-json\/wp\/v2\/tags?post=91361"}],"curies":[{"name":"wp","href":"https:\/\/api.w.org\/{rel}","templated":true}]}}