{"id":91423,"date":"2019-04-15T05:00:41","date_gmt":"2019-04-15T09:00:41","guid":{"rendered":"http:\/\/www.eltrabajo.cl\/portal\/?p=91423"},"modified":"2019-04-14T21:00:34","modified_gmt":"2019-04-15T01:00:34","slug":"jugando-a-gran-nivel-el-uni-supera-2-a-0-a-melipilla-y-festeja-por-primera-vez-en-el-ano","status":"publish","type":"post","link":"https:\/\/eltrabajo.cl\/portal\/jugando-a-gran-nivel-el-uni-supera-2-a-0-a-melipilla-y-festeja-por-primera-vez-en-el-ano\/","title":{"rendered":"Jugando a gran nivel el Un\u00ed supera 2 a 0 a Melipilla y festeja por primera vez en el a\u00f1o"},"content":{"rendered":"<p>En el que sin lugar a dudas fue su mejor presentaci\u00f3n en todo lo que va de la actual temporada, Uni\u00f3n San Felipe super\u00f3 por 2 a 0 a Deportes Melipilla, en el duelo disputado el s\u00e1bado pasado en el Estadio Municipal de San Felipe.<br \/>\nCon mucha anticipaci\u00f3n al pleito contra el \u2018Potro Solitario\u2019 los dirigidos por Germ\u00e1n Corengia hab\u00edan advertido que la cita sabatina correspondiente a la fecha 8 del torneo de plata del f\u00fatbol chileno ser\u00eda especial y con tintes de mucha trascendencia, porque, aunque no lo dijeran, en su interna hab\u00eda completa claridad que frente a su rival sabatino era imperioso marcar el punto de inflexi\u00f3n en la actual campa\u00f1a.<br \/>\nLos sanfelipe\u00f1os fueron superiores a Melipilla desde el momento mismo que el juez Felipe Gonz\u00e1lez hizo sonar su silbato. Por medio de alta intensidad en la marca como la elaboraci\u00f3n, una buena organizaci\u00f3n colectiva, adem\u00e1s de muy buenas actuaciones individuales, los aconcag\u00fcinos desnudaron a un oponente discreto que solo ten\u00eda como argumento el juego fuerte.<br \/>\nPese al dominio casi unilateral y tenencia del bal\u00f3n, no hubo llegadas muy claras durante el primer lapso, donde a diferencia del pasado si estuvieron finos en su arremetidas sobre el arco sur, ya que en la primera (15\u2019) el portero Peranic debi\u00f3 extremar recursos para contener un tiro de distancia de \u2018La Nona\u2019 Mu\u00f1oz; en la otra el golero nada pudo hacer ante el preciso disparo de Brian Cort\u00e9s, quien a los 20 minutos y con un golazo de por medio abri\u00f3 la ruta al primer triunfo del a\u00f1o.<br \/>\nEn el segundo tiempo los albirrojos rozaron la perfecci\u00f3n al someter a los melipillanos que con el correr de los minutos iban cayendo en la desesperaci\u00f3n al verse superados en todas las facetas del juego; eso explica que muy temprano, Fernando Meneses, el \u00fanico jugador que pod\u00eda interceder para nivelar las acciones se fue expulsado.<br \/>\nCon un juego r\u00e1pido y vistoso, donde sobresal\u00edan Gonzalo \u00c1lvarez, Christian Mu\u00f1oz, el despliegue de Lautaro Palacios, m\u00e1s el empuje de Brian Cort\u00e9s y Leandro Fioravanti, el Un\u00ed Un\u00ed tard\u00f3 un cuarto de hora para sellar el pleito. Gonzalo \u00c1lvarez se encarg\u00f3 de hacerlo por medio de un finiquito en el cual expuso toda la riqueza t\u00e9cnica que posee.<br \/>\nEl resto del encuentro se mantuvo en la misma l\u00ednea, por m\u00e1s que con mucho empuje y poco f\u00fatbol Melipilla haya intentado algo, pero era poco lo que pudo hacer ante un San Felipe \u2018virado\u2019 y lleno de ritmo que incluso pudo haber goleado, tema que no import\u00f3 mucho a ra\u00edz que la victoria fue categ\u00f3rica e incontestable, como ten\u00eda que ser; para iniciar el despegue en el hasta ahora sufrido 2019.<br \/>\nFicha T\u00e9cnica<br \/>\nFecha 8<br \/>\nTorneo Primera B.<br \/>\nEstadio Municipal de San Felipe.<br \/>\n\u00c1rbitro: Felipe Gonz\u00e1lez.<br \/>\nUni\u00f3n San Felipe (2): Jonathan Salvador; Francisco Salinas, Benjam\u00edn Gazzolo, David Fern\u00e1ndez, Gonzalo Villegas; Leandro Fioravanti (Sergio Catal\u00e1n), Brian Cort\u00e9s, Christian Mu\u00f1oz (Emmanuel Pio), Gonzalo \u00c1lvarez, Lautaro Palacios; \u00c1ngel Vildozo (Jimmy Cisterna). DT: Germ\u00e1n Corengia.<br \/>\nDeportes Melipilla (0): Nicol\u00e1s Peranic; Mario Pardo, Miguel Sanhueza, Miguel Escalona, Gonzalo Lauler; Jos\u00e9 Cabi\u00f3n, Mario Sandoval, Joaqu\u00edn Moya (Sep\u00falveda), Fernando Meneses; Alejandro V\u00e1squez (Mendiburo), Milton Alegre (Olivera). DT: Jorge Contreras.<br \/>\nGoles:<br \/>\n1-0, 20\u2019 Brian Cort\u00e9s (USF).<br \/>\n2-0, 60\u2019 Gonzalo \u00c1lvarez (USF).<br \/>\nExpulsados:<br \/>\nFernando Meneses (MEL).<br \/>\nGonzalo Villegas (USF).<\/p>\n<figure id=\"attachment_91424\" aria-describedby=\"caption-attachment-91424\" style=\"width: 580px\" class=\"wp-caption alignnone\"><img data-recalc-dims=\"1\" loading=\"lazy\" decoding=\"async\" class=\"size-full wp-image-91424\" src=\"https:\/\/i0.wp.com\/www.eltrabajo.cl\/portal\/wp-content\/uploads\/2019\/04\/uni-melipilla.jpg?resize=580%2C360\" alt=\"Uni\u00f3n San Felipe fue dominante de principio a fin en el duelo del s\u00e1bado frente a Melipilla.\" width=\"580\" height=\"360\" srcset=\"https:\/\/i0.wp.com\/eltrabajo.cl\/portal\/wp-content\/uploads\/2019\/04\/uni-melipilla.jpg?w=580&amp;ssl=1 580w, https:\/\/i0.wp.com\/eltrabajo.cl\/portal\/wp-content\/uploads\/2019\/04\/uni-melipilla.jpg?resize=200%2C124&amp;ssl=1 200w, https:\/\/i0.wp.com\/eltrabajo.cl\/portal\/wp-content\/uploads\/2019\/04\/uni-melipilla.jpg?resize=300%2C186&amp;ssl=1 300w, https:\/\/i0.wp.com\/eltrabajo.cl\/portal\/wp-content\/uploads\/2019\/04\/uni-melipilla.jpg?resize=242%2C150&amp;ssl=1 242w, https:\/\/i0.wp.com\/eltrabajo.cl\/portal\/wp-content\/uploads\/2019\/04\/uni-melipilla.jpg?resize=400%2C248&amp;ssl=1 400w\" sizes=\"auto, (max-width: 580px) 100vw, 580px\" \/><figcaption id=\"caption-attachment-91424\" class=\"wp-caption-text\">Uni\u00f3n San Felipe fue dominante de principio a fin en el duelo del s\u00e1bado frente a Melipilla.<\/figcaption><\/figure>\n<figure id=\"attachment_91425\" aria-describedby=\"caption-attachment-91425\" style=\"width: 580px\" class=\"wp-caption alignnone\"><img data-recalc-dims=\"1\" loading=\"lazy\" decoding=\"async\" class=\"size-full wp-image-91425\" src=\"https:\/\/i0.wp.com\/www.eltrabajo.cl\/portal\/wp-content\/uploads\/2019\/04\/uni-melipilla-1.jpg?resize=580%2C360\" alt=\"Ocho partidos en el torneo oficial y uno en la Copa Chile debieron pasar para que Uni\u00f3n San Felipe pudiera festejar por vez primera esta temporada.\" width=\"580\" height=\"360\" srcset=\"https:\/\/i0.wp.com\/eltrabajo.cl\/portal\/wp-content\/uploads\/2019\/04\/uni-melipilla-1.jpg?w=580&amp;ssl=1 580w, https:\/\/i0.wp.com\/eltrabajo.cl\/portal\/wp-content\/uploads\/2019\/04\/uni-melipilla-1.jpg?resize=200%2C124&amp;ssl=1 200w, https:\/\/i0.wp.com\/eltrabajo.cl\/portal\/wp-content\/uploads\/2019\/04\/uni-melipilla-1.jpg?resize=300%2C186&amp;ssl=1 300w, https:\/\/i0.wp.com\/eltrabajo.cl\/portal\/wp-content\/uploads\/2019\/04\/uni-melipilla-1.jpg?resize=242%2C150&amp;ssl=1 242w, https:\/\/i0.wp.com\/eltrabajo.cl\/portal\/wp-content\/uploads\/2019\/04\/uni-melipilla-1.jpg?resize=400%2C248&amp;ssl=1 400w\" sizes=\"auto, (max-width: 580px) 100vw, 580px\" \/><figcaption id=\"caption-attachment-91425\" class=\"wp-caption-text\">Ocho partidos en el torneo oficial y uno en la Copa Chile debieron pasar para que Uni\u00f3n San Felipe pudiera festejar por vez primera esta temporada.<\/figcaption><\/figure>\n<figure id=\"attachment_91426\" aria-describedby=\"caption-attachment-91426\" style=\"width: 580px\" class=\"wp-caption alignnone\"><img data-recalc-dims=\"1\" loading=\"lazy\" decoding=\"async\" class=\"size-full wp-image-91426\" src=\"https:\/\/i0.wp.com\/www.eltrabajo.cl\/portal\/wp-content\/uploads\/2019\/04\/uni-brian-cortes.jpg?resize=580%2C360\" alt=\"Brian Cort\u00e9s fue el encargado de abrir la cuenta, el volante central mostr\u00f3 despliegue, marca f\u00e9rrea y una salida limpia. \" width=\"580\" height=\"360\" srcset=\"https:\/\/i0.wp.com\/eltrabajo.cl\/portal\/wp-content\/uploads\/2019\/04\/uni-brian-cortes.jpg?w=580&amp;ssl=1 580w, https:\/\/i0.wp.com\/eltrabajo.cl\/portal\/wp-content\/uploads\/2019\/04\/uni-brian-cortes.jpg?resize=200%2C124&amp;ssl=1 200w, https:\/\/i0.wp.com\/eltrabajo.cl\/portal\/wp-content\/uploads\/2019\/04\/uni-brian-cortes.jpg?resize=300%2C186&amp;ssl=1 300w, https:\/\/i0.wp.com\/eltrabajo.cl\/portal\/wp-content\/uploads\/2019\/04\/uni-brian-cortes.jpg?resize=242%2C150&amp;ssl=1 242w, https:\/\/i0.wp.com\/eltrabajo.cl\/portal\/wp-content\/uploads\/2019\/04\/uni-brian-cortes.jpg?resize=400%2C248&amp;ssl=1 400w\" sizes=\"auto, (max-width: 580px) 100vw, 580px\" \/><figcaption id=\"caption-attachment-91426\" class=\"wp-caption-text\">Brian Cort\u00e9s fue el encargado de abrir la cuenta, el volante central mostr\u00f3 despliegue, marca f\u00e9rrea y una salida limpia.<\/figcaption><\/figure>\n","protected":false},"excerpt":{"rendered":"<p>En el que sin lugar a dudas fue su mejor presentaci\u00f3n en todo lo que va de la actual temporada, Uni\u00f3n San Felipe super\u00f3 por 2 a 0 a Deportes Melipilla, en&#8230;<\/p>\n","protected":false},"author":482,"featured_media":91424,"comment_status":"open","ping_status":"open","sticky":false,"template":"","format":"standard","meta":{"advanced_seo_description":"","jetpack_seo_html_title":"","jetpack_seo_noindex":false,"_jetpack_memberships_contains_paid_content":false,"footnotes":""},"categories":[19],"tags":[],"class_list":["post-91423","post","type-post","status-publish","format-standard","has-post-thumbnail","hentry","category-deportes"],"jetpack_featured_media_url":"https:\/\/i0.wp.com\/eltrabajo.cl\/portal\/wp-content\/uploads\/2019\/04\/uni-melipilla.jpg?fit=580%2C360&ssl=1","jetpack_sharing_enabled":true,"jetpack_likes_enabled":true,"jetpack-related-posts":[],"_links":{"self":[{"href":"https:\/\/eltrabajo.cl\/portal\/wp-json\/wp\/v2\/posts\/91423","targetHints":{"allow":["GET"]}}],"collection":[{"href":"https:\/\/eltrabajo.cl\/portal\/wp-json\/wp\/v2\/posts"}],"about":[{"href":"https:\/\/eltrabajo.cl\/portal\/wp-json\/wp\/v2\/types\/post"}],"author":[{"embeddable":true,"href":"https:\/\/eltrabajo.cl\/portal\/wp-json\/wp\/v2\/users\/482"}],"replies":[{"embeddable":true,"href":"https:\/\/eltrabajo.cl\/portal\/wp-json\/wp\/v2\/comments?post=91423"}],"version-history":[{"count":0,"href":"https:\/\/eltrabajo.cl\/portal\/wp-json\/wp\/v2\/posts\/91423\/revisions"}],"wp:featuredmedia":[{"embeddable":true,"href":"https:\/\/eltrabajo.cl\/portal\/wp-json\/wp\/v2\/media\/91424"}],"wp:attachment":[{"href":"https:\/\/eltrabajo.cl\/portal\/wp-json\/wp\/v2\/media?parent=91423"}],"wp:term":[{"taxonomy":"category","embeddable":true,"href":"https:\/\/eltrabajo.cl\/portal\/wp-json\/wp\/v2\/categories?post=91423"},{"taxonomy":"post_tag","embeddable":true,"href":"https:\/\/eltrabajo.cl\/portal\/wp-json\/wp\/v2\/tags?post=91423"}],"curies":[{"name":"wp","href":"https:\/\/api.w.org\/{rel}","templated":true}]}}