{"id":91438,"date":"2019-04-16T05:00:38","date_gmt":"2019-04-16T09:00:38","guid":{"rendered":"http:\/\/www.eltrabajo.cl\/portal\/?p=91438"},"modified":"2019-04-15T23:18:32","modified_gmt":"2019-04-16T03:18:32","slug":"imparables-chicas-del-san-felipe-voley-clasifican-a-la-serie-a-de-liname","status":"publish","type":"post","link":"https:\/\/eltrabajo.cl\/portal\/imparables-chicas-del-san-felipe-voley-clasifican-a-la-serie-a-de-liname\/","title":{"rendered":"Imparables chicas del San Felipe V\u00f3ley clasifican a la serie A de Liname"},"content":{"rendered":"<p><span style=\"color: #ff0000;\"><strong>Matilda P\u00e1ez, Mejor Ataque y Mejor Jugadora del torneo:<\/strong><\/span><\/p>\n<p>Nuevamente esta semana las chicas del San Felipe V\u00f3ley, pero en esta ocasi\u00f3n de la categor\u00eda U14, son noticia en Diario El Trabajo, clasificando a la serie A de la Liga Nacional de Menores de la Federaci\u00f3n de Voleibol de Chile, con lo cual se convierten en la tercera categor\u00eda que competir\u00e1 con los mejores equipos que integran la liga nacional chilena.<\/p>\n<p><span style=\"color: #ff0000;\"><strong>NUESTRAS CAMPEONAS<\/strong><\/span><br \/>\nLuego de una disputada competencia que se llev\u00f3 a cabo en nuestra ciudad, las voleibolistas sanfelipe\u00f1as se enfrentaron a las seleccionadas de los equipos de Colegio Ingl\u00e9s de Talca; Club V\u00f3leibol de Curic\u00f3; Club Universidad de Concepci\u00f3n; Club Bicentenario de Rengo y el Club Manquehue, de Santiago, nuestras deportistas sanfelipe\u00f1as se coronaron campeonas de la etapa clasificatoria, logrando adem\u00e1s la clasificaci\u00f3n a la serie A de la categor\u00eda.<\/p>\n<p><span style=\"color: #ff0000;\"><strong>ELLA ES LA MEJOR<\/strong><\/span><br \/>\nEn esta ocasi\u00f3n la jugadora local, Matilda P\u00e1ez Garc\u00eda, fue premiada como Mejor Ataque y Mejor Jugadora del torneo, la joven deportista habl\u00f3 con Diario El Trabajo para compartir con nuestros lectores esta nueva haza\u00f1a deportiva, \u00abestoy muy contenta con los resultados del club, ya que pertenezco al club desde sus inicios, mi formador es Carlos Mercado a quien agradezco mi formaci\u00f3n como voleibolista. Respecto al campeonato, puedo decir que estuvo a muy buen nivel, como equipo quedamos muy contentas con nuestro juego y resultados, que nos permiti\u00f3 ocupar el primer lugar en el campeonato y clasificar a la serie A U14 de la Liga Nacional de Menores (\u2026) Quiero agradecer a los entrenadores por elegirme como mejor ataque y mejor jugadora de este campeonato, quiero agradecer adem\u00e1s el apoyo brindado por nuestros padres y apoderados\u00bb, dijo P\u00e1ez.<br \/>\nCarlos Mercado, uno de los entrenadores y creador del club, tambi\u00e9n convers\u00f3 con nuestro medio, \u00abestamos muy conformes y orgullosos de nuestras jugadoras, ya que con el resultado de este fin de semana logramos que las tres categor\u00edas que tenemos compitiendo en la Liga Nacional de Menores clasifiquen a la serie A de sus respectivas categor\u00edas, con lo cual estaremos compitiendo con los mejores equipos a nivel nacional. Las ni\u00f1as de la U14 realizaron un gran campeonato clasificatorio, coron\u00e1ndose campeonas sin perder ning\u00fan set\u00bb, indic\u00f3 el profesional.<br \/>\n<strong>Roberto Gonz\u00e1lez Short<\/strong><\/p>\n<figure id=\"attachment_91439\" aria-describedby=\"caption-attachment-91439\" style=\"width: 580px\" class=\"wp-caption alignnone\"><img data-recalc-dims=\"1\" loading=\"lazy\" decoding=\"async\" class=\"size-full wp-image-91439\" src=\"https:\/\/i0.wp.com\/www.eltrabajo.cl\/portal\/wp-content\/uploads\/2019\/04\/Voley1.jpg?resize=580%2C359\" alt=\"VAN POR M\u00c1S.- Estas jovencitas ya est\u00e1n en las mejores ligas del v\u00f3leibol nacional, les deseamos la mejor de las suertes este a\u00f1o.\" width=\"580\" height=\"359\" srcset=\"https:\/\/i0.wp.com\/eltrabajo.cl\/portal\/wp-content\/uploads\/2019\/04\/Voley1.jpg?w=580&amp;ssl=1 580w, https:\/\/i0.wp.com\/eltrabajo.cl\/portal\/wp-content\/uploads\/2019\/04\/Voley1.jpg?resize=200%2C124&amp;ssl=1 200w, https:\/\/i0.wp.com\/eltrabajo.cl\/portal\/wp-content\/uploads\/2019\/04\/Voley1.jpg?resize=300%2C186&amp;ssl=1 300w, https:\/\/i0.wp.com\/eltrabajo.cl\/portal\/wp-content\/uploads\/2019\/04\/Voley1.jpg?resize=242%2C150&amp;ssl=1 242w, https:\/\/i0.wp.com\/eltrabajo.cl\/portal\/wp-content\/uploads\/2019\/04\/Voley1.jpg?resize=400%2C248&amp;ssl=1 400w\" sizes=\"auto, (max-width: 580px) 100vw, 580px\" \/><figcaption id=\"caption-attachment-91439\" class=\"wp-caption-text\">VAN POR M\u00c1S.- Estas jovencitas ya est\u00e1n en las mejores ligas del v\u00f3leibol nacional, les deseamos la mejor de las suertes este a\u00f1o.<\/figcaption><\/figure>\n<figure id=\"attachment_91440\" aria-describedby=\"caption-attachment-91440\" style=\"width: 579px\" class=\"wp-caption alignnone\"><img data-recalc-dims=\"1\" loading=\"lazy\" decoding=\"async\" class=\"size-full wp-image-91440\" src=\"https:\/\/i0.wp.com\/www.eltrabajo.cl\/portal\/wp-content\/uploads\/2019\/04\/Voley_Matilda-Paez-Garcia.jpg?resize=579%2C689\" alt=\"Matilda P\u00e1ez, la mejor jugadora del club pero la m\u00e1s fiel al juego en equipo.\" width=\"579\" height=\"689\" srcset=\"https:\/\/i0.wp.com\/eltrabajo.cl\/portal\/wp-content\/uploads\/2019\/04\/Voley_Matilda-Paez-Garcia.jpg?w=579&amp;ssl=1 579w, https:\/\/i0.wp.com\/eltrabajo.cl\/portal\/wp-content\/uploads\/2019\/04\/Voley_Matilda-Paez-Garcia.jpg?resize=126%2C150&amp;ssl=1 126w, https:\/\/i0.wp.com\/eltrabajo.cl\/portal\/wp-content\/uploads\/2019\/04\/Voley_Matilda-Paez-Garcia.jpg?resize=252%2C300&amp;ssl=1 252w, https:\/\/i0.wp.com\/eltrabajo.cl\/portal\/wp-content\/uploads\/2019\/04\/Voley_Matilda-Paez-Garcia.jpg?resize=400%2C476&amp;ssl=1 400w\" sizes=\"auto, (max-width: 579px) 100vw, 579px\" \/><figcaption id=\"caption-attachment-91440\" class=\"wp-caption-text\">Matilda P\u00e1ez, la mejor jugadora del club pero la m\u00e1s fiel al juego en equipo.<\/figcaption><\/figure>\n","protected":false},"excerpt":{"rendered":"<p>Matilda P\u00e1ez, Mejor Ataque y Mejor Jugadora del torneo: Nuevamente esta semana las chicas del San Felipe V\u00f3ley, pero en esta ocasi\u00f3n de la categor\u00eda U14, son noticia en Diario El Trabajo,&#8230;<\/p>\n","protected":false},"author":482,"featured_media":91439,"comment_status":"open","ping_status":"open","sticky":false,"template":"","format":"standard","meta":{"advanced_seo_description":"","jetpack_seo_html_title":"","jetpack_seo_noindex":false,"_jetpack_memberships_contains_paid_content":false,"footnotes":""},"categories":[19],"tags":[],"class_list":["post-91438","post","type-post","status-publish","format-standard","has-post-thumbnail","hentry","category-deportes"],"jetpack_featured_media_url":"https:\/\/i0.wp.com\/eltrabajo.cl\/portal\/wp-content\/uploads\/2019\/04\/Voley1.jpg?fit=580%2C359&ssl=1","jetpack_sharing_enabled":true,"jetpack_likes_enabled":true,"jetpack-related-posts":[],"_links":{"self":[{"href":"https:\/\/eltrabajo.cl\/portal\/wp-json\/wp\/v2\/posts\/91438","targetHints":{"allow":["GET"]}}],"collection":[{"href":"https:\/\/eltrabajo.cl\/portal\/wp-json\/wp\/v2\/posts"}],"about":[{"href":"https:\/\/eltrabajo.cl\/portal\/wp-json\/wp\/v2\/types\/post"}],"author":[{"embeddable":true,"href":"https:\/\/eltrabajo.cl\/portal\/wp-json\/wp\/v2\/users\/482"}],"replies":[{"embeddable":true,"href":"https:\/\/eltrabajo.cl\/portal\/wp-json\/wp\/v2\/comments?post=91438"}],"version-history":[{"count":0,"href":"https:\/\/eltrabajo.cl\/portal\/wp-json\/wp\/v2\/posts\/91438\/revisions"}],"wp:featuredmedia":[{"embeddable":true,"href":"https:\/\/eltrabajo.cl\/portal\/wp-json\/wp\/v2\/media\/91439"}],"wp:attachment":[{"href":"https:\/\/eltrabajo.cl\/portal\/wp-json\/wp\/v2\/media?parent=91438"}],"wp:term":[{"taxonomy":"category","embeddable":true,"href":"https:\/\/eltrabajo.cl\/portal\/wp-json\/wp\/v2\/categories?post=91438"},{"taxonomy":"post_tag","embeddable":true,"href":"https:\/\/eltrabajo.cl\/portal\/wp-json\/wp\/v2\/tags?post=91438"}],"curies":[{"name":"wp","href":"https:\/\/api.w.org\/{rel}","templated":true}]}}