{"id":91446,"date":"2019-04-16T05:02:46","date_gmt":"2019-04-16T09:02:46","guid":{"rendered":"http:\/\/www.eltrabajo.cl\/portal\/?p=91446"},"modified":"2019-04-15T23:21:55","modified_gmt":"2019-04-16T03:21:55","slug":"david-fernandez-llego-a-los-300-partidos-vistiendo-de-albirrojo","status":"publish","type":"post","link":"https:\/\/eltrabajo.cl\/portal\/david-fernandez-llego-a-los-300-partidos-vistiendo-de-albirrojo\/","title":{"rendered":"David Fern\u00e1ndez lleg\u00f3 a los 300 partidos vistiendo de albirrojo"},"content":{"rendered":"<p>En el juego del s\u00e1bado reci\u00e9n pasado frente a Melipilla, hubo un hecho casi hist\u00f3rico para Uni\u00f3n San Felipe, y ese fue el que su defensor central y capit\u00e1n, David Fern\u00e1ndez, lleg\u00f3 a su partido n\u00famero 300 vistiendo la divisa albirroja.<br \/>\nEl zaguero que ya ha alcanzado la estatura de \u00eddolo para la fanaticada albirrojo, tiene 32 a\u00f1os de edad (05-06- 1986) e hizo su debut en el profesionalismo el a\u00f1o 2005, y aunque ha jugado en otros clubes (Concepci\u00f3n, Everton), los mejores y m\u00e1s importantes momentos de su carrera profesional los ha tenido en el Un\u00ed Un\u00ed.<br \/>\nCon motivo de ese acontecimiento, el capit\u00e1n albirrojo fue objeto de un breve pero emotivo homenaje de parte de la dirigencia que le obsequi\u00f3 una camiseta con el numero 300 en el dorso. \u201cTengo mucha felicidad por eso (llegar a esa cifra), pero les dije a mis compa\u00f1eros que lo importante era el triunfo\u201d, se\u00f1al\u00f3 Fern\u00e1ndez, manteniendo de paso su acostumbrada calma y mesura cada vez que enfrenta una grabadora.<br \/>\nEl referente y ahora jugador hist\u00f3rico del Un\u00ed Un\u00ed, se muestra confiado en que el equipo saldr\u00e1 adelante y est\u00e1 convencido que el repunte se inici\u00f3 con el triunfo sobre Melipilla. \u201cFue un partido redondo, al fin se dio lo que ven\u00edamos buscando hace mucho rato y que por lo dem\u00e1s lo necesit\u00e1bamos mucho\u201d, coment\u00f3.<\/p>\n<figure id=\"attachment_91447\" aria-describedby=\"caption-attachment-91447\" style=\"width: 580px\" class=\"wp-caption alignnone\"><img data-recalc-dims=\"1\" loading=\"lazy\" decoding=\"async\" class=\"size-full wp-image-91447\" src=\"https:\/\/i0.wp.com\/www.eltrabajo.cl\/portal\/wp-content\/uploads\/2019\/04\/david.jpg?resize=580%2C360\" alt=\"El capit\u00e1n recibi\u00f3 un merecido homenaje por su partido n\u00famero 300 defendiendo al Un\u00ed Un\u00ed.\" width=\"580\" height=\"360\" srcset=\"https:\/\/i0.wp.com\/eltrabajo.cl\/portal\/wp-content\/uploads\/2019\/04\/david.jpg?w=580&amp;ssl=1 580w, https:\/\/i0.wp.com\/eltrabajo.cl\/portal\/wp-content\/uploads\/2019\/04\/david.jpg?resize=200%2C124&amp;ssl=1 200w, https:\/\/i0.wp.com\/eltrabajo.cl\/portal\/wp-content\/uploads\/2019\/04\/david.jpg?resize=300%2C186&amp;ssl=1 300w, https:\/\/i0.wp.com\/eltrabajo.cl\/portal\/wp-content\/uploads\/2019\/04\/david.jpg?resize=242%2C150&amp;ssl=1 242w, https:\/\/i0.wp.com\/eltrabajo.cl\/portal\/wp-content\/uploads\/2019\/04\/david.jpg?resize=400%2C248&amp;ssl=1 400w\" sizes=\"auto, (max-width: 580px) 100vw, 580px\" \/><figcaption id=\"caption-attachment-91447\" class=\"wp-caption-text\">El capit\u00e1n recibi\u00f3 un merecido homenaje por su partido n\u00famero 300 defendiendo al Un\u00ed Un\u00ed.<\/figcaption><\/figure>\n","protected":false},"excerpt":{"rendered":"<p>En el juego del s\u00e1bado reci\u00e9n pasado frente a Melipilla, hubo un hecho casi hist\u00f3rico para Uni\u00f3n San Felipe, y ese fue el que su defensor central y capit\u00e1n, David Fern\u00e1ndez, lleg\u00f3&#8230;<\/p>\n","protected":false},"author":482,"featured_media":91447,"comment_status":"open","ping_status":"open","sticky":false,"template":"","format":"standard","meta":{"advanced_seo_description":"","jetpack_seo_html_title":"","jetpack_seo_noindex":false,"_jetpack_memberships_contains_paid_content":false,"footnotes":""},"categories":[19],"tags":[],"class_list":["post-91446","post","type-post","status-publish","format-standard","has-post-thumbnail","hentry","category-deportes"],"jetpack_featured_media_url":"https:\/\/i0.wp.com\/eltrabajo.cl\/portal\/wp-content\/uploads\/2019\/04\/david.jpg?fit=580%2C360&ssl=1","jetpack_sharing_enabled":true,"jetpack_likes_enabled":true,"jetpack-related-posts":[],"_links":{"self":[{"href":"https:\/\/eltrabajo.cl\/portal\/wp-json\/wp\/v2\/posts\/91446","targetHints":{"allow":["GET"]}}],"collection":[{"href":"https:\/\/eltrabajo.cl\/portal\/wp-json\/wp\/v2\/posts"}],"about":[{"href":"https:\/\/eltrabajo.cl\/portal\/wp-json\/wp\/v2\/types\/post"}],"author":[{"embeddable":true,"href":"https:\/\/eltrabajo.cl\/portal\/wp-json\/wp\/v2\/users\/482"}],"replies":[{"embeddable":true,"href":"https:\/\/eltrabajo.cl\/portal\/wp-json\/wp\/v2\/comments?post=91446"}],"version-history":[{"count":0,"href":"https:\/\/eltrabajo.cl\/portal\/wp-json\/wp\/v2\/posts\/91446\/revisions"}],"wp:featuredmedia":[{"embeddable":true,"href":"https:\/\/eltrabajo.cl\/portal\/wp-json\/wp\/v2\/media\/91447"}],"wp:attachment":[{"href":"https:\/\/eltrabajo.cl\/portal\/wp-json\/wp\/v2\/media?parent=91446"}],"wp:term":[{"taxonomy":"category","embeddable":true,"href":"https:\/\/eltrabajo.cl\/portal\/wp-json\/wp\/v2\/categories?post=91446"},{"taxonomy":"post_tag","embeddable":true,"href":"https:\/\/eltrabajo.cl\/portal\/wp-json\/wp\/v2\/tags?post=91446"}],"curies":[{"name":"wp","href":"https:\/\/api.w.org\/{rel}","templated":true}]}}