{"id":91557,"date":"2019-04-23T05:00:02","date_gmt":"2019-04-23T09:00:02","guid":{"rendered":"http:\/\/www.eltrabajo.cl\/portal\/?p=91557"},"modified":"2019-04-22T20:57:24","modified_gmt":"2019-04-23T00:57:24","slug":"juvenil-del-uni-uni-integrara-una-seleccion-chilena-en-un-torneo-en-finlandia","status":"publish","type":"post","link":"https:\/\/eltrabajo.cl\/portal\/juvenil-del-uni-uni-integrara-una-seleccion-chilena-en-un-torneo-en-finlandia\/","title":{"rendered":"Juvenil del Un\u00ed Un\u00ed integrar\u00e1 una selecci\u00f3n chilena en un torneo en Finlandia"},"content":{"rendered":"<p>Entre el viernes 26 y 30 del presente mes, en la ciudad de Eerikkila, en Finlandia, se realizar\u00e1 un torneo de desarrollo UEFA U16 en el que intervendr\u00e1n las selecciones de Chile, Suiza y Corea del Sur y Finlandia.<br \/>\nPara dicho evento internacional, el seleccionar chileno Cristian Leiva nomin\u00f3 jugadores de las series U15 y U16 de Chile, entre los que se encuentra el cadete perteneciente a las filas de Uni\u00f3n San Felipe, Basti\u00e1n Roco.<br \/>\nEl juvenil del Un\u00ed Un\u00ed ha sido parte de varios microciclos de entrenamientos del combinado nacional, por lo que esta experiencia no es nueva para \u00e9l, ya que tambi\u00e9n ha sido parte de otras incursiones internacionales con la \u2018rojita de todos\u2019.<br \/>\nEl cronograma de los partidos que jugar\u00e1 Chile en Finlandia es el siguiente:<br \/>\nViernes 26.- 6:00 horas: Chile \u2013 Corea del Sur<br \/>\nDomingo 28.- 9:00 horas: Chile \u2013 Suiza<br \/>\nMartes 30.- 4:00 horas: Chile \u2013 Finlandia<\/p>\n<figure id=\"attachment_91558\" aria-describedby=\"caption-attachment-91558\" style=\"width: 580px\" class=\"wp-caption alignnone\"><img data-recalc-dims=\"1\" loading=\"lazy\" decoding=\"async\" class=\"size-full wp-image-91558\" src=\"https:\/\/i0.wp.com\/www.eltrabajo.cl\/portal\/wp-content\/uploads\/2019\/04\/seba-roco.jpg?resize=580%2C360\" alt=\"Basti\u00e1n Roco es defensor central y uno de los mayores proyectos de las series inferiores del Un\u00ed Un\u00ed.\" width=\"580\" height=\"360\" srcset=\"https:\/\/i0.wp.com\/eltrabajo.cl\/portal\/wp-content\/uploads\/2019\/04\/seba-roco.jpg?w=580&amp;ssl=1 580w, https:\/\/i0.wp.com\/eltrabajo.cl\/portal\/wp-content\/uploads\/2019\/04\/seba-roco.jpg?resize=200%2C124&amp;ssl=1 200w, https:\/\/i0.wp.com\/eltrabajo.cl\/portal\/wp-content\/uploads\/2019\/04\/seba-roco.jpg?resize=300%2C186&amp;ssl=1 300w, https:\/\/i0.wp.com\/eltrabajo.cl\/portal\/wp-content\/uploads\/2019\/04\/seba-roco.jpg?resize=242%2C150&amp;ssl=1 242w, https:\/\/i0.wp.com\/eltrabajo.cl\/portal\/wp-content\/uploads\/2019\/04\/seba-roco.jpg?resize=400%2C248&amp;ssl=1 400w\" sizes=\"auto, (max-width: 580px) 100vw, 580px\" \/><figcaption id=\"caption-attachment-91558\" class=\"wp-caption-text\">Basti\u00e1n Roco es defensor central y uno de los mayores proyectos de las series inferiores del Un\u00ed Un\u00ed.<\/figcaption><\/figure>\n","protected":false},"excerpt":{"rendered":"<p>Entre el viernes 26 y 30 del presente mes, en la ciudad de Eerikkila, en Finlandia, se realizar\u00e1 un torneo de desarrollo UEFA U16 en el que intervendr\u00e1n las selecciones de Chile,&#8230;<\/p>\n","protected":false},"author":482,"featured_media":91558,"comment_status":"open","ping_status":"open","sticky":false,"template":"","format":"standard","meta":{"advanced_seo_description":"","jetpack_seo_html_title":"","jetpack_seo_noindex":false,"_jetpack_memberships_contains_paid_content":false,"footnotes":""},"categories":[19],"tags":[],"class_list":["post-91557","post","type-post","status-publish","format-standard","has-post-thumbnail","hentry","category-deportes"],"jetpack_featured_media_url":"https:\/\/i0.wp.com\/eltrabajo.cl\/portal\/wp-content\/uploads\/2019\/04\/seba-roco.jpg?fit=580%2C360&ssl=1","jetpack_sharing_enabled":true,"jetpack_likes_enabled":true,"jetpack-related-posts":[],"_links":{"self":[{"href":"https:\/\/eltrabajo.cl\/portal\/wp-json\/wp\/v2\/posts\/91557","targetHints":{"allow":["GET"]}}],"collection":[{"href":"https:\/\/eltrabajo.cl\/portal\/wp-json\/wp\/v2\/posts"}],"about":[{"href":"https:\/\/eltrabajo.cl\/portal\/wp-json\/wp\/v2\/types\/post"}],"author":[{"embeddable":true,"href":"https:\/\/eltrabajo.cl\/portal\/wp-json\/wp\/v2\/users\/482"}],"replies":[{"embeddable":true,"href":"https:\/\/eltrabajo.cl\/portal\/wp-json\/wp\/v2\/comments?post=91557"}],"version-history":[{"count":0,"href":"https:\/\/eltrabajo.cl\/portal\/wp-json\/wp\/v2\/posts\/91557\/revisions"}],"wp:featuredmedia":[{"embeddable":true,"href":"https:\/\/eltrabajo.cl\/portal\/wp-json\/wp\/v2\/media\/91558"}],"wp:attachment":[{"href":"https:\/\/eltrabajo.cl\/portal\/wp-json\/wp\/v2\/media?parent=91557"}],"wp:term":[{"taxonomy":"category","embeddable":true,"href":"https:\/\/eltrabajo.cl\/portal\/wp-json\/wp\/v2\/categories?post=91557"},{"taxonomy":"post_tag","embeddable":true,"href":"https:\/\/eltrabajo.cl\/portal\/wp-json\/wp\/v2\/tags?post=91557"}],"curies":[{"name":"wp","href":"https:\/\/api.w.org\/{rel}","templated":true}]}}