{"id":91572,"date":"2019-04-23T05:04:09","date_gmt":"2019-04-23T09:04:09","guid":{"rendered":"http:\/\/www.eltrabajo.cl\/portal\/?p=91572"},"modified":"2019-04-22T21:06:40","modified_gmt":"2019-04-23T01:06:40","slug":"pullman-bus-deja-botados-a-cientos-de-pasajeros-que-viajaban-a-santiago","status":"publish","type":"post","link":"https:\/\/eltrabajo.cl\/portal\/pullman-bus-deja-botados-a-cientos-de-pasajeros-que-viajaban-a-santiago\/","title":{"rendered":"Pullman Bus deja \u2018botados\u2019 a cientos de pasajeros que viajaban a Santiago"},"content":{"rendered":"<p><span style=\"color: #ff0000;\"><strong>Empresa no prest\u00f3 servicio ni dio explicaciones:<\/strong><\/span><\/p>\n<p>Un caos total se vivi\u00f3 ayer en la ma\u00f1ana en el terminal rodoviario de buses de San Felipe. Todo porque la empresa Pullman Bus dej\u00f3 a cientos de pasajeros literalmente \u2018botados\u2019. Debido a que las frecuencia de salidas hacia Santiago dur\u00f3 hasta la siete de la ma\u00f1ana. Despu\u00e9s se paraliz\u00f3 todo, provocando ofuscaci\u00f3n, impotencia, rabia en los pasajeros. Muchos de ellos teniendo que entrar a trabajar, cumplir con horas m\u00e9dicas, reuniones importantes de trabajos. Otros tener que abordar otra locomoci\u00f3n al norte.<br \/>\nLo que m\u00e1s llam\u00f3 la atenci\u00f3n y molest\u00f3 fue que consultado personal de la agencia en la oficina, no ten\u00edan una versi\u00f3n oficial del problema.<br \/>\nNuestro medio capt\u00f3 algunos testimonios en el mismo lugar: \u00abNo han dado respuesta, tampoco nos han dado respuesta, reci\u00e9n se fue el de las siete de la ma\u00f1ana, seguimos esperando y uno se acerca a la venta no te dicen nada, cero informaci\u00f3n, cero empat\u00eda, horrible. Yo trabajo en Santiago, me est\u00e1n esperando para una reuni\u00f3n s\u00faper importante, pero a ellos no les importa el tema del servicio que brindan, t\u00fa reclamas, no te dicen nada tampoco, cero, cero respuesta, cero empat\u00eda con la gente, mira est\u00e1 repleto, hay mucha, mucha gente\u00bb, dijo Katherine.<br \/>\nMarcelo, otro pasajero que deb\u00eda abordar una combinaci\u00f3n al norte, nos dijo: \u00abEstoy esperando desde un cuarto para las ocho y ten\u00eda bus a las ocho y son pasadas las ocho y media y no pasa nada, no pasa nada; han dicho que tienen problemas con las m\u00e1quinas, no dijeron qu\u00e9 problemas y ten\u00edan problemas con los horarios, esta situaci\u00f3n me parece mala porque yo tengo bus a las once porque me tengo que ir al norte a trabajar, tengo que llegar, hay una combinaci\u00f3n esper\u00e1ndome as\u00ed es que voy a ver qu\u00e9 va a pasar. Por \u00faltimo al peaje Las Vegas a esperar el bus que salga de Santiago al norte, estoy esperando hasta las nueve, sino voy a avisar a mi trabajo\u00bb, indic\u00f3.<br \/>\nOtro joven que viajaba a Santiago dijo que no es primera vez que sucede algo as\u00ed: \u00abTengo a las ocho y veinte minutos, no ha llegado, me parece mal porque no es primera vez que pasa, pas\u00f3 antes, la semana pasada ten\u00eda a las 08:20 y me fui como a las 09:00 de ac\u00e1, as\u00ed es que no es primera vez que sucede algo as\u00ed. La explicaci\u00f3n que dieron es que los buses llegan atrasados, que salen tarde de Santiago y ahora no he ido a consultar, pero consult\u00e9 a un caballero que estaba afuera y me dijo que todas las m\u00e1quinas estaba atrasadas porque hab\u00eda paro en Santiago. Yo estudio en Santiago y entro hoy d\u00eda (ayer) a las doce, me salv\u00e9 un poco, por eso viajo los lunes en la ma\u00f1ana\u00bb, dijo Jos\u00e9 Quiroz, estudiante.<br \/>\nOtro pasajero se\u00f1al\u00f3 que en el caso de \u00e9l estaba esperando desde 07:45 horas, porque ten\u00eda pasaje a las 08:00 horas: \u00abNo me han dado ninguna explicaci\u00f3n, pregunt\u00e9, hab\u00eda una persona antes y dijeron que los buses no estaban llegando, no sab\u00edan por qu\u00e9, me parece lamentable, salen como siempre, no se preocupan de la gente, no hay ning\u00fan inter\u00e9s, no hay respuestas claras, mala atenci\u00f3n, esto a m\u00ed por lo menos es primera vez que me sucede, voy por trabajo, avis\u00e9 por lo menos, el jefe entiende as\u00ed es que voy a llegar por lo menos con una hora de retraso\u00bb, nos dijo Marcelo.<br \/>\nPor su parte Hern\u00e1n Gonz\u00e1lez Figari nos dijo que en ese momento de la ma\u00f1ana estaba haciendo un contacto con la gente que distribuye los buses de Los Andes; \u00abcontact\u00e1ndome con la persona indicada y me est\u00e1 informando que no hay buses, hay una situaci\u00f3n, yo ahora estoy tratando de llamar a Santiago para poder ver la situaci\u00f3n que pasa con Pullman Bus, hay una informaci\u00f3n que dicen que est\u00e1n en huelga, otros que dicen que no tienen buses, a lo mejor los mandaron a otro lado, pero es una situaci\u00f3n que es primera vez que sucede en la cual dejaron sin servicio a una gran cantidad de gente que estaba en la ma\u00f1ana, y nos preocupamos de inmediato para ver, los ni\u00f1os de las oficinas tienen menos informaci\u00f3n que nosotros\u00bb, indic\u00f3.<\/p>\n<figure id=\"attachment_91576\" aria-describedby=\"caption-attachment-91576\" style=\"width: 580px\" class=\"wp-caption alignnone\"><img data-recalc-dims=\"1\" loading=\"lazy\" decoding=\"async\" class=\"size-full wp-image-91576\" src=\"https:\/\/i0.wp.com\/www.eltrabajo.cl\/portal\/wp-content\/uploads\/2019\/04\/Terminal.jpg?resize=580%2C360\" alt=\"Gran cantidad de personas esperando la pronta llegada de los buses la ma\u00f1ana de este lunes.\" width=\"580\" height=\"360\" srcset=\"https:\/\/i0.wp.com\/eltrabajo.cl\/portal\/wp-content\/uploads\/2019\/04\/Terminal.jpg?w=580&amp;ssl=1 580w, https:\/\/i0.wp.com\/eltrabajo.cl\/portal\/wp-content\/uploads\/2019\/04\/Terminal.jpg?resize=200%2C124&amp;ssl=1 200w, https:\/\/i0.wp.com\/eltrabajo.cl\/portal\/wp-content\/uploads\/2019\/04\/Terminal.jpg?resize=300%2C186&amp;ssl=1 300w, https:\/\/i0.wp.com\/eltrabajo.cl\/portal\/wp-content\/uploads\/2019\/04\/Terminal.jpg?resize=242%2C150&amp;ssl=1 242w, https:\/\/i0.wp.com\/eltrabajo.cl\/portal\/wp-content\/uploads\/2019\/04\/Terminal.jpg?resize=400%2C248&amp;ssl=1 400w\" sizes=\"auto, (max-width: 580px) 100vw, 580px\" \/><figcaption id=\"caption-attachment-91576\" class=\"wp-caption-text\">Gran cantidad de personas esperando la pronta llegada de los buses la ma\u00f1ana de este lunes.<\/figcaption><\/figure>\n<figure id=\"attachment_91573\" aria-describedby=\"caption-attachment-91573\" style=\"width: 580px\" class=\"wp-caption alignnone\"><img data-recalc-dims=\"1\" loading=\"lazy\" decoding=\"async\" class=\"size-full wp-image-91573\" src=\"https:\/\/i0.wp.com\/www.eltrabajo.cl\/portal\/wp-content\/uploads\/2019\/04\/Terminal-2.jpg?resize=580%2C359\" alt=\"Los pasajeros ya bastante impacientes esperan con sus bolsos frente a los andenes la llegada del bus que deb\u00eda llevarlos a su destino.\" width=\"580\" height=\"359\" srcset=\"https:\/\/i0.wp.com\/eltrabajo.cl\/portal\/wp-content\/uploads\/2019\/04\/Terminal-2.jpg?w=580&amp;ssl=1 580w, https:\/\/i0.wp.com\/eltrabajo.cl\/portal\/wp-content\/uploads\/2019\/04\/Terminal-2.jpg?resize=200%2C124&amp;ssl=1 200w, https:\/\/i0.wp.com\/eltrabajo.cl\/portal\/wp-content\/uploads\/2019\/04\/Terminal-2.jpg?resize=300%2C186&amp;ssl=1 300w, https:\/\/i0.wp.com\/eltrabajo.cl\/portal\/wp-content\/uploads\/2019\/04\/Terminal-2.jpg?resize=242%2C150&amp;ssl=1 242w, https:\/\/i0.wp.com\/eltrabajo.cl\/portal\/wp-content\/uploads\/2019\/04\/Terminal-2.jpg?resize=400%2C248&amp;ssl=1 400w\" sizes=\"auto, (max-width: 580px) 100vw, 580px\" \/><figcaption id=\"caption-attachment-91573\" class=\"wp-caption-text\">Los pasajeros ya bastante impacientes esperan con sus bolsos frente a los andenes la llegada del bus que deb\u00eda llevarlos a su destino.<\/figcaption><\/figure>\n<figure id=\"attachment_91574\" aria-describedby=\"caption-attachment-91574\" style=\"width: 580px\" class=\"wp-caption alignnone\"><img data-recalc-dims=\"1\" loading=\"lazy\" decoding=\"async\" class=\"size-full wp-image-91574\" src=\"https:\/\/i0.wp.com\/www.eltrabajo.cl\/portal\/wp-content\/uploads\/2019\/04\/Terminal-3.jpg?resize=580%2C358\" alt=\"Gran cantidad de pasajeros esperando al interior del terminal el bus de Pullman Bus.\" width=\"580\" height=\"358\" srcset=\"https:\/\/i0.wp.com\/eltrabajo.cl\/portal\/wp-content\/uploads\/2019\/04\/Terminal-3.jpg?w=580&amp;ssl=1 580w, https:\/\/i0.wp.com\/eltrabajo.cl\/portal\/wp-content\/uploads\/2019\/04\/Terminal-3.jpg?resize=200%2C123&amp;ssl=1 200w, https:\/\/i0.wp.com\/eltrabajo.cl\/portal\/wp-content\/uploads\/2019\/04\/Terminal-3.jpg?resize=300%2C185&amp;ssl=1 300w, https:\/\/i0.wp.com\/eltrabajo.cl\/portal\/wp-content\/uploads\/2019\/04\/Terminal-3.jpg?resize=243%2C150&amp;ssl=1 243w, https:\/\/i0.wp.com\/eltrabajo.cl\/portal\/wp-content\/uploads\/2019\/04\/Terminal-3.jpg?resize=400%2C247&amp;ssl=1 400w\" sizes=\"auto, (max-width: 580px) 100vw, 580px\" \/><figcaption id=\"caption-attachment-91574\" class=\"wp-caption-text\">Gran cantidad de pasajeros esperando al interior del terminal el bus de Pullman Bus.<\/figcaption><\/figure>\n<figure id=\"attachment_91575\" aria-describedby=\"caption-attachment-91575\" style=\"width: 580px\" class=\"wp-caption alignnone\"><img data-recalc-dims=\"1\" loading=\"lazy\" decoding=\"async\" class=\"size-full wp-image-91575\" src=\"https:\/\/i0.wp.com\/www.eltrabajo.cl\/portal\/wp-content\/uploads\/2019\/04\/Terminal-Hernan-Gonzalez-Administrador.jpg?resize=580%2C359\" alt=\"Hern\u00e1n Gonz\u00e1lez Figari, administrador del Terminal de Buses de San Felipe.\" width=\"580\" height=\"359\" srcset=\"https:\/\/i0.wp.com\/eltrabajo.cl\/portal\/wp-content\/uploads\/2019\/04\/Terminal-Hernan-Gonzalez-Administrador.jpg?w=580&amp;ssl=1 580w, https:\/\/i0.wp.com\/eltrabajo.cl\/portal\/wp-content\/uploads\/2019\/04\/Terminal-Hernan-Gonzalez-Administrador.jpg?resize=200%2C124&amp;ssl=1 200w, https:\/\/i0.wp.com\/eltrabajo.cl\/portal\/wp-content\/uploads\/2019\/04\/Terminal-Hernan-Gonzalez-Administrador.jpg?resize=300%2C186&amp;ssl=1 300w, https:\/\/i0.wp.com\/eltrabajo.cl\/portal\/wp-content\/uploads\/2019\/04\/Terminal-Hernan-Gonzalez-Administrador.jpg?resize=242%2C150&amp;ssl=1 242w, https:\/\/i0.wp.com\/eltrabajo.cl\/portal\/wp-content\/uploads\/2019\/04\/Terminal-Hernan-Gonzalez-Administrador.jpg?resize=400%2C248&amp;ssl=1 400w\" sizes=\"auto, (max-width: 580px) 100vw, 580px\" \/><figcaption id=\"caption-attachment-91575\" class=\"wp-caption-text\">Hern\u00e1n Gonz\u00e1lez Figari, administrador del Terminal de Buses de San Felipe.<\/figcaption><\/figure>\n","protected":false},"excerpt":{"rendered":"<p>Empresa no prest\u00f3 servicio ni dio explicaciones: Un caos total se vivi\u00f3 ayer en la ma\u00f1ana en el terminal rodoviario de buses de San Felipe. Todo porque la empresa Pullman Bus dej\u00f3&#8230;<\/p>\n","protected":false},"author":482,"featured_media":91576,"comment_status":"open","ping_status":"open","sticky":false,"template":"","format":"standard","meta":{"advanced_seo_description":"","jetpack_seo_html_title":"","jetpack_seo_noindex":false,"_jetpack_memberships_contains_paid_content":false,"footnotes":""},"categories":[1],"tags":[],"class_list":["post-91572","post","type-post","status-publish","format-standard","has-post-thumbnail","hentry","category-cronica"],"jetpack_featured_media_url":"https:\/\/i0.wp.com\/eltrabajo.cl\/portal\/wp-content\/uploads\/2019\/04\/Terminal.jpg?fit=580%2C360&ssl=1","jetpack_sharing_enabled":true,"jetpack_likes_enabled":true,"jetpack-related-posts":[],"_links":{"self":[{"href":"https:\/\/eltrabajo.cl\/portal\/wp-json\/wp\/v2\/posts\/91572","targetHints":{"allow":["GET"]}}],"collection":[{"href":"https:\/\/eltrabajo.cl\/portal\/wp-json\/wp\/v2\/posts"}],"about":[{"href":"https:\/\/eltrabajo.cl\/portal\/wp-json\/wp\/v2\/types\/post"}],"author":[{"embeddable":true,"href":"https:\/\/eltrabajo.cl\/portal\/wp-json\/wp\/v2\/users\/482"}],"replies":[{"embeddable":true,"href":"https:\/\/eltrabajo.cl\/portal\/wp-json\/wp\/v2\/comments?post=91572"}],"version-history":[{"count":0,"href":"https:\/\/eltrabajo.cl\/portal\/wp-json\/wp\/v2\/posts\/91572\/revisions"}],"wp:featuredmedia":[{"embeddable":true,"href":"https:\/\/eltrabajo.cl\/portal\/wp-json\/wp\/v2\/media\/91576"}],"wp:attachment":[{"href":"https:\/\/eltrabajo.cl\/portal\/wp-json\/wp\/v2\/media?parent=91572"}],"wp:term":[{"taxonomy":"category","embeddable":true,"href":"https:\/\/eltrabajo.cl\/portal\/wp-json\/wp\/v2\/categories?post=91572"},{"taxonomy":"post_tag","embeddable":true,"href":"https:\/\/eltrabajo.cl\/portal\/wp-json\/wp\/v2\/tags?post=91572"}],"curies":[{"name":"wp","href":"https:\/\/api.w.org\/{rel}","templated":true}]}}