{"id":91586,"date":"2019-04-24T05:00:43","date_gmt":"2019-04-24T09:00:43","guid":{"rendered":"http:\/\/www.eltrabajo.cl\/portal\/?p=91586"},"modified":"2019-04-23T20:22:02","modified_gmt":"2019-04-24T00:22:02","slug":"en-junio-llegara-el-mejor-xcm-de-chile-al-valle-de-aconcagua","status":"publish","type":"post","link":"https:\/\/eltrabajo.cl\/portal\/en-junio-llegara-el-mejor-xcm-de-chile-al-valle-de-aconcagua\/","title":{"rendered":"En junio llegar\u00e1 el mejor XCM de Chile al valle de Aconcagua"},"content":{"rendered":"<ul>\n<li><strong>La comuna de Santa Mar\u00eda ser\u00e1 escenario de una de las carreras m\u00e1s importantes y atractivas del pa\u00eds en el ciclismo extremo.<\/strong><\/li>\n<\/ul>\n<p>Para el domingo 23 de junio fue programada la segunda fecha del XCM 2019, evento que traer\u00e1 al valle de Aconcagua a los mejores exponentes del XCM (ciclismo en cerro) de Chile.<br \/>\nEl club G\u00e1rgolas SMA ser\u00e1 el anfitri\u00f3n de la jornada que dentro del calendario nacional es calificada como la m\u00e1s atractivas de todo el circuito nacional, debido a la calidad y dificultad t\u00e9cnica que presenta el trazado que pasa por los senderos del valle de Jahuel en Santa Mar\u00eda.<br \/>\nLas categor\u00edas que comprender\u00e1 la carrera son: F1 RST race, Rally, S\u00faper Rally y Epic series. \u201cSer\u00e1 una gran jornada, tenemos la experiencia para organizarla por lo que podemos garantizar que todo saldr\u00e1 perfecto, tal como ha sido antes donde hemos tra\u00eddo el mejor XCM nacional al valle\u201d, declar\u00f3 a El Trabajo Deportivo, el m\u00e1ximo dirigente del club G\u00e1rgolas SMA, Felipe L\u00f3pez, el que junto a sus colaboradores ya trabaja para superar en lo organizativo lo hecho por su club en a\u00f1os anteriores.<\/p>\n<figure id=\"attachment_91587\" aria-describedby=\"caption-attachment-91587\" style=\"width: 580px\" class=\"wp-caption alignnone\"><img data-recalc-dims=\"1\" loading=\"lazy\" decoding=\"async\" class=\"size-full wp-image-91587\" src=\"https:\/\/i0.wp.com\/www.eltrabajo.cl\/portal\/wp-content\/uploads\/2019\/04\/ciclismo.jpg?resize=580%2C360\" alt=\"La segunda fecha del circuito XCM 2019 se correr\u00e1 en junio en el sector Jahuel.\" width=\"580\" height=\"360\" srcset=\"https:\/\/i0.wp.com\/eltrabajo.cl\/portal\/wp-content\/uploads\/2019\/04\/ciclismo.jpg?w=580&amp;ssl=1 580w, https:\/\/i0.wp.com\/eltrabajo.cl\/portal\/wp-content\/uploads\/2019\/04\/ciclismo.jpg?resize=200%2C124&amp;ssl=1 200w, https:\/\/i0.wp.com\/eltrabajo.cl\/portal\/wp-content\/uploads\/2019\/04\/ciclismo.jpg?resize=300%2C186&amp;ssl=1 300w, https:\/\/i0.wp.com\/eltrabajo.cl\/portal\/wp-content\/uploads\/2019\/04\/ciclismo.jpg?resize=242%2C150&amp;ssl=1 242w, https:\/\/i0.wp.com\/eltrabajo.cl\/portal\/wp-content\/uploads\/2019\/04\/ciclismo.jpg?resize=400%2C248&amp;ssl=1 400w\" sizes=\"auto, (max-width: 580px) 100vw, 580px\" \/><figcaption id=\"caption-attachment-91587\" class=\"wp-caption-text\">La segunda fecha del circuito XCM 2019 se correr\u00e1 en junio en el sector Jahuel.<\/figcaption><\/figure>\n","protected":false},"excerpt":{"rendered":"<p>La comuna de Santa Mar\u00eda ser\u00e1 escenario de una de las carreras m\u00e1s importantes y atractivas del pa\u00eds en el ciclismo extremo. Para el domingo 23 de junio fue programada la segunda&#8230;<\/p>\n","protected":false},"author":482,"featured_media":91587,"comment_status":"open","ping_status":"open","sticky":false,"template":"","format":"standard","meta":{"advanced_seo_description":"","jetpack_seo_html_title":"","jetpack_seo_noindex":false,"_jetpack_memberships_contains_paid_content":false,"footnotes":""},"categories":[19],"tags":[],"class_list":["post-91586","post","type-post","status-publish","format-standard","has-post-thumbnail","hentry","category-deportes"],"jetpack_featured_media_url":"https:\/\/i0.wp.com\/eltrabajo.cl\/portal\/wp-content\/uploads\/2019\/04\/ciclismo.jpg?fit=580%2C360&ssl=1","jetpack_sharing_enabled":true,"jetpack_likes_enabled":true,"jetpack-related-posts":[],"_links":{"self":[{"href":"https:\/\/eltrabajo.cl\/portal\/wp-json\/wp\/v2\/posts\/91586","targetHints":{"allow":["GET"]}}],"collection":[{"href":"https:\/\/eltrabajo.cl\/portal\/wp-json\/wp\/v2\/posts"}],"about":[{"href":"https:\/\/eltrabajo.cl\/portal\/wp-json\/wp\/v2\/types\/post"}],"author":[{"embeddable":true,"href":"https:\/\/eltrabajo.cl\/portal\/wp-json\/wp\/v2\/users\/482"}],"replies":[{"embeddable":true,"href":"https:\/\/eltrabajo.cl\/portal\/wp-json\/wp\/v2\/comments?post=91586"}],"version-history":[{"count":0,"href":"https:\/\/eltrabajo.cl\/portal\/wp-json\/wp\/v2\/posts\/91586\/revisions"}],"wp:featuredmedia":[{"embeddable":true,"href":"https:\/\/eltrabajo.cl\/portal\/wp-json\/wp\/v2\/media\/91587"}],"wp:attachment":[{"href":"https:\/\/eltrabajo.cl\/portal\/wp-json\/wp\/v2\/media?parent=91586"}],"wp:term":[{"taxonomy":"category","embeddable":true,"href":"https:\/\/eltrabajo.cl\/portal\/wp-json\/wp\/v2\/categories?post=91586"},{"taxonomy":"post_tag","embeddable":true,"href":"https:\/\/eltrabajo.cl\/portal\/wp-json\/wp\/v2\/tags?post=91586"}],"curies":[{"name":"wp","href":"https:\/\/api.w.org\/{rel}","templated":true}]}}