{"id":91615,"date":"2019-04-25T05:01:46","date_gmt":"2019-04-25T09:01:46","guid":{"rendered":"http:\/\/www.eltrabajo.cl\/portal\/?p=91615"},"modified":"2019-04-24T20:29:50","modified_gmt":"2019-04-25T00:29:50","slug":"persisten-hechos-de-agresividad-hacia-funcionarios-y-entre-usuarios-cesfam","status":"publish","type":"post","link":"https:\/\/eltrabajo.cl\/portal\/persisten-hechos-de-agresividad-hacia-funcionarios-y-entre-usuarios-cesfam\/","title":{"rendered":"Persisten hechos de agresividad hacia funcionarios y entre usuarios Cesfam"},"content":{"rendered":"<p><span style=\"color: #ff0000;\"><strong>Centro Salud Familiar Dr. Segismundo Iturra Taito:<\/strong><\/span><\/p>\n<p>Lamentablemente siguen las actitudes agresivas hac\u00eda el personal de salud que labora espec\u00edficamente en el Cesfam Dr. Segismundo Iturra Taito. As\u00ed se desprende de la conversaci\u00f3n sostenida por nuestro medio con la directora del Departamento de Salud Municipal, enfermera Marcela Brito.<br \/>\nAl respecto dice que las situaciones de agresividad los han llevado como equipo a tener ciertas precauciones; \u00abporque el nivel de agresividad llega a veces a niveles impensables, donde est\u00e1n pateando la puerta de los profesionales, donde estamos arrugando ciertos documentos, licencias tir\u00e1ndosela en la cara, escupo tambi\u00e9n han recibido, pero esta es una realidad que no escapa a la realidad nacional, como sociedad chilena que tenemos, el nivel de agresividad que existe, veamos lo que est\u00e1 pasando inclusive en los colegios con los propios alumnos en las escuelas, que pasa con el profesorado, como lo tratan, o sea se ha ido perdiendo un poco los limites ac\u00e1 y de igual manera pasa con nosotros, hay un tema que en alg\u00fan momento se trabaj\u00f3, que fue la ley de deberes y derechos de los pacientes, que yo muchas veces dije que nosotros nos la ganamos, porque algo pasaba con nosotros como funcionarios, debemos reconocerlo, pero no todos los funcionarios, son situaciones particulares que hab\u00eda que obviamente revisar, pero ya se pas\u00f3 para el otro lado la cosa y el garabato suena en forma frecuente\u00bb.<br \/>\nCont\u00f3 que hace d\u00edas estaba en una reuni\u00f3n en el Cesfam Dr. Segismundo Iturra Taito, y la directora \u00abtuvo que salir volando por una agresi\u00f3n que hab\u00eda en la sala de espera, c\u00f3mo dominan a los pacientes, personas mayores que est\u00e1n en espera, ver a los ni\u00f1os que est\u00e1n a la espera, bajo los asientos terminan porque es m\u00e1s, a veces llegan buscando ri\u00f1a entre los propios usuarios que saben que los van a encontrar ah\u00ed y en la sala de espera. El otro d\u00eda hubo un ruido bastante m\u00e1s complejo por parte de una comunidad en el acceso, por lo tanto yo digo ojala esto sea pendular\u00bb, dice Brito.<br \/>\n<strong>&#8211; \u00bfQu\u00e9 se puede hacer?<\/strong><br \/>\n&#8211; Yo creo que a los m\u00e1s que corresponde, por lo que convoca que estamos en una sociedad que llama a tener, que nos invita en forma permanente a demostrar que somos seres humanos, que nos tenemos que entender, entendiendo emp\u00e1ticamente la realidad entre usuario y funcionario, las personas que est\u00e1n detr\u00e1s del mes\u00f3n en los box cl\u00ednicos, procesos asistenciales, tambi\u00e9n somos personas, no dejamos de serlo y tambi\u00e9n nosotros como funcionarios entender que nuestra comunidad viene rodeada as\u00ed como nosotros de una serie de determinantes sociales.<br \/>\nCabe se\u00f1alar que a nivel nacional, el 60% de los funcionarios ha sido v\u00edctima de una agresi\u00f3n. Ha pasado en algunos centros de salud familiar a nivel pa\u00eds que han llegado pacientes amenazando con armas blancas.<br \/>\nEn el caso del Cesfam Segismundo Iturra, fue detenido un sujeto acusado de abusar sexualmente de una mujer.<\/p>\n<figure id=\"attachment_91616\" aria-describedby=\"caption-attachment-91616\" style=\"width: 580px\" class=\"wp-caption alignnone\"><img data-recalc-dims=\"1\" loading=\"lazy\" decoding=\"async\" class=\"size-full wp-image-91616\" src=\"https:\/\/i0.wp.com\/www.eltrabajo.cl\/portal\/wp-content\/uploads\/2019\/04\/Marcela-Brito.jpg?resize=580%2C360\" alt=\"Marcela Brito, directora del Departamento de Salud Municipal de San Felipe.\" width=\"580\" height=\"360\" srcset=\"https:\/\/i0.wp.com\/eltrabajo.cl\/portal\/wp-content\/uploads\/2019\/04\/Marcela-Brito.jpg?w=580&amp;ssl=1 580w, https:\/\/i0.wp.com\/eltrabajo.cl\/portal\/wp-content\/uploads\/2019\/04\/Marcela-Brito.jpg?resize=200%2C124&amp;ssl=1 200w, https:\/\/i0.wp.com\/eltrabajo.cl\/portal\/wp-content\/uploads\/2019\/04\/Marcela-Brito.jpg?resize=300%2C186&amp;ssl=1 300w, https:\/\/i0.wp.com\/eltrabajo.cl\/portal\/wp-content\/uploads\/2019\/04\/Marcela-Brito.jpg?resize=242%2C150&amp;ssl=1 242w, https:\/\/i0.wp.com\/eltrabajo.cl\/portal\/wp-content\/uploads\/2019\/04\/Marcela-Brito.jpg?resize=400%2C248&amp;ssl=1 400w\" sizes=\"auto, (max-width: 580px) 100vw, 580px\" \/><figcaption id=\"caption-attachment-91616\" class=\"wp-caption-text\">Marcela Brito, directora del Departamento de Salud Municipal de San Felipe.<\/figcaption><\/figure>\n","protected":false},"excerpt":{"rendered":"<p>Centro Salud Familiar Dr. Segismundo Iturra Taito: Lamentablemente siguen las actitudes agresivas hac\u00eda el personal de salud que labora espec\u00edficamente en el Cesfam Dr. Segismundo Iturra Taito. As\u00ed se desprende de la&#8230;<\/p>\n","protected":false},"author":482,"featured_media":91616,"comment_status":"open","ping_status":"open","sticky":false,"template":"","format":"standard","meta":{"advanced_seo_description":"","jetpack_seo_html_title":"","jetpack_seo_noindex":false,"_jetpack_memberships_contains_paid_content":false,"footnotes":""},"categories":[1],"tags":[],"class_list":["post-91615","post","type-post","status-publish","format-standard","has-post-thumbnail","hentry","category-cronica"],"jetpack_featured_media_url":"https:\/\/i0.wp.com\/eltrabajo.cl\/portal\/wp-content\/uploads\/2019\/04\/Marcela-Brito.jpg?fit=580%2C360&ssl=1","jetpack_sharing_enabled":true,"jetpack_likes_enabled":true,"jetpack-related-posts":[],"_links":{"self":[{"href":"https:\/\/eltrabajo.cl\/portal\/wp-json\/wp\/v2\/posts\/91615","targetHints":{"allow":["GET"]}}],"collection":[{"href":"https:\/\/eltrabajo.cl\/portal\/wp-json\/wp\/v2\/posts"}],"about":[{"href":"https:\/\/eltrabajo.cl\/portal\/wp-json\/wp\/v2\/types\/post"}],"author":[{"embeddable":true,"href":"https:\/\/eltrabajo.cl\/portal\/wp-json\/wp\/v2\/users\/482"}],"replies":[{"embeddable":true,"href":"https:\/\/eltrabajo.cl\/portal\/wp-json\/wp\/v2\/comments?post=91615"}],"version-history":[{"count":0,"href":"https:\/\/eltrabajo.cl\/portal\/wp-json\/wp\/v2\/posts\/91615\/revisions"}],"wp:featuredmedia":[{"embeddable":true,"href":"https:\/\/eltrabajo.cl\/portal\/wp-json\/wp\/v2\/media\/91616"}],"wp:attachment":[{"href":"https:\/\/eltrabajo.cl\/portal\/wp-json\/wp\/v2\/media?parent=91615"}],"wp:term":[{"taxonomy":"category","embeddable":true,"href":"https:\/\/eltrabajo.cl\/portal\/wp-json\/wp\/v2\/categories?post=91615"},{"taxonomy":"post_tag","embeddable":true,"href":"https:\/\/eltrabajo.cl\/portal\/wp-json\/wp\/v2\/tags?post=91615"}],"curies":[{"name":"wp","href":"https:\/\/api.w.org\/{rel}","templated":true}]}}