{"id":91618,"date":"2019-04-25T05:02:54","date_gmt":"2019-04-25T09:02:54","guid":{"rendered":"http:\/\/www.eltrabajo.cl\/portal\/?p=91618"},"modified":"2019-04-24T20:31:01","modified_gmt":"2019-04-25T00:31:01","slug":"necesitan-urgente-escala-mecanica-para-enfrentar-emergencias-en-altura","status":"publish","type":"post","link":"https:\/\/eltrabajo.cl\/portal\/necesitan-urgente-escala-mecanica-para-enfrentar-emergencias-en-altura\/","title":{"rendered":"Necesitan urgente escala mec\u00e1nica para enfrentar emergencias en altura"},"content":{"rendered":"<p><span style=\"color: #ff0000;\"><strong>Cuerpo de Bomberos de San Felipe:<\/strong><\/span><\/p>\n<p>El Superintendente de los Bomberos de San Felipe, Julio Hardoy Baylaucq, volvi\u00f3 a insistir que se hace necesario contar en San Felipe con un carro escala mec\u00e1nica. Esto debido a las dos \u00faltimas emergencias que han debido enfrentar; por ejemplo el incendio dantesco en Villa Departamental, y ahora \u00faltimo el ni\u00f1o de seis a\u00f1os que subi\u00f3 por la escalera hasta la cima de la torre, que son casi 20 metros en el sector de Villa Portal Aconcagua.<br \/>\nCuenta que hace quince a\u00f1os recibieron un carro escala mec\u00e1nica donado por la Fundaci\u00f3n Amigos del Reino de B\u00e9lgica. El carro ven\u00eda de la localidad de Kensoy, donde el carro hab\u00eda sido dado de baja por parte del cuerpo de Bomberos de esa ciudad, y debido a una solicitud que se hizo fue donado a San Felipe: \u00abCuando el carro fue donado, se nos dijo que ten\u00eda entre cinco a ocho a\u00f1os de vida \u00fatil, y la verdad que fueron muy certeros los colegas de Kensoy, porque el carro efectivamente tuvo en lo que es la escala mec\u00e1nica, una duraci\u00f3n de nueve a\u00f1os. Tuvimos una falla en el canastillo, esto se llev\u00f3 al servicio t\u00e9cnico, este servicio busc\u00f3 el repuesto en cuesti\u00f3n y no est\u00e1 el repuesto en ninguna parte. Se hicieron todas las consultas a la f\u00e1brica y la verdad que no tenemos el repuesto, hay posibilidades de poner un repuesto alternativo, pero la persona del servicio t\u00e9cnico de la reparaci\u00f3n no lo recomienda, porque frente a una situaci\u00f3n donde pueden haber dos o tres bomberos a 35 metros de altura, en una escala que no nos da la certeza que tiene certificaci\u00f3n, indiscutiblemente que nosotros no podemos acceder a eso. No obstante se sigue buscando el repuesto original, eventualmente en alg\u00fan cuerpo de bomberos pudiera existir este repuesto, es bien improbable, incluso le hicimos un seguimiento en los carros que se compraron en esa partida, hay que recordar que los carros se hacen por partidas peque\u00f1as, y se recorrieron todos esos cuerpos de bomberos y no estaba el repuesto en cuesti\u00f3n, entonces eso nos imposibilita poder tenerla\u00bb, se\u00f1al\u00f3 Hardoy.<br \/>\nDicho lo anterior, agreg\u00f3 que \u00abnosotros hace ya varios a\u00f1os, en el proceso de renovaci\u00f3n de carros regionales, nosotros pusimos este carro dentro de los requerimientos, junto a otras unidades que deben ser renovadas por falta de repuestos, etc., pero este proyecto ha dormido desgraciadamente bajo el gobierno anterior, bajo la administraci\u00f3n del Intendente Aldoney, donde la verdad fueron puras promesas y nunca se concret\u00f3 absolutamente nada, bajo este gobierno, bajo una situaci\u00f3n que dice relaci\u00f3n que hay una deuda bastante grande de proyectos que fueron aprobados y que no ten\u00edan financiamiento en la administraci\u00f3n anterior, y eso nos ha tenido rechazado el proceso de compras. Ahora la compra es de 72 carros a nivel de toda la regi\u00f3n, no es solamente el Cuerpo de Bomberos de San Felipe, de manera que tenemos que \u2018competir\u2019 en la priorizaci\u00f3n para que esto salga a la brevedad posible. \u00bfQue es necesario?, no cabe duda, hemos tenido muchas emergencias, hemos sociabilizado las dos \u00faltimas, pero tenemos muchas m\u00e1s, en donde esta situaci\u00f3n se hace muy necesaria\u00bb, se\u00f1al\u00f3 Hardoy.<br \/>\nAl finalizar el Superintendente Julio Hardoy hace un llamado a las autoridades a priorizar cosas que son realmente importantes. En este caso un carro escala mec\u00e1nica para despu\u00e9s no estar lamentando tragedias por no contar con este tipo de veh\u00edculo.<\/p>\n<figure id=\"attachment_91619\" aria-describedby=\"caption-attachment-91619\" style=\"width: 577px\" class=\"wp-caption alignnone\"><img data-recalc-dims=\"1\" loading=\"lazy\" decoding=\"async\" class=\"size-full wp-image-91619\" src=\"https:\/\/i0.wp.com\/www.eltrabajo.cl\/portal\/wp-content\/uploads\/2019\/04\/caro-escala.jpg?resize=577%2C360\" alt=\"Un carro similar al de la foto necesita con urgencia Bomberos de San Felipe.\" width=\"577\" height=\"360\" srcset=\"https:\/\/i0.wp.com\/eltrabajo.cl\/portal\/wp-content\/uploads\/2019\/04\/caro-escala.jpg?w=577&amp;ssl=1 577w, https:\/\/i0.wp.com\/eltrabajo.cl\/portal\/wp-content\/uploads\/2019\/04\/caro-escala.jpg?resize=200%2C125&amp;ssl=1 200w, https:\/\/i0.wp.com\/eltrabajo.cl\/portal\/wp-content\/uploads\/2019\/04\/caro-escala.jpg?resize=300%2C187&amp;ssl=1 300w, https:\/\/i0.wp.com\/eltrabajo.cl\/portal\/wp-content\/uploads\/2019\/04\/caro-escala.jpg?resize=240%2C150&amp;ssl=1 240w, https:\/\/i0.wp.com\/eltrabajo.cl\/portal\/wp-content\/uploads\/2019\/04\/caro-escala.jpg?resize=400%2C250&amp;ssl=1 400w\" sizes=\"auto, (max-width: 577px) 100vw, 577px\" \/><figcaption id=\"caption-attachment-91619\" class=\"wp-caption-text\">Un carro similar al de la foto necesita con urgencia Bomberos de San Felipe.<\/figcaption><\/figure>\n","protected":false},"excerpt":{"rendered":"<p>Cuerpo de Bomberos de San Felipe: El Superintendente de los Bomberos de San Felipe, Julio Hardoy Baylaucq, volvi\u00f3 a insistir que se hace necesario contar en San Felipe con un carro escala&#8230;<\/p>\n","protected":false},"author":482,"featured_media":91619,"comment_status":"open","ping_status":"open","sticky":false,"template":"","format":"standard","meta":{"advanced_seo_description":"","jetpack_seo_html_title":"","jetpack_seo_noindex":false,"_jetpack_memberships_contains_paid_content":false,"footnotes":""},"categories":[1],"tags":[],"class_list":["post-91618","post","type-post","status-publish","format-standard","has-post-thumbnail","hentry","category-cronica"],"jetpack_featured_media_url":"https:\/\/i0.wp.com\/eltrabajo.cl\/portal\/wp-content\/uploads\/2019\/04\/caro-escala.jpg?fit=577%2C360&ssl=1","jetpack_sharing_enabled":true,"jetpack_likes_enabled":true,"jetpack-related-posts":[],"_links":{"self":[{"href":"https:\/\/eltrabajo.cl\/portal\/wp-json\/wp\/v2\/posts\/91618","targetHints":{"allow":["GET"]}}],"collection":[{"href":"https:\/\/eltrabajo.cl\/portal\/wp-json\/wp\/v2\/posts"}],"about":[{"href":"https:\/\/eltrabajo.cl\/portal\/wp-json\/wp\/v2\/types\/post"}],"author":[{"embeddable":true,"href":"https:\/\/eltrabajo.cl\/portal\/wp-json\/wp\/v2\/users\/482"}],"replies":[{"embeddable":true,"href":"https:\/\/eltrabajo.cl\/portal\/wp-json\/wp\/v2\/comments?post=91618"}],"version-history":[{"count":0,"href":"https:\/\/eltrabajo.cl\/portal\/wp-json\/wp\/v2\/posts\/91618\/revisions"}],"wp:featuredmedia":[{"embeddable":true,"href":"https:\/\/eltrabajo.cl\/portal\/wp-json\/wp\/v2\/media\/91619"}],"wp:attachment":[{"href":"https:\/\/eltrabajo.cl\/portal\/wp-json\/wp\/v2\/media?parent=91618"}],"wp:term":[{"taxonomy":"category","embeddable":true,"href":"https:\/\/eltrabajo.cl\/portal\/wp-json\/wp\/v2\/categories?post=91618"},{"taxonomy":"post_tag","embeddable":true,"href":"https:\/\/eltrabajo.cl\/portal\/wp-json\/wp\/v2\/tags?post=91618"}],"curies":[{"name":"wp","href":"https:\/\/api.w.org\/{rel}","templated":true}]}}