{"id":91665,"date":"2019-04-29T05:00:59","date_gmt":"2019-04-29T09:00:59","guid":{"rendered":"http:\/\/www.eltrabajo.cl\/portal\/?p=91665"},"modified":"2019-04-28T20:42:23","modified_gmt":"2019-04-29T00:42:23","slug":"entregan-segunda-carta-en-la-moneda-para-conocer-informe-economico","status":"publish","type":"post","link":"https:\/\/eltrabajo.cl\/portal\/entregan-segunda-carta-en-la-moneda-para-conocer-informe-economico\/","title":{"rendered":"Entregan segunda carta en La Moneda para conocer informe econ\u00f3mico"},"content":{"rendered":"<p><span style=\"color: #ff0000;\"><strong>Corporaci\u00f3n Aconcagua Regi\u00f3n:<\/strong><\/span><\/p>\n<p>La Corporaci\u00f3n Aconcagua Regi\u00f3n ofici\u00f3 mediante una carta en el Palacio de La Moneda, al subsecretario de Desarrollo Regional, Felipe Salaberry, para que entregue informaci\u00f3n respecto del proceso de licitaci\u00f3n del estudio de factibilidad econ\u00f3mica para la creaci\u00f3n de la Regi\u00f3n de Aconcagua, comprometido para el primer semestre de 2019.<br \/>\nEn la carta firmada por el secretario general de la Corporaci\u00f3n, Claudio G\u00f3mez, se recuerda que con fecha 19 de noviembre de 2018 se hab\u00eda ingresado otra misiva en la oficina de partes del Palacio Presidencial para que se informara sobre el proceso que tendr\u00eda el estudio de factibilidad econ\u00f3mica anunciado por el subsecretario.<br \/>\nDicha carta fue suscrita por senadores, diputados, Corews, alcaldes, concejales, empresarios, dirigentes y ciudadanos, sin embargo, como se\u00f1al\u00f3 G\u00f3mez, \u00abhan pasado cuatro meses sin recibir una respuesta, por lo que en conformidad a la Ley sobre acceso a la informaci\u00f3n p\u00fablica decidimos pedir cuenta respecto a nuestra solicitud\u00bb.<br \/>\nPor su parte el vicepresidente de la Corporaci\u00f3n Aconcagua Regi\u00f3n, Juan Carlos Monasterio, indic\u00f3 que \u00abnuestra leg\u00edtima aspiraci\u00f3n es el reflejo de una demanda ciudadana de a\u00f1os, ya que las provincias de Los Andes, San Felipe y Petorca tienen una impronta cultural, social, hist\u00f3rica y econ\u00f3mica muy distinta a la zona costera de la Quinta Regi\u00f3n\u00bb. Monasterio precis\u00f3 que \u00abesperamos una pronta respuesta desde la Subdere, ya que es esperada por much\u00edsima gente que apoya esta demanda\u00bb.<br \/>\nEl articulador del Movimiento Yo Amo Regi\u00f3n de Aconcagua, Yury Quiroz, anunci\u00f3 que en los pr\u00f3ximos d\u00edas solicitar\u00e1n el apoyo de la bancada de parlamentarios de Aconcagua en el Congreso Nacional \u00abpara exigir con mayor fuerza que se clarifique la forma y los tiempos en que se realizar\u00e1 el estudio econ\u00f3mico\u00bb.<br \/>\nEn este sentido, el diputado Andr\u00e9s Longton, quien forma parte de la bancada de Aconcagua, solicit\u00f3 en la C\u00e1mara que \u00abse oficie al oficie al subsecretario Felipe Salaberry, con el objeto que informe detalladamente del proceso que conduce a la realizaci\u00f3n del estudio de base para determinar la factibilidad de la creaci\u00f3n de la regi\u00f3n de Aconcagua, con se\u00f1alamiento de tiempo de respuesta, entrega de informes y materializaci\u00f3n de decisiones al respecto, dando as\u00ed respuesta a la demanda social pol\u00edtica y cultural del territorio\u00bb.<br \/>\nEl parlamentario record\u00f3 que durante el gobierno de Michelle Bachelet, se realiz\u00f3 un importante estudio que ha surgido con fundamentos tan plausibles como los conocidos para la creaci\u00f3n de la Regi\u00f3n de \u00d1uble. Precis\u00f3 que Aconcagua tiene actividades propias con vocaci\u00f3n en la agricultura y miner\u00eda con una identidad hist\u00f3rica totalmente distinta, agregando que \u00abdefinitivamente Aconcagua no tiene nada que ver con el Gran Valpara\u00edso\u00bb.<\/p>\n<figure id=\"attachment_91666\" aria-describedby=\"caption-attachment-91666\" style=\"width: 580px\" class=\"wp-caption alignnone\"><img data-recalc-dims=\"1\" loading=\"lazy\" decoding=\"async\" class=\"size-full wp-image-91666\" src=\"https:\/\/i0.wp.com\/www.eltrabajo.cl\/portal\/wp-content\/uploads\/2019\/04\/Region1.jpg?resize=580%2C360\" alt=\"Corporaci\u00f3n Aconcagua Regi\u00f3n ofici\u00f3 mediante una carta en el Palacio de La Moneda, al subsecretario de Desarrollo Regional, Felipe Salaberry.\" width=\"580\" height=\"360\" srcset=\"https:\/\/i0.wp.com\/eltrabajo.cl\/portal\/wp-content\/uploads\/2019\/04\/Region1.jpg?w=580&amp;ssl=1 580w, https:\/\/i0.wp.com\/eltrabajo.cl\/portal\/wp-content\/uploads\/2019\/04\/Region1.jpg?resize=200%2C124&amp;ssl=1 200w, https:\/\/i0.wp.com\/eltrabajo.cl\/portal\/wp-content\/uploads\/2019\/04\/Region1.jpg?resize=300%2C186&amp;ssl=1 300w, https:\/\/i0.wp.com\/eltrabajo.cl\/portal\/wp-content\/uploads\/2019\/04\/Region1.jpg?resize=242%2C150&amp;ssl=1 242w, https:\/\/i0.wp.com\/eltrabajo.cl\/portal\/wp-content\/uploads\/2019\/04\/Region1.jpg?resize=400%2C248&amp;ssl=1 400w\" sizes=\"auto, (max-width: 580px) 100vw, 580px\" \/><figcaption id=\"caption-attachment-91666\" class=\"wp-caption-text\">Corporaci\u00f3n Aconcagua Regi\u00f3n ofici\u00f3 mediante una carta en el Palacio de La Moneda, al subsecretario de Desarrollo Regional, Felipe Salaberry.<\/figcaption><\/figure>\n","protected":false},"excerpt":{"rendered":"<p>Corporaci\u00f3n Aconcagua Regi\u00f3n: La Corporaci\u00f3n Aconcagua Regi\u00f3n ofici\u00f3 mediante una carta en el Palacio de La Moneda, al subsecretario de Desarrollo Regional, Felipe Salaberry, para que entregue informaci\u00f3n respecto del proceso de&#8230;<\/p>\n","protected":false},"author":482,"featured_media":91666,"comment_status":"open","ping_status":"open","sticky":false,"template":"","format":"standard","meta":{"advanced_seo_description":"","jetpack_seo_html_title":"","jetpack_seo_noindex":false,"_jetpack_memberships_contains_paid_content":false,"footnotes":""},"categories":[1],"tags":[],"class_list":["post-91665","post","type-post","status-publish","format-standard","has-post-thumbnail","hentry","category-cronica"],"jetpack_featured_media_url":"https:\/\/i0.wp.com\/eltrabajo.cl\/portal\/wp-content\/uploads\/2019\/04\/Region1.jpg?fit=580%2C360&ssl=1","jetpack_sharing_enabled":true,"jetpack_likes_enabled":true,"jetpack-related-posts":[],"_links":{"self":[{"href":"https:\/\/eltrabajo.cl\/portal\/wp-json\/wp\/v2\/posts\/91665","targetHints":{"allow":["GET"]}}],"collection":[{"href":"https:\/\/eltrabajo.cl\/portal\/wp-json\/wp\/v2\/posts"}],"about":[{"href":"https:\/\/eltrabajo.cl\/portal\/wp-json\/wp\/v2\/types\/post"}],"author":[{"embeddable":true,"href":"https:\/\/eltrabajo.cl\/portal\/wp-json\/wp\/v2\/users\/482"}],"replies":[{"embeddable":true,"href":"https:\/\/eltrabajo.cl\/portal\/wp-json\/wp\/v2\/comments?post=91665"}],"version-history":[{"count":0,"href":"https:\/\/eltrabajo.cl\/portal\/wp-json\/wp\/v2\/posts\/91665\/revisions"}],"wp:featuredmedia":[{"embeddable":true,"href":"https:\/\/eltrabajo.cl\/portal\/wp-json\/wp\/v2\/media\/91666"}],"wp:attachment":[{"href":"https:\/\/eltrabajo.cl\/portal\/wp-json\/wp\/v2\/media?parent=91665"}],"wp:term":[{"taxonomy":"category","embeddable":true,"href":"https:\/\/eltrabajo.cl\/portal\/wp-json\/wp\/v2\/categories?post=91665"},{"taxonomy":"post_tag","embeddable":true,"href":"https:\/\/eltrabajo.cl\/portal\/wp-json\/wp\/v2\/tags?post=91665"}],"curies":[{"name":"wp","href":"https:\/\/api.w.org\/{rel}","templated":true}]}}