{"id":91707,"date":"2019-04-30T05:02:11","date_gmt":"2019-04-30T09:02:11","guid":{"rendered":"http:\/\/www.eltrabajo.cl\/portal\/?p=91707"},"modified":"2019-04-29T20:56:29","modified_gmt":"2019-04-30T00:56:29","slug":"municipalidad-iniciara-licitacion-de-obras-por-mas-de-mil-millones-de-pesos","status":"publish","type":"post","link":"https:\/\/eltrabajo.cl\/portal\/municipalidad-iniciara-licitacion-de-obras-por-mas-de-mil-millones-de-pesos\/","title":{"rendered":"Municipalidad iniciar\u00e1 licitaci\u00f3n de obras por m\u00e1s de mil millones de pesos"},"content":{"rendered":"<ul>\n<li><strong>\u00b7 Se trata de las anheladas reposiciones de calle Chorrillos y del Cuartel de la Quinta Compa\u00f1\u00eda de Bomberos de Curim\u00f3n, obras que son un compromiso de la gesti\u00f3n del alcalde Freire.<\/strong><\/li>\n<\/ul>\n<p>Obras por m\u00e1s de mil millones de pesos en infraestructura para la comuna ingresar\u00e1n a proceso de licitaci\u00f3n. Se trata de las anheladas reposiciones del pavimento de calle Chorrillos (por m\u00e1s de $381 millones) y del Cuartel de la Quinta Compa\u00f1\u00eda de Bomberos de Curim\u00f3n (por casi $650 millones).<br \/>\nLa informaci\u00f3n fue dada a conocer por el alcalde Patricio Freire junto con el Secretario de Planificaci\u00f3n Comunal (Secplac), Claudio Paredes, quienes adem\u00e1s de manifestar su conformidad por el inicio de estos procesos ampliamente solicitados por los vecinos de dichos sectores, tambi\u00e9n destacaron la alta inversi\u00f3n que significa para la ciudad, alcanzando los mil millones de pesos.<br \/>\n\u00abEl viernes llegaron los convenios de mandato que faculta al alcalde a licitar. Estas son obras muy importantes dentro de las inversiones viales que realiza el municipio, tanto la reposici\u00f3n de calle Chorrillos como del cuartel de bomberos de Curim\u00f3n. Es decir, en los pr\u00f3ximos d\u00edas, el municipio licitar\u00e1 m\u00e1s de mil millones de pesos en obras de inversi\u00f3n y adelanto para la comuna\u00bb, afirm\u00f3 Claudio Paredes.<br \/>\nEstas obras eran un compromiso que la gesti\u00f3n del alcalde Freire hab\u00eda realizado con las comunidades, por lo que el jefe comunal destac\u00f3 que \u00abest\u00e1bamos un poco preocupados porque el convenio de mandato se demor\u00f3 m\u00e1s de lo que corresponde en llegar, casi 6 meses, pero felizmente lleg\u00f3 y estamos ad portas de iniciar su licitaci\u00f3n. Era un compromiso de nuestra gesti\u00f3n y esto significa que seguimos avanzando en una ciudad que crece junto a todas y todos, lo que nos pone muy contentos\u00bb, finaliz\u00f3 el alcalde Patricio Freire.<br \/>\nEn rigor, ser\u00e1n aproximadamente 30 d\u00edas continuos los que estas licitaciones estar\u00e1n en el portal de Chile Compras. Posteriormente se estima que tras el cierre de la postulaci\u00f3n, el inicio de las obras se realizar\u00eda durante el segundo semestre de este a\u00f1o.<\/p>\n<figure id=\"attachment_91708\" aria-describedby=\"caption-attachment-91708\" style=\"width: 580px\" class=\"wp-caption alignnone\"><img data-recalc-dims=\"1\" loading=\"lazy\" decoding=\"async\" class=\"size-full wp-image-91708\" src=\"https:\/\/i0.wp.com\/www.eltrabajo.cl\/portal\/wp-content\/uploads\/2019\/04\/patricio-freire-claudio-paredes.jpg?resize=580%2C360\" alt=\"El alcalde Patricio Freire junto al Secplac Claudio Paredes destacaron la importante inversi\u00f3n que representan ambos proyectos.\" width=\"580\" height=\"360\" srcset=\"https:\/\/i0.wp.com\/eltrabajo.cl\/portal\/wp-content\/uploads\/2019\/04\/patricio-freire-claudio-paredes.jpg?w=580&amp;ssl=1 580w, https:\/\/i0.wp.com\/eltrabajo.cl\/portal\/wp-content\/uploads\/2019\/04\/patricio-freire-claudio-paredes.jpg?resize=200%2C124&amp;ssl=1 200w, https:\/\/i0.wp.com\/eltrabajo.cl\/portal\/wp-content\/uploads\/2019\/04\/patricio-freire-claudio-paredes.jpg?resize=300%2C186&amp;ssl=1 300w, https:\/\/i0.wp.com\/eltrabajo.cl\/portal\/wp-content\/uploads\/2019\/04\/patricio-freire-claudio-paredes.jpg?resize=242%2C150&amp;ssl=1 242w, https:\/\/i0.wp.com\/eltrabajo.cl\/portal\/wp-content\/uploads\/2019\/04\/patricio-freire-claudio-paredes.jpg?resize=400%2C248&amp;ssl=1 400w\" sizes=\"auto, (max-width: 580px) 100vw, 580px\" \/><figcaption id=\"caption-attachment-91708\" class=\"wp-caption-text\">El alcalde Patricio Freire junto al Secplac Claudio Paredes destacaron la importante inversi\u00f3n que representan ambos proyectos.<\/figcaption><\/figure>\n","protected":false},"excerpt":{"rendered":"<p>\u00b7 Se trata de las anheladas reposiciones de calle Chorrillos y del Cuartel de la Quinta Compa\u00f1\u00eda de Bomberos de Curim\u00f3n, obras que son un compromiso de la gesti\u00f3n del alcalde Freire&#8230;.<\/p>\n","protected":false},"author":482,"featured_media":91708,"comment_status":"open","ping_status":"open","sticky":false,"template":"","format":"standard","meta":{"advanced_seo_description":"","jetpack_seo_html_title":"","jetpack_seo_noindex":false,"_jetpack_memberships_contains_paid_content":false,"footnotes":""},"categories":[1],"tags":[],"class_list":["post-91707","post","type-post","status-publish","format-standard","has-post-thumbnail","hentry","category-cronica"],"jetpack_featured_media_url":"https:\/\/i0.wp.com\/eltrabajo.cl\/portal\/wp-content\/uploads\/2019\/04\/patricio-freire-claudio-paredes.jpg?fit=580%2C360&ssl=1","jetpack_sharing_enabled":true,"jetpack_likes_enabled":true,"jetpack-related-posts":[],"_links":{"self":[{"href":"https:\/\/eltrabajo.cl\/portal\/wp-json\/wp\/v2\/posts\/91707","targetHints":{"allow":["GET"]}}],"collection":[{"href":"https:\/\/eltrabajo.cl\/portal\/wp-json\/wp\/v2\/posts"}],"about":[{"href":"https:\/\/eltrabajo.cl\/portal\/wp-json\/wp\/v2\/types\/post"}],"author":[{"embeddable":true,"href":"https:\/\/eltrabajo.cl\/portal\/wp-json\/wp\/v2\/users\/482"}],"replies":[{"embeddable":true,"href":"https:\/\/eltrabajo.cl\/portal\/wp-json\/wp\/v2\/comments?post=91707"}],"version-history":[{"count":0,"href":"https:\/\/eltrabajo.cl\/portal\/wp-json\/wp\/v2\/posts\/91707\/revisions"}],"wp:featuredmedia":[{"embeddable":true,"href":"https:\/\/eltrabajo.cl\/portal\/wp-json\/wp\/v2\/media\/91708"}],"wp:attachment":[{"href":"https:\/\/eltrabajo.cl\/portal\/wp-json\/wp\/v2\/media?parent=91707"}],"wp:term":[{"taxonomy":"category","embeddable":true,"href":"https:\/\/eltrabajo.cl\/portal\/wp-json\/wp\/v2\/categories?post=91707"},{"taxonomy":"post_tag","embeddable":true,"href":"https:\/\/eltrabajo.cl\/portal\/wp-json\/wp\/v2\/tags?post=91707"}],"curies":[{"name":"wp","href":"https:\/\/api.w.org\/{rel}","templated":true}]}}