{"id":91710,"date":"2019-04-30T05:03:33","date_gmt":"2019-04-30T09:03:33","guid":{"rendered":"http:\/\/www.eltrabajo.cl\/portal\/?p=91710"},"modified":"2019-04-29T20:57:35","modified_gmt":"2019-04-30T00:57:35","slug":"con-mucha-autoridad-almendral-se-titulo-campeon-de-afava","status":"publish","type":"post","link":"https:\/\/eltrabajo.cl\/portal\/con-mucha-autoridad-almendral-se-titulo-campeon-de-afava\/","title":{"rendered":"Con mucha autoridad Almendral se titul\u00f3 campe\u00f3n de Afava"},"content":{"rendered":"<p>El club Almendral Alto se coron\u00f3 campe\u00f3n del torneo Afava 2019, al barrer en la final disputada en el coloso de la Avenida Maip\u00fa, al Ulises Vera de la Asociaci\u00f3n de F\u00fatbol Amateur de San Felipe.<br \/>\nContra todos los pron\u00f3sticos, la jornada final del campeonato Cordillera result\u00f3 ser una verdadera \u2018paliza\u2019 de la instituci\u00f3n sanfelipe\u00f1a que en la actualidad tiene su domicilio competitivo en Santa Mar\u00eda, al ganar tres partidos y solo empatar uno.<br \/>\nSi bien es cierto no se le puede dar el r\u00f3tulo de \u2018sorpresa\u2019 al triunfo de Almendral Alto, por tratarse de un club poderoso y respetado no solo en el valle de Aconcagua, sino que en toda la Quinta Regi\u00f3n, no dej\u00f3 de llamar la atenci\u00f3n la abismante diferencia que hubo en la jornada final, porque se presupuestaba una final ajustada y no tan amplia como fue el 13 a 1 en puntos a favor del nuevo monarca del cotizado torneo Cordillera.<br \/>\nTercera: Almendral Alto 5 \u2013 Ulises Vera 1<br \/>\nSegunda: Almendral Alto 2 \u2013 Ulises Vera 0<br \/>\nS\u00e9nior: Almendral Alto 0 \u2013 Ulises Vera 0<br \/>\nPrimera: Almendral Alto 1 \u2013 Ulises Vera 0<br \/>\nTotal de puntos:<br \/>\nAlmendral Alto 13<br \/>\nUlises Vera 1<\/p>\n<figure id=\"attachment_91711\" aria-describedby=\"caption-attachment-91711\" style=\"width: 580px\" class=\"wp-caption alignnone\"><img data-recalc-dims=\"1\" loading=\"lazy\" decoding=\"async\" class=\"size-full wp-image-91711\" src=\"https:\/\/i0.wp.com\/www.eltrabajo.cl\/portal\/wp-content\/uploads\/2019\/04\/almendral-campeon.jpg?resize=580%2C359\" alt=\"Menos problemas de los esperados tuvo el club Almendral Alto para consagrarse campe\u00f3n del torneo Afava.\" width=\"580\" height=\"359\" srcset=\"https:\/\/i0.wp.com\/eltrabajo.cl\/portal\/wp-content\/uploads\/2019\/04\/almendral-campeon.jpg?w=580&amp;ssl=1 580w, https:\/\/i0.wp.com\/eltrabajo.cl\/portal\/wp-content\/uploads\/2019\/04\/almendral-campeon.jpg?resize=200%2C124&amp;ssl=1 200w, https:\/\/i0.wp.com\/eltrabajo.cl\/portal\/wp-content\/uploads\/2019\/04\/almendral-campeon.jpg?resize=300%2C186&amp;ssl=1 300w, https:\/\/i0.wp.com\/eltrabajo.cl\/portal\/wp-content\/uploads\/2019\/04\/almendral-campeon.jpg?resize=242%2C150&amp;ssl=1 242w, https:\/\/i0.wp.com\/eltrabajo.cl\/portal\/wp-content\/uploads\/2019\/04\/almendral-campeon.jpg?resize=400%2C248&amp;ssl=1 400w\" sizes=\"auto, (max-width: 580px) 100vw, 580px\" \/><figcaption id=\"caption-attachment-91711\" class=\"wp-caption-text\">Menos problemas de los esperados tuvo el club Almendral Alto para consagrarse campe\u00f3n del torneo Afava.<\/figcaption><\/figure>\n<figure id=\"attachment_91712\" aria-describedby=\"caption-attachment-91712\" style=\"width: 580px\" class=\"wp-caption alignnone\"><img data-recalc-dims=\"1\" loading=\"lazy\" decoding=\"async\" class=\"size-full wp-image-91712\" src=\"https:\/\/i0.wp.com\/www.eltrabajo.cl\/portal\/wp-content\/uploads\/2019\/04\/almendral-con-la-copa.jpg?resize=580%2C359\" alt=\"Jugadores de la serie de honor de Almendral Alto levantan la imponente copa del Afava 2019.\" width=\"580\" height=\"359\" srcset=\"https:\/\/i0.wp.com\/eltrabajo.cl\/portal\/wp-content\/uploads\/2019\/04\/almendral-con-la-copa.jpg?w=580&amp;ssl=1 580w, https:\/\/i0.wp.com\/eltrabajo.cl\/portal\/wp-content\/uploads\/2019\/04\/almendral-con-la-copa.jpg?resize=200%2C124&amp;ssl=1 200w, https:\/\/i0.wp.com\/eltrabajo.cl\/portal\/wp-content\/uploads\/2019\/04\/almendral-con-la-copa.jpg?resize=300%2C186&amp;ssl=1 300w, https:\/\/i0.wp.com\/eltrabajo.cl\/portal\/wp-content\/uploads\/2019\/04\/almendral-con-la-copa.jpg?resize=242%2C150&amp;ssl=1 242w, https:\/\/i0.wp.com\/eltrabajo.cl\/portal\/wp-content\/uploads\/2019\/04\/almendral-con-la-copa.jpg?resize=400%2C248&amp;ssl=1 400w\" sizes=\"auto, (max-width: 580px) 100vw, 580px\" \/><figcaption id=\"caption-attachment-91712\" class=\"wp-caption-text\">Jugadores de la serie de honor de Almendral Alto levantan la imponente copa del Afava 2019.<\/figcaption><\/figure>\n","protected":false},"excerpt":{"rendered":"<p>El club Almendral Alto se coron\u00f3 campe\u00f3n del torneo Afava 2019, al barrer en la final disputada en el coloso de la Avenida Maip\u00fa, al Ulises Vera de la Asociaci\u00f3n de F\u00fatbol&#8230;<\/p>\n","protected":false},"author":482,"featured_media":91712,"comment_status":"open","ping_status":"open","sticky":false,"template":"","format":"standard","meta":{"advanced_seo_description":"","jetpack_seo_html_title":"","jetpack_seo_noindex":false,"_jetpack_memberships_contains_paid_content":false,"footnotes":""},"categories":[19],"tags":[],"class_list":["post-91710","post","type-post","status-publish","format-standard","has-post-thumbnail","hentry","category-deportes"],"jetpack_featured_media_url":"https:\/\/i0.wp.com\/eltrabajo.cl\/portal\/wp-content\/uploads\/2019\/04\/almendral-con-la-copa.jpg?fit=580%2C359&ssl=1","jetpack_sharing_enabled":true,"jetpack_likes_enabled":true,"jetpack-related-posts":[],"_links":{"self":[{"href":"https:\/\/eltrabajo.cl\/portal\/wp-json\/wp\/v2\/posts\/91710","targetHints":{"allow":["GET"]}}],"collection":[{"href":"https:\/\/eltrabajo.cl\/portal\/wp-json\/wp\/v2\/posts"}],"about":[{"href":"https:\/\/eltrabajo.cl\/portal\/wp-json\/wp\/v2\/types\/post"}],"author":[{"embeddable":true,"href":"https:\/\/eltrabajo.cl\/portal\/wp-json\/wp\/v2\/users\/482"}],"replies":[{"embeddable":true,"href":"https:\/\/eltrabajo.cl\/portal\/wp-json\/wp\/v2\/comments?post=91710"}],"version-history":[{"count":0,"href":"https:\/\/eltrabajo.cl\/portal\/wp-json\/wp\/v2\/posts\/91710\/revisions"}],"wp:featuredmedia":[{"embeddable":true,"href":"https:\/\/eltrabajo.cl\/portal\/wp-json\/wp\/v2\/media\/91712"}],"wp:attachment":[{"href":"https:\/\/eltrabajo.cl\/portal\/wp-json\/wp\/v2\/media?parent=91710"}],"wp:term":[{"taxonomy":"category","embeddable":true,"href":"https:\/\/eltrabajo.cl\/portal\/wp-json\/wp\/v2\/categories?post=91710"},{"taxonomy":"post_tag","embeddable":true,"href":"https:\/\/eltrabajo.cl\/portal\/wp-json\/wp\/v2\/tags?post=91710"}],"curies":[{"name":"wp","href":"https:\/\/api.w.org\/{rel}","templated":true}]}}