{"id":91714,"date":"2019-04-30T05:04:49","date_gmt":"2019-04-30T09:04:49","guid":{"rendered":"http:\/\/www.eltrabajo.cl\/portal\/?p=91714"},"modified":"2019-04-29T21:01:55","modified_gmt":"2019-04-30T01:01:55","slug":"gran-revuelo-causo-ivan-morovic-con-sus-dos-simultaneas-en-san-felipe","status":"publish","type":"post","link":"https:\/\/eltrabajo.cl\/portal\/gran-revuelo-causo-ivan-morovic-con-sus-dos-simultaneas-en-san-felipe\/","title":{"rendered":"Gran Revuelo caus\u00f3 Iv\u00e1n Morovic con sus dos Simult\u00e1neas en San Felipe"},"content":{"rendered":"<p><span style=\"color: #ff0000;\"><strong>Jug\u00f3 en la Escuela 62 y el Liceo de Hombres:<\/strong><\/span><\/p>\n<p>El pasado viernes 26 de abril el Maestro Internacional Iv\u00e1n Morovic, realiz\u00f3 una marat\u00f3nica jornada ajedrec\u00edstica, empezando a las 1:00 horas en el Colegio Jos\u00e9 de San Mart\u00edn, donde se sorprendi\u00f3 y emocion\u00f3 por el recibimiento estudiantil y el marco m\u00e1gico que se desarroll\u00f3 por su presencia.<br \/>\nTras su llegada, la directora Ximena Baquedano agradeci\u00f3 y recalc\u00f3 el honor que significa tener al m\u00e1ximo exponente chileno del ajedrez y uno de los mejores del mundo, en el establecimiento, pues es muy importante practicar el Deporte Ciencia en el alumnado y de seguir apoyando incondicionalmente su desarrollo en el aula.<br \/>\nMorovic convers\u00f3 con Diario El Trabajo sobre la importancia de implementar el ajedrez en el curriculum educacional. Adem\u00e1s, agradeci\u00f3 a nuestro medio por difundir semana tras semana noticias del Ajedrez que se desarrolla en las comunas del valle.<br \/>\n\u00abCreo que es fundamental que los medios de comunicaci\u00f3n sean los encargados de trasmitir a la comunidad y de generar lazos culturales entre s\u00ed, me siento siempre muy bien cuando visito San Felipe, el trabajo tambi\u00e9n que don Guillermo Quijanes ha desarrollado en Aconcagua ya se nota en las nuevas generaciones que siguen practicando este deporte\u00bb, dijo Morovic.<br \/>\nEl experimentado ajedrecista se acerc\u00f3 a sus incondicionales admiradores, quienes fueron emocionados por una foto y firma de maestro, como tesoro personal. Luego se dirigi\u00f3 al Liceo Roberto Humeres Oyaneder, en donde la comunidad lo esperaba con ansias. Morovic nos coment\u00f3 que es la primera vez que realiza una simult\u00e1nea en un teatro de este pa\u00eds. Despu\u00e9s del juego se dio a la tarea de seleccionar a los alumnos que representar\u00e1n a nuestra provincia en el torneo final que se desarrollar\u00e1 en Pedro Aguirre Cerda, en la ciudad de Santiago, a fines de octubre.<br \/>\nLa nueva directora del establecimiento, Patricia Pimentel, agradeci\u00f3 la presencia del maestro en nuestra comuna y su importancia que este posee en este deporte. \u00abPara m\u00ed es un honor poder coordinar y desarrollar esta simultanea de ajedrez con nuestro alumnado, y qu\u00e9 m\u00e1s que en este majestuoso teatro patrimonial que poseemos como liceanos\u00bb, indic\u00f3 Pimentel. Dicha actividad nos record\u00f3 los a\u00f1os gloriosos del ajedrez, ese match memorable entre rusos y americanos, que a los amantes del ajedrez tanto a\u00f1oran.<br \/>\n<strong>Roberto Gonz\u00e1lez Short<\/strong><\/p>\n<figure id=\"attachment_91715\" aria-describedby=\"caption-attachment-91715\" style=\"width: 580px\" class=\"wp-caption alignnone\"><img data-recalc-dims=\"1\" loading=\"lazy\" decoding=\"async\" class=\"size-full wp-image-91715\" src=\"https:\/\/i0.wp.com\/www.eltrabajo.cl\/portal\/wp-content\/uploads\/2019\/04\/Ajedrez1.jpg?resize=580%2C360\" alt=\"DEPORTE CIENCIA.- Decenas de ni\u00f1os y j\u00f3venes de nuestra comuna se enfrentaron simult\u00e1neamente al gran ajedrecista chileno, Iv\u00e1n Morovic, en el teatro del Liceo Roberto Humeres.\" width=\"580\" height=\"360\" srcset=\"https:\/\/i0.wp.com\/eltrabajo.cl\/portal\/wp-content\/uploads\/2019\/04\/Ajedrez1.jpg?w=580&amp;ssl=1 580w, https:\/\/i0.wp.com\/eltrabajo.cl\/portal\/wp-content\/uploads\/2019\/04\/Ajedrez1.jpg?resize=200%2C124&amp;ssl=1 200w, https:\/\/i0.wp.com\/eltrabajo.cl\/portal\/wp-content\/uploads\/2019\/04\/Ajedrez1.jpg?resize=300%2C186&amp;ssl=1 300w, https:\/\/i0.wp.com\/eltrabajo.cl\/portal\/wp-content\/uploads\/2019\/04\/Ajedrez1.jpg?resize=242%2C150&amp;ssl=1 242w, https:\/\/i0.wp.com\/eltrabajo.cl\/portal\/wp-content\/uploads\/2019\/04\/Ajedrez1.jpg?resize=400%2C248&amp;ssl=1 400w\" sizes=\"auto, (max-width: 580px) 100vw, 580px\" \/><figcaption id=\"caption-attachment-91715\" class=\"wp-caption-text\">DEPORTE CIENCIA.- Decenas de ni\u00f1os y j\u00f3venes de nuestra comuna se enfrentaron simult\u00e1neamente al gran ajedrecista chileno, Iv\u00e1n Morovic, en el teatro del Liceo Roberto Humeres.<\/figcaption><\/figure>\n<figure id=\"attachment_91716\" aria-describedby=\"caption-attachment-91716\" style=\"width: 580px\" class=\"wp-caption alignnone\"><img data-recalc-dims=\"1\" loading=\"lazy\" decoding=\"async\" class=\"size-full wp-image-91716\" src=\"https:\/\/i0.wp.com\/www.eltrabajo.cl\/portal\/wp-content\/uploads\/2019\/04\/Ajedrez3.jpg?resize=580%2C360\" alt=\"SIEMPRE AGRADECIDOS.- Al final de la actividad la directora del Roberto Humeres, Patricia Pimentel, hizo entrega junto al concejal Dante Rodr\u00edguez, de un galvano al legendario deportista.\" width=\"580\" height=\"360\" srcset=\"https:\/\/i0.wp.com\/eltrabajo.cl\/portal\/wp-content\/uploads\/2019\/04\/Ajedrez3.jpg?w=580&amp;ssl=1 580w, https:\/\/i0.wp.com\/eltrabajo.cl\/portal\/wp-content\/uploads\/2019\/04\/Ajedrez3.jpg?resize=200%2C124&amp;ssl=1 200w, https:\/\/i0.wp.com\/eltrabajo.cl\/portal\/wp-content\/uploads\/2019\/04\/Ajedrez3.jpg?resize=300%2C186&amp;ssl=1 300w, https:\/\/i0.wp.com\/eltrabajo.cl\/portal\/wp-content\/uploads\/2019\/04\/Ajedrez3.jpg?resize=242%2C150&amp;ssl=1 242w, https:\/\/i0.wp.com\/eltrabajo.cl\/portal\/wp-content\/uploads\/2019\/04\/Ajedrez3.jpg?resize=400%2C248&amp;ssl=1 400w\" sizes=\"auto, (max-width: 580px) 100vw, 580px\" \/><figcaption id=\"caption-attachment-91716\" class=\"wp-caption-text\">SIEMPRE AGRADECIDOS.- Al final de la actividad la directora del Roberto Humeres, Patricia Pimentel, hizo entrega junto al concejal Dante Rodr\u00edguez, de un galvano al legendario deportista.<\/figcaption><\/figure>\n","protected":false},"excerpt":{"rendered":"<p>Jug\u00f3 en la Escuela 62 y el Liceo de Hombres: El pasado viernes 26 de abril el Maestro Internacional Iv\u00e1n Morovic, realiz\u00f3 una marat\u00f3nica jornada ajedrec\u00edstica, empezando a las 1:00 horas en&#8230;<\/p>\n","protected":false},"author":482,"featured_media":91716,"comment_status":"open","ping_status":"open","sticky":false,"template":"","format":"standard","meta":{"advanced_seo_description":"","jetpack_seo_html_title":"","jetpack_seo_noindex":false,"_jetpack_memberships_contains_paid_content":false,"footnotes":""},"categories":[1],"tags":[],"class_list":["post-91714","post","type-post","status-publish","format-standard","has-post-thumbnail","hentry","category-cronica"],"jetpack_featured_media_url":"https:\/\/i0.wp.com\/eltrabajo.cl\/portal\/wp-content\/uploads\/2019\/04\/Ajedrez3.jpg?fit=580%2C360&ssl=1","jetpack_sharing_enabled":true,"jetpack_likes_enabled":true,"jetpack-related-posts":[],"_links":{"self":[{"href":"https:\/\/eltrabajo.cl\/portal\/wp-json\/wp\/v2\/posts\/91714","targetHints":{"allow":["GET"]}}],"collection":[{"href":"https:\/\/eltrabajo.cl\/portal\/wp-json\/wp\/v2\/posts"}],"about":[{"href":"https:\/\/eltrabajo.cl\/portal\/wp-json\/wp\/v2\/types\/post"}],"author":[{"embeddable":true,"href":"https:\/\/eltrabajo.cl\/portal\/wp-json\/wp\/v2\/users\/482"}],"replies":[{"embeddable":true,"href":"https:\/\/eltrabajo.cl\/portal\/wp-json\/wp\/v2\/comments?post=91714"}],"version-history":[{"count":0,"href":"https:\/\/eltrabajo.cl\/portal\/wp-json\/wp\/v2\/posts\/91714\/revisions"}],"wp:featuredmedia":[{"embeddable":true,"href":"https:\/\/eltrabajo.cl\/portal\/wp-json\/wp\/v2\/media\/91716"}],"wp:attachment":[{"href":"https:\/\/eltrabajo.cl\/portal\/wp-json\/wp\/v2\/media?parent=91714"}],"wp:term":[{"taxonomy":"category","embeddable":true,"href":"https:\/\/eltrabajo.cl\/portal\/wp-json\/wp\/v2\/categories?post=91714"},{"taxonomy":"post_tag","embeddable":true,"href":"https:\/\/eltrabajo.cl\/portal\/wp-json\/wp\/v2\/tags?post=91714"}],"curies":[{"name":"wp","href":"https:\/\/api.w.org\/{rel}","templated":true}]}}