{"id":91759,"date":"2019-05-03T05:01:05","date_gmt":"2019-05-03T09:01:05","guid":{"rendered":"http:\/\/www.eltrabajo.cl\/portal\/?p=91759"},"modified":"2019-05-02T20:29:22","modified_gmt":"2019-05-03T00:29:22","slug":"continua-instalacion-de-luminarias-en-paseos-semipeatonales-en-el-centro-de-la-ciudad","status":"publish","type":"post","link":"https:\/\/eltrabajo.cl\/portal\/continua-instalacion-de-luminarias-en-paseos-semipeatonales-en-el-centro-de-la-ciudad\/","title":{"rendered":"Contin\u00faa instalaci\u00f3n de luminarias en paseos semipeatonales en el centro de la ciudad"},"content":{"rendered":"<ul>\n<li><strong>Esta implementaci\u00f3n, que no estaba contemplada originalmente en el Plan de Gesti\u00f3n de Tr\u00e1nsito y Ciclov\u00edas, fue una solicitud del alcalde Patricio Freire a Serviu tras escuchar a los vecinos.<\/strong><\/li>\n<\/ul>\n<p>Contin\u00faa la instalaci\u00f3n de las luminarias en los paseos semipeatonales del centro de San Felipe. Esta medida, que no estaba contemplada en el proyecto original del Plan de Gesti\u00f3n de Tr\u00e1nsito y Ciclov\u00edas, fue una solicitud que el alcalde Patricio Freire realiz\u00f3 al Serviu tras escuchar los requerimientos de la comunidad.<br \/>\nEn espec\u00edfico, ya se han instalado en calle Prat y, durante estos d\u00edas, inici\u00f3 este procedimiento en Salinas. As\u00ed lo inform\u00f3 Claudio Paredes, Secretario de Planificaci\u00f3n (Secpla) de la Municipalidad de San Felipe, quien adem\u00e1s agreg\u00f3 que esta solicitud se realiz\u00f3 para brindar mayor seguridad, mejorar la luminosidad y hermosear el sector.<br \/>\n\u00abAgradecemos al Serviu, quienes acogieron la solicitud del municipio y coloc\u00f3 la inversi\u00f3n necesaria, as\u00ed que hoy ya hay algunos instalados en el eje Prat, desde Combate de Las Coimas hasta Yungay y ya se est\u00e1n instalando en Salinas. Despu\u00e9s de su instalaci\u00f3n, se conectan al sistema el\u00e9ctrico y se hacen las pruebas necesarias para que Serviu d\u00e9 su autorizaci\u00f3n\u00bb, afirm\u00f3 el profesional.<br \/>\nEn la misma l\u00ednea, Paredes enfatiz\u00f3 que los trabajos del Plan de Gesti\u00f3n de Tr\u00e1nsito ya est\u00e1n finalizados, pero se encuentran en la etapa de revisi\u00f3n para evaluar cu\u00e1les son las obras a corregir, espec\u00edficamente, la correcci\u00f3n en la instalaci\u00f3n de las baldosas.<br \/>\n\u00abEl proyecto de Plan de Gesti\u00f3n ya est\u00e1 terminado, en cuanto al contrato de la empresa. Lo que ocurre hoy, es que hay un proceso de revisi\u00f3n que entrega Serviu para que en un plazo de 60 d\u00edas corrija las observaciones. En este caso, el alcalde Patricio Freire ha hecho notar su preocupaci\u00f3n por la cantidad de baldosas sueltas, por lo tanto, este proyecto no puede ser recepcionado de manera \u00f3ptima si esto no se corrige (&#8230;) Hemos sido majaderos en se\u00f1alar aquello, que este trabajo no ser\u00e1 recepcionado si no est\u00e1 corregido el 100% de las baldosas\u00bb.<\/p>\n<figure id=\"attachment_91760\" aria-describedby=\"caption-attachment-91760\" style=\"width: 580px\" class=\"wp-caption alignnone\"><img data-recalc-dims=\"1\" loading=\"lazy\" decoding=\"async\" class=\"size-full wp-image-91760\" src=\"https:\/\/i0.wp.com\/www.eltrabajo.cl\/portal\/wp-content\/uploads\/2019\/05\/luminarias.jpg?resize=580%2C360\" alt=\"Las nuevas luminarias ya se han instalado en calle Prat y, durante estos d\u00edas, se comenz\u00f3 a instalar los de calle Salinas.\" width=\"580\" height=\"360\" srcset=\"https:\/\/i0.wp.com\/eltrabajo.cl\/portal\/wp-content\/uploads\/2019\/05\/luminarias.jpg?w=580&amp;ssl=1 580w, https:\/\/i0.wp.com\/eltrabajo.cl\/portal\/wp-content\/uploads\/2019\/05\/luminarias.jpg?resize=200%2C124&amp;ssl=1 200w, https:\/\/i0.wp.com\/eltrabajo.cl\/portal\/wp-content\/uploads\/2019\/05\/luminarias.jpg?resize=300%2C186&amp;ssl=1 300w, https:\/\/i0.wp.com\/eltrabajo.cl\/portal\/wp-content\/uploads\/2019\/05\/luminarias.jpg?resize=242%2C150&amp;ssl=1 242w, https:\/\/i0.wp.com\/eltrabajo.cl\/portal\/wp-content\/uploads\/2019\/05\/luminarias.jpg?resize=400%2C248&amp;ssl=1 400w\" sizes=\"auto, (max-width: 580px) 100vw, 580px\" \/><figcaption id=\"caption-attachment-91760\" class=\"wp-caption-text\">Las nuevas luminarias ya se han instalado en calle Prat y, durante estos d\u00edas, se comenz\u00f3 a instalar los de calle Salinas.<\/figcaption><\/figure>\n","protected":false},"excerpt":{"rendered":"<p>Esta implementaci\u00f3n, que no estaba contemplada originalmente en el Plan de Gesti\u00f3n de Tr\u00e1nsito y Ciclov\u00edas, fue una solicitud del alcalde Patricio Freire a Serviu tras escuchar a los vecinos. Contin\u00faa la&#8230;<\/p>\n","protected":false},"author":482,"featured_media":91760,"comment_status":"open","ping_status":"open","sticky":false,"template":"","format":"standard","meta":{"advanced_seo_description":"","jetpack_seo_html_title":"","jetpack_seo_noindex":false,"_jetpack_memberships_contains_paid_content":false,"footnotes":""},"categories":[1],"tags":[],"class_list":["post-91759","post","type-post","status-publish","format-standard","has-post-thumbnail","hentry","category-cronica"],"jetpack_featured_media_url":"https:\/\/i0.wp.com\/eltrabajo.cl\/portal\/wp-content\/uploads\/2019\/05\/luminarias.jpg?fit=580%2C360&ssl=1","jetpack_sharing_enabled":true,"jetpack_likes_enabled":true,"jetpack-related-posts":[],"_links":{"self":[{"href":"https:\/\/eltrabajo.cl\/portal\/wp-json\/wp\/v2\/posts\/91759","targetHints":{"allow":["GET"]}}],"collection":[{"href":"https:\/\/eltrabajo.cl\/portal\/wp-json\/wp\/v2\/posts"}],"about":[{"href":"https:\/\/eltrabajo.cl\/portal\/wp-json\/wp\/v2\/types\/post"}],"author":[{"embeddable":true,"href":"https:\/\/eltrabajo.cl\/portal\/wp-json\/wp\/v2\/users\/482"}],"replies":[{"embeddable":true,"href":"https:\/\/eltrabajo.cl\/portal\/wp-json\/wp\/v2\/comments?post=91759"}],"version-history":[{"count":0,"href":"https:\/\/eltrabajo.cl\/portal\/wp-json\/wp\/v2\/posts\/91759\/revisions"}],"wp:featuredmedia":[{"embeddable":true,"href":"https:\/\/eltrabajo.cl\/portal\/wp-json\/wp\/v2\/media\/91760"}],"wp:attachment":[{"href":"https:\/\/eltrabajo.cl\/portal\/wp-json\/wp\/v2\/media?parent=91759"}],"wp:term":[{"taxonomy":"category","embeddable":true,"href":"https:\/\/eltrabajo.cl\/portal\/wp-json\/wp\/v2\/categories?post=91759"},{"taxonomy":"post_tag","embeddable":true,"href":"https:\/\/eltrabajo.cl\/portal\/wp-json\/wp\/v2\/tags?post=91759"}],"curies":[{"name":"wp","href":"https:\/\/api.w.org\/{rel}","templated":true}]}}