{"id":91762,"date":"2019-05-03T05:00:27","date_gmt":"2019-05-03T09:00:27","guid":{"rendered":"http:\/\/www.eltrabajo.cl\/portal\/?p=91762"},"modified":"2019-05-02T20:30:47","modified_gmt":"2019-05-03T00:30:47","slug":"destacan-inversion-en-infraestructura-y-equipamiento-en-cuenta-publica","status":"publish","type":"post","link":"https:\/\/eltrabajo.cl\/portal\/destacan-inversion-en-infraestructura-y-equipamiento-en-cuenta-publica\/","title":{"rendered":"Destacan inversi\u00f3n en infraestructura y equipamiento en Cuenta P\u00fablica"},"content":{"rendered":"<p><span style=\"color: #ff0000;\"><strong>Directora Servicio de Salud Aconcagua:<\/strong><\/span><\/p>\n<ul>\n<li><strong>El evento se desarroll\u00f3 en el gimnasio municipal de Santa Mar\u00eda y en \u00e9l se presentaron los principales resultados de la organizaci\u00f3n en las materias asistenciales, de gesti\u00f3n de las personas y de recursos f\u00edsicos y financieros, destac\u00e1ndose la construcci\u00f3n de cinco nuevos Cesfam en el valle de Aconcagua.<\/strong><\/li>\n<\/ul>\n<p>Con m\u00e1s de 500 personas entre las que destacaron parlamentarios, alcaldes (Santa Mar\u00eda, San Esteban, Panquehue, Calle Larga y San Felipe), consejeros regionales y dirigentes comunitarios, gremiales y funcionarios de la salud, se llev\u00f3 a efecto la cuenta p\u00fablica del Servicio de Salud Aconcagua.<br \/>\nEn la oportunidad, la directora de la organizaci\u00f3n, Susan Porras Fern\u00e1ndez, destac\u00f3 los altos niveles de inversi\u00f3n gracias al Convenio de Programaci\u00f3n GORE-Minsal, los programas Pabell\u00f3n a Punto, Hospital a Punto y de renovaci\u00f3n de equipamiento y la disminuci\u00f3n de la deuda en relaci\u00f3n al cierre del a\u00f1o 2017, la que disminuy\u00f3 aproximadamente en un 60%.<br \/>\nAs\u00ed tambi\u00e9n se presentaron los principales resultados de las gestiones de atenci\u00f3n primaria, donde se resalt\u00f3 la alta resolutividad que tienen los centros de salud familiar, los que derivan s\u00f3lo un 8% a la atenci\u00f3n secundaria y de la atenci\u00f3n secundaria, donde las listas de espera de intervenciones quir\u00fargica se redujeron en m\u00e1s de 2.000 pacientes, resalt\u00e1ndose especialmente el cumplimiento del compromiso presidencial de listas de espera NO GES.<br \/>\n\u00abHemos tenido resultados muy importantes en cuanto a las gestiones en inversiones para nuestro servicio de salud, y en \u00e1reas como la reducci\u00f3n de las listas de espera de intervenciones quir\u00fargicas. Ahora tenemos importantes desaf\u00edos como iniciar la construcci\u00f3n de los Cesfam, implementar el resonador nuclear magn\u00e9tico en el Hospital San Camilo, donde adem\u00e1s debemos llevar a cabo el Estudio Preinversional Hospitalario; tenemos que desarrollar el Proyecto de la Unidad de Paciente Cr\u00edtico para el Hospital de Los Andes y una serie de acciones que fortalecer\u00e1n nuestra red asistencial\u00bb, destac\u00f3 la autoridad.<br \/>\nFinalmente, la directora de Salud agradeci\u00f3 la disposici\u00f3n del alcalde de Santa Mar\u00eda, Claudio Zurita, por facilitar tanto el gimnasio municipal como a los diferentes equipos humanos del municipio para realizar el evento. \u00abEsta cuenta p\u00fablica se realiz\u00f3 en Santa Mar\u00eda por decisi\u00f3n de la comunidad, tanto del Consejo de Participaci\u00f3n Social como del Consejo de la Sociedad Civil. Por ello quiero agradecer al alcalde Zurita que nos facilit\u00f3 toda la implementaci\u00f3n para efectuar el evento y para recibir a las m\u00e1s de 500 personas que nos acompa\u00f1aron y a las que tambi\u00e9n agradezco su presencia\u00bb, concluy\u00f3 Susan Porras.<\/p>\n<figure id=\"attachment_91763\" aria-describedby=\"caption-attachment-91763\" style=\"width: 580px\" class=\"wp-caption alignnone\"><img data-recalc-dims=\"1\" loading=\"lazy\" decoding=\"async\" class=\"size-full wp-image-91763\" src=\"https:\/\/i0.wp.com\/www.eltrabajo.cl\/portal\/wp-content\/uploads\/2019\/05\/cuenta-publica-ssa.jpg?resize=580%2C359\" alt=\"La directora del Servicio de Salud Aconcagua, Susan Porras (al centro), junto a la Dra. Iris Boisier (izquierda) y la consejera regional Edith Quiroz.  \" width=\"580\" height=\"359\" srcset=\"https:\/\/i0.wp.com\/eltrabajo.cl\/portal\/wp-content\/uploads\/2019\/05\/cuenta-publica-ssa.jpg?w=580&amp;ssl=1 580w, https:\/\/i0.wp.com\/eltrabajo.cl\/portal\/wp-content\/uploads\/2019\/05\/cuenta-publica-ssa.jpg?resize=200%2C124&amp;ssl=1 200w, https:\/\/i0.wp.com\/eltrabajo.cl\/portal\/wp-content\/uploads\/2019\/05\/cuenta-publica-ssa.jpg?resize=300%2C186&amp;ssl=1 300w, https:\/\/i0.wp.com\/eltrabajo.cl\/portal\/wp-content\/uploads\/2019\/05\/cuenta-publica-ssa.jpg?resize=242%2C150&amp;ssl=1 242w, https:\/\/i0.wp.com\/eltrabajo.cl\/portal\/wp-content\/uploads\/2019\/05\/cuenta-publica-ssa.jpg?resize=400%2C248&amp;ssl=1 400w\" sizes=\"auto, (max-width: 580px) 100vw, 580px\" \/><figcaption id=\"caption-attachment-91763\" class=\"wp-caption-text\">La directora del Servicio de Salud Aconcagua, Susan Porras (al centro), junto a la Dra. Iris Boisier (izquierda) y la consejera regional Edith Quiroz.<\/figcaption><\/figure>\n","protected":false},"excerpt":{"rendered":"<p>Directora Servicio de Salud Aconcagua: El evento se desarroll\u00f3 en el gimnasio municipal de Santa Mar\u00eda y en \u00e9l se presentaron los principales resultados de la organizaci\u00f3n en las materias asistenciales, de&#8230;<\/p>\n","protected":false},"author":482,"featured_media":91763,"comment_status":"open","ping_status":"open","sticky":false,"template":"","format":"standard","meta":{"advanced_seo_description":"","jetpack_seo_html_title":"","jetpack_seo_noindex":false,"_jetpack_memberships_contains_paid_content":false,"footnotes":""},"categories":[1],"tags":[],"class_list":["post-91762","post","type-post","status-publish","format-standard","has-post-thumbnail","hentry","category-cronica"],"jetpack_featured_media_url":"https:\/\/i0.wp.com\/eltrabajo.cl\/portal\/wp-content\/uploads\/2019\/05\/cuenta-publica-ssa.jpg?fit=580%2C359&ssl=1","jetpack_sharing_enabled":true,"jetpack_likes_enabled":true,"jetpack-related-posts":[],"_links":{"self":[{"href":"https:\/\/eltrabajo.cl\/portal\/wp-json\/wp\/v2\/posts\/91762","targetHints":{"allow":["GET"]}}],"collection":[{"href":"https:\/\/eltrabajo.cl\/portal\/wp-json\/wp\/v2\/posts"}],"about":[{"href":"https:\/\/eltrabajo.cl\/portal\/wp-json\/wp\/v2\/types\/post"}],"author":[{"embeddable":true,"href":"https:\/\/eltrabajo.cl\/portal\/wp-json\/wp\/v2\/users\/482"}],"replies":[{"embeddable":true,"href":"https:\/\/eltrabajo.cl\/portal\/wp-json\/wp\/v2\/comments?post=91762"}],"version-history":[{"count":0,"href":"https:\/\/eltrabajo.cl\/portal\/wp-json\/wp\/v2\/posts\/91762\/revisions"}],"wp:featuredmedia":[{"embeddable":true,"href":"https:\/\/eltrabajo.cl\/portal\/wp-json\/wp\/v2\/media\/91763"}],"wp:attachment":[{"href":"https:\/\/eltrabajo.cl\/portal\/wp-json\/wp\/v2\/media?parent=91762"}],"wp:term":[{"taxonomy":"category","embeddable":true,"href":"https:\/\/eltrabajo.cl\/portal\/wp-json\/wp\/v2\/categories?post=91762"},{"taxonomy":"post_tag","embeddable":true,"href":"https:\/\/eltrabajo.cl\/portal\/wp-json\/wp\/v2\/tags?post=91762"}],"curies":[{"name":"wp","href":"https:\/\/api.w.org\/{rel}","templated":true}]}}