{"id":91795,"date":"2019-05-07T05:00:14","date_gmt":"2019-05-07T09:00:14","guid":{"rendered":"http:\/\/www.eltrabajo.cl\/portal\/?p=91795"},"modified":"2019-05-06T21:09:20","modified_gmt":"2019-05-07T01:09:20","slug":"para-el-domingo-26-se-aplazo-inicio-torneo-2019-asociacion-de-futbol-san-felipe","status":"publish","type":"post","link":"https:\/\/eltrabajo.cl\/portal\/para-el-domingo-26-se-aplazo-inicio-torneo-2019-asociacion-de-futbol-san-felipe\/","title":{"rendered":"Para el domingo 26 se aplaz\u00f3 inicio torneo 2019 Asociaci\u00f3n de F\u00fatbol San Felipe"},"content":{"rendered":"<p>No cay\u00f3 muy bien en el balompi\u00e9 aficionado sanfelipe\u00f1o la noticia que el domingo 19 de mayo no podr\u00e1 comenzar el torneo 2019 de la Asociaci\u00f3n de F\u00fatbol Amateur, a ra\u00edz que ese d\u00eda habr\u00e1 un paro regional en apoyo a la asociaci\u00f3n de Valpara\u00edso, que por estos d\u00edas est\u00e1 pasando algunos problemas con el municipio de esa comuna. \u201cNo queda m\u00e1s que respetar la decisi\u00f3n del consejo, as\u00ed que partiremos el domingo 26 con nuestra competencia\u201d, relat\u00f3 a El Trabajo Deportivo, el dirigente sanfelipe\u00f1o Ra\u00fal Reinoso, quien agreg\u00f3: \u201cYo entiendo que la gente se moleste, porque quieren jugar, pero hay que aceptar las decisiones del consejo\u201d.<br \/>\nEl m\u00e1ximo directivo del ente rector del balompi\u00e9 aficionado local, descart\u00f3 de plano la posibilidad de comenzar a jugar el domingo 12 de mayo: \u201cEs imposible porque ese es un d\u00eda especial; adem\u00e1s que todo est\u00e1 preparado para hacerlo despu\u00e9s, por lo que si no es el 19 deber\u00e1 ser el 26\u201d, culmin\u00f3.<\/p>\n<figure id=\"attachment_91796\" aria-describedby=\"caption-attachment-91796\" style=\"width: 580px\" class=\"wp-caption alignnone\"><img data-recalc-dims=\"1\" loading=\"lazy\" decoding=\"async\" class=\"size-full wp-image-91796\" src=\"https:\/\/i0.wp.com\/www.eltrabajo.cl\/portal\/wp-content\/uploads\/2019\/05\/futbol-amateur.jpg?resize=580%2C360\" alt=\"Un paro regional a nivel de asociaciones obligar\u00e1 a comenzar el 26 de mayo el torneo de este a\u00f1o en el balompi\u00e9 aficionado de San Felipe.\" width=\"580\" height=\"360\" srcset=\"https:\/\/i0.wp.com\/eltrabajo.cl\/portal\/wp-content\/uploads\/2019\/05\/futbol-amateur.jpg?w=580&amp;ssl=1 580w, https:\/\/i0.wp.com\/eltrabajo.cl\/portal\/wp-content\/uploads\/2019\/05\/futbol-amateur.jpg?resize=200%2C124&amp;ssl=1 200w, https:\/\/i0.wp.com\/eltrabajo.cl\/portal\/wp-content\/uploads\/2019\/05\/futbol-amateur.jpg?resize=300%2C186&amp;ssl=1 300w, https:\/\/i0.wp.com\/eltrabajo.cl\/portal\/wp-content\/uploads\/2019\/05\/futbol-amateur.jpg?resize=242%2C150&amp;ssl=1 242w, https:\/\/i0.wp.com\/eltrabajo.cl\/portal\/wp-content\/uploads\/2019\/05\/futbol-amateur.jpg?resize=400%2C248&amp;ssl=1 400w\" sizes=\"auto, (max-width: 580px) 100vw, 580px\" \/><figcaption id=\"caption-attachment-91796\" class=\"wp-caption-text\">Un paro regional a nivel de asociaciones obligar\u00e1 a comenzar el 26 de mayo el torneo de este a\u00f1o en el balompi\u00e9 aficionado de San Felipe.<\/figcaption><\/figure>\n","protected":false},"excerpt":{"rendered":"<p>No cay\u00f3 muy bien en el balompi\u00e9 aficionado sanfelipe\u00f1o la noticia que el domingo 19 de mayo no podr\u00e1 comenzar el torneo 2019 de la Asociaci\u00f3n de F\u00fatbol Amateur, a ra\u00edz que&#8230;<\/p>\n","protected":false},"author":482,"featured_media":91796,"comment_status":"open","ping_status":"open","sticky":false,"template":"","format":"standard","meta":{"advanced_seo_description":"","jetpack_seo_html_title":"","jetpack_seo_noindex":false,"_jetpack_memberships_contains_paid_content":false,"footnotes":""},"categories":[19],"tags":[],"class_list":["post-91795","post","type-post","status-publish","format-standard","has-post-thumbnail","hentry","category-deportes"],"jetpack_featured_media_url":"https:\/\/i0.wp.com\/eltrabajo.cl\/portal\/wp-content\/uploads\/2019\/05\/futbol-amateur.jpg?fit=580%2C360&ssl=1","jetpack_sharing_enabled":true,"jetpack_likes_enabled":true,"jetpack-related-posts":[],"_links":{"self":[{"href":"https:\/\/eltrabajo.cl\/portal\/wp-json\/wp\/v2\/posts\/91795","targetHints":{"allow":["GET"]}}],"collection":[{"href":"https:\/\/eltrabajo.cl\/portal\/wp-json\/wp\/v2\/posts"}],"about":[{"href":"https:\/\/eltrabajo.cl\/portal\/wp-json\/wp\/v2\/types\/post"}],"author":[{"embeddable":true,"href":"https:\/\/eltrabajo.cl\/portal\/wp-json\/wp\/v2\/users\/482"}],"replies":[{"embeddable":true,"href":"https:\/\/eltrabajo.cl\/portal\/wp-json\/wp\/v2\/comments?post=91795"}],"version-history":[{"count":0,"href":"https:\/\/eltrabajo.cl\/portal\/wp-json\/wp\/v2\/posts\/91795\/revisions"}],"wp:featuredmedia":[{"embeddable":true,"href":"https:\/\/eltrabajo.cl\/portal\/wp-json\/wp\/v2\/media\/91796"}],"wp:attachment":[{"href":"https:\/\/eltrabajo.cl\/portal\/wp-json\/wp\/v2\/media?parent=91795"}],"wp:term":[{"taxonomy":"category","embeddable":true,"href":"https:\/\/eltrabajo.cl\/portal\/wp-json\/wp\/v2\/categories?post=91795"},{"taxonomy":"post_tag","embeddable":true,"href":"https:\/\/eltrabajo.cl\/portal\/wp-json\/wp\/v2\/tags?post=91795"}],"curies":[{"name":"wp","href":"https:\/\/api.w.org\/{rel}","templated":true}]}}