{"id":91801,"date":"2019-05-07T05:02:52","date_gmt":"2019-05-07T09:02:52","guid":{"rendered":"http:\/\/www.eltrabajo.cl\/portal\/?p=91801"},"modified":"2019-05-06T21:19:09","modified_gmt":"2019-05-07T01:19:09","slug":"gobernacion-coordina-plan-para-aumentar-seguridad-en-el-centro","status":"publish","type":"post","link":"https:\/\/eltrabajo.cl\/portal\/gobernacion-coordina-plan-para-aumentar-seguridad-en-el-centro\/","title":{"rendered":"Gobernaci\u00f3n coordina plan para aumentar seguridad en el centro"},"content":{"rendered":"<ul>\n<li><strong><span style=\"color: #ff0000;\">Se incrementar\u00e1n rondas preventivas nocturnas<\/span> por parte de Carabineros y Municipio, adem\u00e1s se podar\u00e1n \u00e1rboles para mejorar visibilidad de c\u00e1maras de vigilancia<\/strong><\/li>\n<\/ul>\n<p>Una reuni\u00f3n para proponer un conjunto de medidas preventivas y as\u00ed evitar los delitos en la zona c\u00e9ntrica de la comuna de San Felipe, encabez\u00f3 el gobernador Claudio Rodr\u00edguez Cataldo. Esto luego de los hechos delictuales que han afectado este sector en las \u00faltimas semanas.<br \/>\nEl encuentro, que cont\u00f3 con la participaci\u00f3n de representantes de la C\u00e1mara de Comercio de San Felipe; adem\u00e1s de la Municipalidad, Carabineros y PDI, permiti\u00f3 abordar de manera conjunta este fen\u00f3meno.<br \/>\n\u00abTodos estamos enterados de la ola de robos que se ha instalado en el centro de San Felipe, que ha afectado a un n\u00famero importante de comerciantes y por eso hemos convocado a esta reuni\u00f3n. De manera conjunta, tal como nos ha encomendado el Presidente Sebasti\u00e1n Pi\u00f1era, hemos analizado la situaci\u00f3n, por lo que adoptamos algunas medidas que esperemos nos ayuden a controlar estos il\u00edcitos. Carabineros asumi\u00f3 el compromiso de aumentar los patrullajes nocturnos; mientras el municipio espera aportar a lo menos con una de sus camionetas de seguridad p\u00fablica para rondas nocturnas; tambi\u00e9n se rebajar\u00e1 el follaje de \u00e1rboles que impiden la visibilidad de las c\u00e1maras de televigilancia y con la participaci\u00f3n de los comerciantes se analizar\u00e1n las necesidades del gremio en mayor detalle\u00bb, se\u00f1al\u00f3 el gobernador.<br \/>\nDicho anuncio fue valorado por el presidente de la C\u00e1mara de Comercio y Turismo sanfelipe\u00f1a, Ricardo Figueroa, quien reconoci\u00f3 que se trata de medidas concretas, algunas de las cuales ya se est\u00e1n implementando. \u00abComo comerciantes pedimos reforzar la vigilancia nocturna al municipio, las autoridades policiales y al gobernador y esto ya se est\u00e1 realizando. Esto se suma a la novedad de que tendremos una camioneta municipal para tener m\u00e1s seguridad durante las noches y as\u00ed los comerciantes del centro puedan estar m\u00e1s tranquilos\u00bb, reconoci\u00f3 el dirigente.<br \/>\nAsimismo, el gobernador destac\u00f3 que estas medidas en ning\u00fan caso significar\u00e1n el descuidar la seguridad de otras zonas de la comuna o de otras ciudades de la provincia de San Felipe.<\/p>\n<figure id=\"attachment_91802\" aria-describedby=\"caption-attachment-91802\" style=\"width: 580px\" class=\"wp-caption alignnone\"><img data-recalc-dims=\"1\" loading=\"lazy\" decoding=\"async\" class=\"size-full wp-image-91802\" src=\"https:\/\/i0.wp.com\/www.eltrabajo.cl\/portal\/wp-content\/uploads\/2019\/05\/REUNION-SEGURIDAD-GOBERNACION.jpg?resize=580%2C360\" alt=\"OLA DE DELITOS.- Representantes de la C\u00e1mara de Comercio, municipalidad, Carabineros y PDI participaron de la reuni\u00f3n convocada por el gobernador Claudio Rodr\u00edguez para proponer un conjunto de medidas preventivas.\" width=\"580\" height=\"360\" srcset=\"https:\/\/i0.wp.com\/eltrabajo.cl\/portal\/wp-content\/uploads\/2019\/05\/REUNION-SEGURIDAD-GOBERNACION.jpg?w=580&amp;ssl=1 580w, https:\/\/i0.wp.com\/eltrabajo.cl\/portal\/wp-content\/uploads\/2019\/05\/REUNION-SEGURIDAD-GOBERNACION.jpg?resize=200%2C124&amp;ssl=1 200w, https:\/\/i0.wp.com\/eltrabajo.cl\/portal\/wp-content\/uploads\/2019\/05\/REUNION-SEGURIDAD-GOBERNACION.jpg?resize=300%2C186&amp;ssl=1 300w, https:\/\/i0.wp.com\/eltrabajo.cl\/portal\/wp-content\/uploads\/2019\/05\/REUNION-SEGURIDAD-GOBERNACION.jpg?resize=242%2C150&amp;ssl=1 242w, https:\/\/i0.wp.com\/eltrabajo.cl\/portal\/wp-content\/uploads\/2019\/05\/REUNION-SEGURIDAD-GOBERNACION.jpg?resize=400%2C248&amp;ssl=1 400w\" sizes=\"auto, (max-width: 580px) 100vw, 580px\" \/><figcaption id=\"caption-attachment-91802\" class=\"wp-caption-text\">OLA DE DELITOS.- Representantes de la C\u00e1mara de Comercio, municipalidad, Carabineros y PDI participaron de la reuni\u00f3n convocada por el gobernador Claudio Rodr\u00edguez para proponer un conjunto de medidas preventivas.<\/figcaption><\/figure>\n","protected":false},"excerpt":{"rendered":"<p>Se incrementar\u00e1n rondas preventivas nocturnas por parte de Carabineros y Municipio, adem\u00e1s se podar\u00e1n \u00e1rboles para mejorar visibilidad de c\u00e1maras de vigilancia Una reuni\u00f3n para proponer un conjunto de medidas preventivas y&#8230;<\/p>\n","protected":false},"author":482,"featured_media":91802,"comment_status":"open","ping_status":"open","sticky":false,"template":"","format":"standard","meta":{"advanced_seo_description":"","jetpack_seo_html_title":"","jetpack_seo_noindex":false,"_jetpack_memberships_contains_paid_content":false,"footnotes":""},"categories":[1],"tags":[],"class_list":["post-91801","post","type-post","status-publish","format-standard","has-post-thumbnail","hentry","category-cronica"],"jetpack_featured_media_url":"https:\/\/i0.wp.com\/eltrabajo.cl\/portal\/wp-content\/uploads\/2019\/05\/REUNION-SEGURIDAD-GOBERNACION.jpg?fit=580%2C360&ssl=1","jetpack_sharing_enabled":true,"jetpack_likes_enabled":true,"jetpack-related-posts":[],"_links":{"self":[{"href":"https:\/\/eltrabajo.cl\/portal\/wp-json\/wp\/v2\/posts\/91801","targetHints":{"allow":["GET"]}}],"collection":[{"href":"https:\/\/eltrabajo.cl\/portal\/wp-json\/wp\/v2\/posts"}],"about":[{"href":"https:\/\/eltrabajo.cl\/portal\/wp-json\/wp\/v2\/types\/post"}],"author":[{"embeddable":true,"href":"https:\/\/eltrabajo.cl\/portal\/wp-json\/wp\/v2\/users\/482"}],"replies":[{"embeddable":true,"href":"https:\/\/eltrabajo.cl\/portal\/wp-json\/wp\/v2\/comments?post=91801"}],"version-history":[{"count":0,"href":"https:\/\/eltrabajo.cl\/portal\/wp-json\/wp\/v2\/posts\/91801\/revisions"}],"wp:featuredmedia":[{"embeddable":true,"href":"https:\/\/eltrabajo.cl\/portal\/wp-json\/wp\/v2\/media\/91802"}],"wp:attachment":[{"href":"https:\/\/eltrabajo.cl\/portal\/wp-json\/wp\/v2\/media?parent=91801"}],"wp:term":[{"taxonomy":"category","embeddable":true,"href":"https:\/\/eltrabajo.cl\/portal\/wp-json\/wp\/v2\/categories?post=91801"},{"taxonomy":"post_tag","embeddable":true,"href":"https:\/\/eltrabajo.cl\/portal\/wp-json\/wp\/v2\/tags?post=91801"}],"curies":[{"name":"wp","href":"https:\/\/api.w.org\/{rel}","templated":true}]}}