{"id":91811,"date":"2019-05-07T05:07:37","date_gmt":"2019-05-07T09:07:37","guid":{"rendered":"http:\/\/www.eltrabajo.cl\/portal\/?p=91811"},"modified":"2019-05-06T21:26:54","modified_gmt":"2019-05-07T01:26:54","slug":"inician-sumario-contra-funcionario-municipal-por-cobros-irregulares-en-permisos-de-circulacion","status":"publish","type":"post","link":"https:\/\/eltrabajo.cl\/portal\/inician-sumario-contra-funcionario-municipal-por-cobros-irregulares-en-permisos-de-circulacion\/","title":{"rendered":"Inician sumario contra funcionario municipal por cobros irregulares en permisos de circulaci\u00f3n"},"content":{"rendered":"<ul>\n<li><strong>Conforme a lo que dicta la norma, el alcalde Patricio Freire instruy\u00f3 un sumario administrativo y se presentaron los antecedentes que existen al Ministerio P\u00fablico.<\/strong><\/li>\n<\/ul>\n<p>La Municipalidad de San Felipe inform\u00f3 que, una vez conocido los antecedentes presentados por la Direcci\u00f3n de Tr\u00e1nsito, se instruy\u00f3 un sumario administrativo para determinar la responsabilidad de un funcionario de planta, quien habr\u00eda incurrido en la comisi\u00f3n de un il\u00edcito durante el proceso de renovaci\u00f3n de Permisos de Circulaci\u00f3n 2019.<br \/>\nConforme a lo indica la normativa y dado que este acto podr\u00eda ser constitutivo de la figura de fraude al fisco, se realiz\u00f3 la denuncia respectiva ante el Ministerio P\u00fablico de San Felipe.<br \/>\n\u00abEl director de Tr\u00e1nsito, revisando el proceso final, advirti\u00f3 algunas anomal\u00edas en la participaci\u00f3n de un funcionario que estuvo en el equipo de renovaci\u00f3n de los Permisos de Circulaci\u00f3n 2019. Tras informar del hecho mediante memor\u00e1ndum interno, el alcalde -en cumplimiento de sus funciones- dio cuenta a la justicia y, en paralelo, decret\u00f3 la instrucci\u00f3n de un sumario administrativo, se nombr\u00f3 un fiscal, quien inici\u00f3 la investigaci\u00f3n\u00bb, explic\u00f3 el director jur\u00eddico del municipio, Jorge Jara.<br \/>\nPrecis\u00f3 que el funcionario a\u00fan no comparece, \u00ab\u00e9l se encuentra con licencia m\u00e9dica, es una diligencia pendiente, pero el fiscal avanza en los antecedentes que permitan aclarar el il\u00edcito en cuesti\u00f3n, la forma de operar y el per\u00edodo en el cual se habr\u00eda cometido\u00bb.<br \/>\nCabe consignar que lo informado por la Direcci\u00f3n de Tr\u00e1nsito fue una muestra aleatoria y en funci\u00f3n de lo detectado, se revisar\u00e1 todo el per\u00edodo correspondiente a este a\u00f1o.<br \/>\nDado que es una investigaci\u00f3n en curso y que la ampara el secreto de sumario, s\u00f3lo se puede precisar que se tratar\u00eda de una intervenci\u00f3n inform\u00e1tica de los c\u00f3digos de los veh\u00edculos, lo que permit\u00eda reducir su valor real, beneficiando as\u00ed al contribuyente.<br \/>\n\u00abInsisto, al tratarse de una investigaci\u00f3n que est\u00e1 en proceso, es dif\u00edcil a\u00fan pronunciarse sobre c\u00f3mo fue la l\u00ednea de actuaci\u00f3n que habr\u00eda usado este funcionario\u00bb, coment\u00f3 el director jur\u00eddico.<\/p>\n<figure id=\"attachment_91812\" aria-describedby=\"caption-attachment-91812\" style=\"width: 577px\" class=\"wp-caption alignnone\"><img data-recalc-dims=\"1\" loading=\"lazy\" decoding=\"async\" class=\"size-full wp-image-91812\" src=\"https:\/\/i0.wp.com\/www.eltrabajo.cl\/portal\/wp-content\/uploads\/2019\/05\/permisos1.jpg?resize=577%2C360\" alt=\"El director de Tr\u00e1nsito advirti\u00f3 algunas anomal\u00edas en el proceso de renovaci\u00f3n de los permisos de circulaci\u00f3n 2019 por parte de un funcionario que estuvo en el equipo. (Foto archivo).\" width=\"577\" height=\"360\" srcset=\"https:\/\/i0.wp.com\/eltrabajo.cl\/portal\/wp-content\/uploads\/2019\/05\/permisos1.jpg?w=577&amp;ssl=1 577w, https:\/\/i0.wp.com\/eltrabajo.cl\/portal\/wp-content\/uploads\/2019\/05\/permisos1.jpg?resize=200%2C125&amp;ssl=1 200w, https:\/\/i0.wp.com\/eltrabajo.cl\/portal\/wp-content\/uploads\/2019\/05\/permisos1.jpg?resize=300%2C187&amp;ssl=1 300w, https:\/\/i0.wp.com\/eltrabajo.cl\/portal\/wp-content\/uploads\/2019\/05\/permisos1.jpg?resize=240%2C150&amp;ssl=1 240w, https:\/\/i0.wp.com\/eltrabajo.cl\/portal\/wp-content\/uploads\/2019\/05\/permisos1.jpg?resize=400%2C250&amp;ssl=1 400w\" sizes=\"auto, (max-width: 577px) 100vw, 577px\" \/><figcaption id=\"caption-attachment-91812\" class=\"wp-caption-text\">El director de Tr\u00e1nsito advirti\u00f3 algunas anomal\u00edas en el proceso de renovaci\u00f3n de los permisos de circulaci\u00f3n 2019 por parte de un funcionario que estuvo en el equipo. (Foto archivo).<\/figcaption><\/figure>\n","protected":false},"excerpt":{"rendered":"<p>Conforme a lo que dicta la norma, el alcalde Patricio Freire instruy\u00f3 un sumario administrativo y se presentaron los antecedentes que existen al Ministerio P\u00fablico. La Municipalidad de San Felipe inform\u00f3 que,&#8230;<\/p>\n","protected":false},"author":482,"featured_media":91812,"comment_status":"open","ping_status":"open","sticky":false,"template":"","format":"standard","meta":{"advanced_seo_description":"","jetpack_seo_html_title":"","jetpack_seo_noindex":false,"_jetpack_memberships_contains_paid_content":false,"footnotes":""},"categories":[1],"tags":[],"class_list":["post-91811","post","type-post","status-publish","format-standard","has-post-thumbnail","hentry","category-cronica"],"jetpack_featured_media_url":"https:\/\/i0.wp.com\/eltrabajo.cl\/portal\/wp-content\/uploads\/2019\/05\/permisos1.jpg?fit=577%2C360&ssl=1","jetpack_sharing_enabled":true,"jetpack_likes_enabled":true,"jetpack-related-posts":[],"_links":{"self":[{"href":"https:\/\/eltrabajo.cl\/portal\/wp-json\/wp\/v2\/posts\/91811","targetHints":{"allow":["GET"]}}],"collection":[{"href":"https:\/\/eltrabajo.cl\/portal\/wp-json\/wp\/v2\/posts"}],"about":[{"href":"https:\/\/eltrabajo.cl\/portal\/wp-json\/wp\/v2\/types\/post"}],"author":[{"embeddable":true,"href":"https:\/\/eltrabajo.cl\/portal\/wp-json\/wp\/v2\/users\/482"}],"replies":[{"embeddable":true,"href":"https:\/\/eltrabajo.cl\/portal\/wp-json\/wp\/v2\/comments?post=91811"}],"version-history":[{"count":0,"href":"https:\/\/eltrabajo.cl\/portal\/wp-json\/wp\/v2\/posts\/91811\/revisions"}],"wp:featuredmedia":[{"embeddable":true,"href":"https:\/\/eltrabajo.cl\/portal\/wp-json\/wp\/v2\/media\/91812"}],"wp:attachment":[{"href":"https:\/\/eltrabajo.cl\/portal\/wp-json\/wp\/v2\/media?parent=91811"}],"wp:term":[{"taxonomy":"category","embeddable":true,"href":"https:\/\/eltrabajo.cl\/portal\/wp-json\/wp\/v2\/categories?post=91811"},{"taxonomy":"post_tag","embeddable":true,"href":"https:\/\/eltrabajo.cl\/portal\/wp-json\/wp\/v2\/tags?post=91811"}],"curies":[{"name":"wp","href":"https:\/\/api.w.org\/{rel}","templated":true}]}}