{"id":91815,"date":"2019-05-08T05:00:54","date_gmt":"2019-05-08T09:00:54","guid":{"rendered":"http:\/\/www.eltrabajo.cl\/portal\/?p=91815"},"modified":"2019-05-07T20:43:22","modified_gmt":"2019-05-08T00:43:22","slug":"municipio-subvencionara-realizacion-de-la-primera-pelicula-en-san-felipe","status":"publish","type":"post","link":"https:\/\/eltrabajo.cl\/portal\/municipio-subvencionara-realizacion-de-la-primera-pelicula-en-san-felipe\/","title":{"rendered":"Municipio subvencionar\u00e1 realizaci\u00f3n de la primera pel\u00edcula en San Felipe"},"content":{"rendered":"<ul>\n<li><strong>Aporte a la productora permitir\u00eda crear una alianza destinada a que la pel\u00edcula sirva como un apoyo para mostrar la comuna al mundo.<\/strong><\/li>\n<\/ul>\n<p>Este viernes 10 y s\u00e1bado 11 de mayo, en el Conjunto Patrimonial Buen Pastor, se realizar\u00e1 un casting masivo para participar del primer largometraje que se grabar\u00e1 en la ciudad de San Felipe y que cuenta con el apoyo del municipio.<br \/>\nLas audiciones partir\u00e1n a las 10 de la ma\u00f1ana y se extender\u00e1n hasta las 20 horas, los interesados pueden obtener mayor informaci\u00f3n escribiendo al correo castinghistoriaygeografia@gmail.com<br \/>\nLo anterior es parte del convenio que suscribi\u00f3 el alcalde Patricio Freire con la productora, en la cual se formaliza la entrega de una subvenci\u00f3n de $10 millones, aprobado por el Concejo Municipal, y que busca apoyar parte del costo que tiene esta producci\u00f3n en la ciudad.<br \/>\nEsto permite respaldar la realizaci\u00f3n de la pel\u00edcula \u00abHistoria y Geograf\u00eda\u00bb, nombre tentativo del proyecto que ser\u00e1 dirigido por el director sanfelipe\u00f1o Bernardo Quesney, cuyas filmaciones se realizar\u00e1n en diferentes locaciones de San Felipe y alrededores.<br \/>\nEl convenio incluye realizar un evento de exhibici\u00f3n o Avant Premiere en la comuna, ser\u00e1 de car\u00e1cter gratuito y abierto para toda la comunidad con la participaci\u00f3n del elenco principal de la pel\u00edcula, como as\u00ed tambi\u00e9n parte del equipo realizador.<br \/>\nEl alcalde Patricio Freire record\u00f3 que este proyecto quiere potenciar tur\u00edsticamente la comuna de San Felipe a trav\u00e9s de la producci\u00f3n y exhibici\u00f3n de esta pel\u00edcula en todo Chile y el mundo, \u00abpor eso, se incluye la realizaci\u00f3n y producci\u00f3n de un video promocional, en conjunto con la municipalidad, para los fines que \u00e9sta estime conveniente. De la misma forma, busca ser un incentivo para futuras producciones audiovisuales que se pretendan realizar en la zona\u00bb, coment\u00f3.<br \/>\nPor su parte Bernardo Quesney valor\u00f3 el apoyo que existe hacia este proyecto: \u00abHoy necesitamos a los sanfelipe\u00f1os que quieren actuar o participar de alguna forma, esta pel\u00edcula es para ustedes y de ustedes. Queremos invitarlos al casting, lo que pedimos es que lleguen personas que se atrevan a actuar, para eso es necesario ser expresivo y tambi\u00e9n buscaremos locaciones: casas, lugares, calles y empresas, con el objeto de mostrar la comuna al mundo\u00bb, coment\u00f3.<\/p>\n<figure id=\"attachment_91816\" aria-describedby=\"caption-attachment-91816\" style=\"width: 580px\" class=\"wp-caption alignnone\"><img data-recalc-dims=\"1\" loading=\"lazy\" decoding=\"async\" class=\"size-full wp-image-91816\" src=\"https:\/\/i0.wp.com\/www.eltrabajo.cl\/portal\/wp-content\/uploads\/2019\/05\/macarena-vargas-freire-quesney.jpg?resize=580%2C360\" alt=\"Macarena Vargas, encargada oficina de Turismo, junto al alcalde Patricio Freire Canto y el director sanfelipe\u00f1o Bernardo Quesney.\" width=\"580\" height=\"360\" srcset=\"https:\/\/i0.wp.com\/eltrabajo.cl\/portal\/wp-content\/uploads\/2019\/05\/macarena-vargas-freire-quesney.jpg?w=580&amp;ssl=1 580w, https:\/\/i0.wp.com\/eltrabajo.cl\/portal\/wp-content\/uploads\/2019\/05\/macarena-vargas-freire-quesney.jpg?resize=200%2C124&amp;ssl=1 200w, https:\/\/i0.wp.com\/eltrabajo.cl\/portal\/wp-content\/uploads\/2019\/05\/macarena-vargas-freire-quesney.jpg?resize=300%2C186&amp;ssl=1 300w, https:\/\/i0.wp.com\/eltrabajo.cl\/portal\/wp-content\/uploads\/2019\/05\/macarena-vargas-freire-quesney.jpg?resize=242%2C150&amp;ssl=1 242w, https:\/\/i0.wp.com\/eltrabajo.cl\/portal\/wp-content\/uploads\/2019\/05\/macarena-vargas-freire-quesney.jpg?resize=400%2C248&amp;ssl=1 400w\" sizes=\"auto, (max-width: 580px) 100vw, 580px\" \/><figcaption id=\"caption-attachment-91816\" class=\"wp-caption-text\">Macarena Vargas, encargada oficina de Turismo, junto al alcalde Patricio Freire Canto y el director sanfelipe\u00f1o Bernardo Quesney.<\/figcaption><\/figure>\n","protected":false},"excerpt":{"rendered":"<p>Aporte a la productora permitir\u00eda crear una alianza destinada a que la pel\u00edcula sirva como un apoyo para mostrar la comuna al mundo. Este viernes 10 y s\u00e1bado 11 de mayo, en&#8230;<\/p>\n","protected":false},"author":482,"featured_media":91816,"comment_status":"open","ping_status":"open","sticky":false,"template":"","format":"standard","meta":{"advanced_seo_description":"","jetpack_seo_html_title":"","jetpack_seo_noindex":false,"_jetpack_memberships_contains_paid_content":false,"footnotes":""},"categories":[1],"tags":[],"class_list":["post-91815","post","type-post","status-publish","format-standard","has-post-thumbnail","hentry","category-cronica"],"jetpack_featured_media_url":"https:\/\/i0.wp.com\/eltrabajo.cl\/portal\/wp-content\/uploads\/2019\/05\/macarena-vargas-freire-quesney.jpg?fit=580%2C360&ssl=1","jetpack_sharing_enabled":true,"jetpack_likes_enabled":true,"jetpack-related-posts":[],"_links":{"self":[{"href":"https:\/\/eltrabajo.cl\/portal\/wp-json\/wp\/v2\/posts\/91815","targetHints":{"allow":["GET"]}}],"collection":[{"href":"https:\/\/eltrabajo.cl\/portal\/wp-json\/wp\/v2\/posts"}],"about":[{"href":"https:\/\/eltrabajo.cl\/portal\/wp-json\/wp\/v2\/types\/post"}],"author":[{"embeddable":true,"href":"https:\/\/eltrabajo.cl\/portal\/wp-json\/wp\/v2\/users\/482"}],"replies":[{"embeddable":true,"href":"https:\/\/eltrabajo.cl\/portal\/wp-json\/wp\/v2\/comments?post=91815"}],"version-history":[{"count":0,"href":"https:\/\/eltrabajo.cl\/portal\/wp-json\/wp\/v2\/posts\/91815\/revisions"}],"wp:featuredmedia":[{"embeddable":true,"href":"https:\/\/eltrabajo.cl\/portal\/wp-json\/wp\/v2\/media\/91816"}],"wp:attachment":[{"href":"https:\/\/eltrabajo.cl\/portal\/wp-json\/wp\/v2\/media?parent=91815"}],"wp:term":[{"taxonomy":"category","embeddable":true,"href":"https:\/\/eltrabajo.cl\/portal\/wp-json\/wp\/v2\/categories?post=91815"},{"taxonomy":"post_tag","embeddable":true,"href":"https:\/\/eltrabajo.cl\/portal\/wp-json\/wp\/v2\/tags?post=91815"}],"curies":[{"name":"wp","href":"https:\/\/api.w.org\/{rel}","templated":true}]}}