{"id":91818,"date":"2019-05-08T05:01:26","date_gmt":"2019-05-08T09:01:26","guid":{"rendered":"http:\/\/www.eltrabajo.cl\/portal\/?p=91818"},"modified":"2019-05-07T20:45:32","modified_gmt":"2019-05-08T00:45:32","slug":"por-falta-de-terreno-propio-san-felipe-no-cuenta-con-escombrera-municipal","status":"publish","type":"post","link":"https:\/\/eltrabajo.cl\/portal\/por-falta-de-terreno-propio-san-felipe-no-cuenta-con-escombrera-municipal\/","title":{"rendered":"Por falta de terreno propio San Felipe no cuenta con escombrera municipal"},"content":{"rendered":"<p>Este martes en sesi\u00f3n del Concejo Municipal se trat\u00f3 un punto bastante importante y que tiene que ver con el hecho que San Felipe no cuenta con una escombrera, es decir un lugar habilitado para depositar escombros y desechos.<br \/>\nEl director jur\u00eddico de la Municipalidad de San Felipe, Jorge Jara Catal\u00e1n, dijo que esto fue observado por la Contralor\u00eda en el \u00faltimo informe de fiscalizaci\u00f3n respecto del funcionamiento de extracciones y faenas de \u00e1ridos: \u00abAhora el municipio no est\u00e1 obligado a tener una escombrera, porque es una decisi\u00f3n que la administraci\u00f3n respectiva tiene que asumir sobre el punto; segundo, para habilitar una escombrera municipal, la municipalidad debiera ser propietaria de un terreno que cuente con las condiciones t\u00e9cnicas para ser destinado a ese objetivo y el municipio no cuenta con un terreno de esas caracter\u00edsticas, entonces creemos nosotros que la \u00faltima alternativa disponible para esa materia es que un privado ofrezca un inmueble que sea de su propiedad para efecto de destinarlo a escombrera, con los requisitos legales. Hay un par de posibilidades que se est\u00e1n analizando en una comisi\u00f3n que est\u00e1 trabajando el tema, pero yo no estoy en condiciones de dar la certeza y seguridad de plazos y posibilidades reales, eso va a depender del inter\u00e9s del particular, si van a llevar adelante ese proyecto o no\u00bb, indic\u00f3.<br \/>\nSe coment\u00f3 en el Concejo que una posibilidad podr\u00eda ser el Fundo La Pe\u00f1a, que est\u00e1 bajo la administraci\u00f3n del municipio de San Felipe, sin embargo ese lugar est\u00e1 destinado para proyectos deportivos, por lo que se hace imposible establecer ah\u00ed una escombrera. El Fundo La Pe\u00f1a se compone de dos lotes de 18 hect\u00e1reas y est\u00e1 en comodato por 30 a\u00f1os.<br \/>\nOtro lugar por el cual se van a hacer las consultas t\u00e9cnicas a la Seremi de Bienes Nacionales es borde r\u00edo, \u00abporque no cumplir\u00eda en principio con las exigencias que en la propia concesi\u00f3n que se otorg\u00f3 al municipio, se estableci\u00f3\u00bb, se\u00f1al\u00f3 Jara.<br \/>\nUna escombrera municipal es un lugar que se establece por parte de los municipios para la disposici\u00f3n final de los materiales y elementos a que se refiere esta resoluci\u00f3n, que se denominar\u00e1n escombreras municipales.<\/p>\n<figure id=\"attachment_91819\" aria-describedby=\"caption-attachment-91819\" style=\"width: 580px\" class=\"wp-caption alignnone\"><img data-recalc-dims=\"1\" loading=\"lazy\" decoding=\"async\" class=\"size-full wp-image-91819\" src=\"https:\/\/i0.wp.com\/www.eltrabajo.cl\/portal\/wp-content\/uploads\/2019\/05\/jorge-jara.jpg?resize=580%2C359\" alt=\"Jorge Jara Catal\u00e1n, director jur\u00eddico de la Municipalidad de San Felipe.\" width=\"580\" height=\"359\" srcset=\"https:\/\/i0.wp.com\/eltrabajo.cl\/portal\/wp-content\/uploads\/2019\/05\/jorge-jara.jpg?w=580&amp;ssl=1 580w, https:\/\/i0.wp.com\/eltrabajo.cl\/portal\/wp-content\/uploads\/2019\/05\/jorge-jara.jpg?resize=200%2C124&amp;ssl=1 200w, https:\/\/i0.wp.com\/eltrabajo.cl\/portal\/wp-content\/uploads\/2019\/05\/jorge-jara.jpg?resize=300%2C186&amp;ssl=1 300w, https:\/\/i0.wp.com\/eltrabajo.cl\/portal\/wp-content\/uploads\/2019\/05\/jorge-jara.jpg?resize=242%2C150&amp;ssl=1 242w, https:\/\/i0.wp.com\/eltrabajo.cl\/portal\/wp-content\/uploads\/2019\/05\/jorge-jara.jpg?resize=400%2C248&amp;ssl=1 400w\" sizes=\"auto, (max-width: 580px) 100vw, 580px\" \/><figcaption id=\"caption-attachment-91819\" class=\"wp-caption-text\">Jorge Jara Catal\u00e1n, director jur\u00eddico de la Municipalidad de San Felipe.<\/figcaption><\/figure>\n","protected":false},"excerpt":{"rendered":"<p>Este martes en sesi\u00f3n del Concejo Municipal se trat\u00f3 un punto bastante importante y que tiene que ver con el hecho que San Felipe no cuenta con una escombrera, es decir un&#8230;<\/p>\n","protected":false},"author":482,"featured_media":91819,"comment_status":"open","ping_status":"open","sticky":false,"template":"","format":"standard","meta":{"advanced_seo_description":"","jetpack_seo_html_title":"","jetpack_seo_noindex":false,"_jetpack_memberships_contains_paid_content":false,"footnotes":""},"categories":[1],"tags":[],"class_list":["post-91818","post","type-post","status-publish","format-standard","has-post-thumbnail","hentry","category-cronica"],"jetpack_featured_media_url":"https:\/\/i0.wp.com\/eltrabajo.cl\/portal\/wp-content\/uploads\/2019\/05\/jorge-jara.jpg?fit=580%2C359&ssl=1","jetpack_sharing_enabled":true,"jetpack_likes_enabled":true,"jetpack-related-posts":[],"_links":{"self":[{"href":"https:\/\/eltrabajo.cl\/portal\/wp-json\/wp\/v2\/posts\/91818","targetHints":{"allow":["GET"]}}],"collection":[{"href":"https:\/\/eltrabajo.cl\/portal\/wp-json\/wp\/v2\/posts"}],"about":[{"href":"https:\/\/eltrabajo.cl\/portal\/wp-json\/wp\/v2\/types\/post"}],"author":[{"embeddable":true,"href":"https:\/\/eltrabajo.cl\/portal\/wp-json\/wp\/v2\/users\/482"}],"replies":[{"embeddable":true,"href":"https:\/\/eltrabajo.cl\/portal\/wp-json\/wp\/v2\/comments?post=91818"}],"version-history":[{"count":0,"href":"https:\/\/eltrabajo.cl\/portal\/wp-json\/wp\/v2\/posts\/91818\/revisions"}],"wp:featuredmedia":[{"embeddable":true,"href":"https:\/\/eltrabajo.cl\/portal\/wp-json\/wp\/v2\/media\/91819"}],"wp:attachment":[{"href":"https:\/\/eltrabajo.cl\/portal\/wp-json\/wp\/v2\/media?parent=91818"}],"wp:term":[{"taxonomy":"category","embeddable":true,"href":"https:\/\/eltrabajo.cl\/portal\/wp-json\/wp\/v2\/categories?post=91818"},{"taxonomy":"post_tag","embeddable":true,"href":"https:\/\/eltrabajo.cl\/portal\/wp-json\/wp\/v2\/tags?post=91818"}],"curies":[{"name":"wp","href":"https:\/\/api.w.org\/{rel}","templated":true}]}}