{"id":91856,"date":"2019-05-09T05:01:35","date_gmt":"2019-05-09T09:01:35","guid":{"rendered":"http:\/\/www.eltrabajo.cl\/portal\/?p=91856"},"modified":"2019-05-08T21:00:41","modified_gmt":"2019-05-09T01:00:41","slug":"primer-planetario-3d-del-cono-sur-comenzara-su-construccion-este-10-de-mayo","status":"publish","type":"post","link":"https:\/\/eltrabajo.cl\/portal\/primer-planetario-3d-del-cono-sur-comenzara-su-construccion-este-10-de-mayo\/","title":{"rendered":"Primer Planetario 3D del cono sur comenzar\u00e1 su construcci\u00f3n este 10 de mayo"},"content":{"rendered":"<p><strong>CALLE LARGA<\/strong>.- Acercar a los ni\u00f1os del pa\u00eds al universo, las ciencias y la tecnolog\u00eda, es el objetivo de este gran proyecto que comenzar\u00e1 su construcci\u00f3n este viernes 10 de mayo y que busca convertirse en el lugar m\u00e1s importante de la regi\u00f3n en la divulgaci\u00f3n de estos contenidos de manera entretenida y en 3D.<br \/>\nEl planetario contar\u00e1 con tecnolog\u00eda de punta consistente en 1.400 metros cuadrados construidos, con capacidad para 90 personas, tendr\u00e1 c\u00fapula y proyectores de \u00faltima generaci\u00f3n fabricados en Francia e iluminaci\u00f3n LED de bajo consumo. Adem\u00e1s, la construcci\u00f3n, ser\u00e1 bajo par\u00e1metros totalmente inclusivos y estar\u00e1 ubicado junto al Observatorio Pocuro que cobija al telescopio m\u00e1s grande de la regi\u00f3n y a la casa natal del expresidente Pedro Aguirre Cerda, hoy convertido en un gran centro Cultural y Museo.<br \/>\nAl respecto, el alcalde Nelson Venegas asever\u00f3 que Chile es hoy capital mundial de la Astronom\u00eda y una de sus grandes fortalezas es precisamente sus cielos para la observaci\u00f3n, \u00abpero lamentablemente a\u00fan no existe conciencia respecto de las pol\u00edticas p\u00fablicas que sean suficientes y necesarias para que esto se pueda llevar a cabo. En ese sentido, en Calle Larga hemos hecho un esfuerzo para involucrarnos en educaci\u00f3n en el \u00e1mbito de la astronom\u00eda, desde los primeros a\u00f1o de los ni\u00f1os. Hoy tenemos uno de los telescopio m\u00e1s grandes de Chile y el m\u00e1s grande de la regi\u00f3n (\u2026) Por ello, este viernes instalaremos la 1\u00aa Piedra del planetario m\u00e1s sofisticado del Cono Sur, el primer planetario en tres dimensiones en nuestro pa\u00eds, con esta iniciativa se puede constituir no s\u00f3lo un centro de formaci\u00f3n si no tambi\u00e9n una cultura planetaria. Es una apuesta interesante, dando un paso fundamental no solo de la astronom\u00eda, si no de las ciencias en general\u00bb.<br \/>\nEsta obra contar\u00e1 con dos salas de exposici\u00f3n transitoria y dos sales de exposiciones permanentes, aulas de rob\u00f3tica, terraza cubierta para exposiciones y observaciones, anfiteatro y \u00e1reas verdes.<\/p>\n<figure id=\"attachment_91857\" aria-describedby=\"caption-attachment-91857\" style=\"width: 580px\" class=\"wp-caption alignnone\"><img data-recalc-dims=\"1\" loading=\"lazy\" decoding=\"async\" class=\"size-full wp-image-91857\" src=\"https:\/\/i0.wp.com\/www.eltrabajo.cl\/portal\/wp-content\/uploads\/2019\/05\/Planetario1.jpg?resize=580%2C359\" alt=\"Este gran proyecto costar\u00e1 3.850 millones de pesos y se abrir\u00e1 al p\u00fablico a finales del primer semestre del 2020.\" width=\"580\" height=\"359\" srcset=\"https:\/\/i0.wp.com\/eltrabajo.cl\/portal\/wp-content\/uploads\/2019\/05\/Planetario1.jpg?w=580&amp;ssl=1 580w, https:\/\/i0.wp.com\/eltrabajo.cl\/portal\/wp-content\/uploads\/2019\/05\/Planetario1.jpg?resize=200%2C124&amp;ssl=1 200w, https:\/\/i0.wp.com\/eltrabajo.cl\/portal\/wp-content\/uploads\/2019\/05\/Planetario1.jpg?resize=300%2C186&amp;ssl=1 300w, https:\/\/i0.wp.com\/eltrabajo.cl\/portal\/wp-content\/uploads\/2019\/05\/Planetario1.jpg?resize=242%2C150&amp;ssl=1 242w, https:\/\/i0.wp.com\/eltrabajo.cl\/portal\/wp-content\/uploads\/2019\/05\/Planetario1.jpg?resize=400%2C248&amp;ssl=1 400w\" sizes=\"auto, (max-width: 580px) 100vw, 580px\" \/><figcaption id=\"caption-attachment-91857\" class=\"wp-caption-text\">Este gran proyecto costar\u00e1 3.850 millones de pesos y se abrir\u00e1 al p\u00fablico a finales del primer semestre del 2020.<\/figcaption><\/figure>\n","protected":false},"excerpt":{"rendered":"<p>CALLE LARGA.- Acercar a los ni\u00f1os del pa\u00eds al universo, las ciencias y la tecnolog\u00eda, es el objetivo de este gran proyecto que comenzar\u00e1 su construcci\u00f3n este viernes 10 de mayo y&#8230;<\/p>\n","protected":false},"author":482,"featured_media":91857,"comment_status":"open","ping_status":"open","sticky":false,"template":"","format":"standard","meta":{"advanced_seo_description":"","jetpack_seo_html_title":"","jetpack_seo_noindex":false,"_jetpack_memberships_contains_paid_content":false,"footnotes":""},"categories":[1],"tags":[],"class_list":["post-91856","post","type-post","status-publish","format-standard","has-post-thumbnail","hentry","category-cronica"],"jetpack_featured_media_url":"https:\/\/i0.wp.com\/eltrabajo.cl\/portal\/wp-content\/uploads\/2019\/05\/Planetario1.jpg?fit=580%2C359&ssl=1","jetpack_sharing_enabled":true,"jetpack_likes_enabled":true,"jetpack-related-posts":[],"_links":{"self":[{"href":"https:\/\/eltrabajo.cl\/portal\/wp-json\/wp\/v2\/posts\/91856","targetHints":{"allow":["GET"]}}],"collection":[{"href":"https:\/\/eltrabajo.cl\/portal\/wp-json\/wp\/v2\/posts"}],"about":[{"href":"https:\/\/eltrabajo.cl\/portal\/wp-json\/wp\/v2\/types\/post"}],"author":[{"embeddable":true,"href":"https:\/\/eltrabajo.cl\/portal\/wp-json\/wp\/v2\/users\/482"}],"replies":[{"embeddable":true,"href":"https:\/\/eltrabajo.cl\/portal\/wp-json\/wp\/v2\/comments?post=91856"}],"version-history":[{"count":0,"href":"https:\/\/eltrabajo.cl\/portal\/wp-json\/wp\/v2\/posts\/91856\/revisions"}],"wp:featuredmedia":[{"embeddable":true,"href":"https:\/\/eltrabajo.cl\/portal\/wp-json\/wp\/v2\/media\/91857"}],"wp:attachment":[{"href":"https:\/\/eltrabajo.cl\/portal\/wp-json\/wp\/v2\/media?parent=91856"}],"wp:term":[{"taxonomy":"category","embeddable":true,"href":"https:\/\/eltrabajo.cl\/portal\/wp-json\/wp\/v2\/categories?post=91856"},{"taxonomy":"post_tag","embeddable":true,"href":"https:\/\/eltrabajo.cl\/portal\/wp-json\/wp\/v2\/tags?post=91856"}],"curies":[{"name":"wp","href":"https:\/\/api.w.org\/{rel}","templated":true}]}}