{"id":91859,"date":"2019-05-09T05:02:55","date_gmt":"2019-05-09T09:02:55","guid":{"rendered":"http:\/\/www.eltrabajo.cl\/portal\/?p=91859"},"modified":"2019-05-08T21:02:22","modified_gmt":"2019-05-09T01:02:22","slug":"establecen-alianza-para-recuperacion-de-casa-que-habito-gabriela-mistral","status":"publish","type":"post","link":"https:\/\/eltrabajo.cl\/portal\/establecen-alianza-para-recuperacion-de-casa-que-habito-gabriela-mistral\/","title":{"rendered":"Establecen alianza para recuperaci\u00f3n de casa que habit\u00f3 Gabriela Mistral"},"content":{"rendered":"<p><span style=\"color: #ff0000;\"><strong>Municipalidad de Los Andes, Pro Cultura y Pro Aconcagua:<\/strong><\/span><\/p>\n<p><strong>LOS ANDES<\/strong>.- El Concejo Municipal de Los Andes acord\u00f3 firmar el contrato de Promesa de Compraventa con los due\u00f1os del inmueble que habit\u00f3 la Premio Nobel de Literatura, Gabriela Mistral, en el sector de Coquimbito, transform\u00e1ndola en un museo que d\u00e9 cuenta de su vida y obra.<br \/>\nLo anterior con el objetivo que la Subdere traspase los fondos y se apruebe un plan de gesti\u00f3n a concretarse en los pr\u00f3ximos meses.<br \/>\nLuego de este importante paso, la Municipalidad de Los Andes, la Fundaci\u00f3n Pro Cultura y la Corporaci\u00f3n Pro Aconcagua, establecieron una alianza para trabajar en conjunto en la misi\u00f3n de poner en valor este edificio de gran relevancia patrimonial para Los Andes, el Valle de Aconcagua y el pa\u00eds.<br \/>\nEl alcalde Manuel Rivera declar\u00f3 sentirse orgulloso de liderar este proceso y establecer una alianza estrat\u00e9gica con dos importantes instituciones para el desarrollo de este proyecto: \u00abDecimos que Lucila Godoy naci\u00f3 en Vicu\u00f1a, pero Gabriela Mistral nace en Los Andes cuando estuvo en nuestro Liceo de Ni\u00f1as y en la casa donde escribi\u00f3 los Sonetos de la Muerte y se da a conocer, siendo el puntapi\u00e9 inicial de la carrera de esta tremenda e insigne maestra y poetisa. Estoy muy contento, son cosas que a uno lo motivan como servidor p\u00fablico, y como alcalde, esto es parte de los compromisos adquiridos\u00bb.<br \/>\nAlberto Larra\u00edn, director ejecutivo de la Fundaci\u00f3n Pro Cultura, instituci\u00f3n enfocada en mejorar la calidad de vida de las personas utilizando el patrimonio como herramienta social, declar\u00f3: \u00abPoder trabajar junto con el municipio y con Pro Aconcagua, que tiene toda la expertiz local, nos va a permitir generar un modelo de desarrollo que permita que los ni\u00f1os, que la gente de la regi\u00f3n metropolitana, de la misma regi\u00f3n de Valpara\u00edso puedan venir y conocer lo que se est\u00e1 haciendo, logrando que esto se transforme en un espacio de encuentro para todos los ciudadanos\u00bb.<br \/>\nEn tanto Claudia Gajardo, gerente de Pro Aconcagua, se\u00f1al\u00f3 que como Corporaci\u00f3n llevan a\u00f1os trabajando para desarrollar el turismo en la zona, en este sentido convoc\u00f3 a otras instituciones a hacerse parte de este objetivo: \u00abInvitamos tambi\u00e9n que no solamente estos dos actores, Pro Cultura y Pro Aconcagua, sean los protagonistas para desarrollar este trabajo, los actores locales tambi\u00e9n tienen que ser parte de la puesta en valor que va a tener Gabriela Mistral en nuestra ciudad\u00bb.<\/p>\n<figure id=\"attachment_91861\" aria-describedby=\"caption-attachment-91861\" style=\"width: 580px\" class=\"wp-caption alignnone\"><img data-recalc-dims=\"1\" loading=\"lazy\" decoding=\"async\" class=\"size-full wp-image-91861\" src=\"https:\/\/i0.wp.com\/www.eltrabajo.cl\/portal\/wp-content\/uploads\/2019\/05\/gabriela-mistral-2.jpg?resize=580%2C360\" alt=\"El alcalde Manuel Rivera junto a la gerente de Pro Aconcagua, Claudia Gajardo; Alberto Larra\u00edn, director ejecutivo de la Fundaci\u00f3n Pro Cultura, y los propietarios del inmueble, protagonistas de esta historia.\" width=\"580\" height=\"360\" srcset=\"https:\/\/i0.wp.com\/eltrabajo.cl\/portal\/wp-content\/uploads\/2019\/05\/gabriela-mistral-2.jpg?w=580&amp;ssl=1 580w, https:\/\/i0.wp.com\/eltrabajo.cl\/portal\/wp-content\/uploads\/2019\/05\/gabriela-mistral-2.jpg?resize=200%2C124&amp;ssl=1 200w, https:\/\/i0.wp.com\/eltrabajo.cl\/portal\/wp-content\/uploads\/2019\/05\/gabriela-mistral-2.jpg?resize=300%2C186&amp;ssl=1 300w, https:\/\/i0.wp.com\/eltrabajo.cl\/portal\/wp-content\/uploads\/2019\/05\/gabriela-mistral-2.jpg?resize=242%2C150&amp;ssl=1 242w, https:\/\/i0.wp.com\/eltrabajo.cl\/portal\/wp-content\/uploads\/2019\/05\/gabriela-mistral-2.jpg?resize=400%2C248&amp;ssl=1 400w\" sizes=\"auto, (max-width: 580px) 100vw, 580px\" \/><figcaption id=\"caption-attachment-91861\" class=\"wp-caption-text\">El alcalde Manuel Rivera junto a la gerente de Pro Aconcagua, Claudia Gajardo; Alberto Larra\u00edn, director ejecutivo de la Fundaci\u00f3n Pro Cultura, y los propietarios del inmueble, protagonistas de esta historia.<\/figcaption><\/figure>\n<figure id=\"attachment_91860\" aria-describedby=\"caption-attachment-91860\" style=\"width: 580px\" class=\"wp-caption alignnone\"><img data-recalc-dims=\"1\" loading=\"lazy\" decoding=\"async\" class=\"size-full wp-image-91860\" src=\"https:\/\/i0.wp.com\/www.eltrabajo.cl\/portal\/wp-content\/uploads\/2019\/05\/gabriela-mistral-1.jpg?resize=580%2C360\" alt=\"La casa que habit\u00f3 Gabriela Mistral en el sector de Coquimbito, en Los Andes, inmueble que ser\u00e1 adquirido para convertirlo en un verdadero museo de la premio Nobel chilena.\" width=\"580\" height=\"360\" srcset=\"https:\/\/i0.wp.com\/eltrabajo.cl\/portal\/wp-content\/uploads\/2019\/05\/gabriela-mistral-1.jpg?w=580&amp;ssl=1 580w, https:\/\/i0.wp.com\/eltrabajo.cl\/portal\/wp-content\/uploads\/2019\/05\/gabriela-mistral-1.jpg?resize=200%2C124&amp;ssl=1 200w, https:\/\/i0.wp.com\/eltrabajo.cl\/portal\/wp-content\/uploads\/2019\/05\/gabriela-mistral-1.jpg?resize=300%2C186&amp;ssl=1 300w, https:\/\/i0.wp.com\/eltrabajo.cl\/portal\/wp-content\/uploads\/2019\/05\/gabriela-mistral-1.jpg?resize=242%2C150&amp;ssl=1 242w, https:\/\/i0.wp.com\/eltrabajo.cl\/portal\/wp-content\/uploads\/2019\/05\/gabriela-mistral-1.jpg?resize=400%2C248&amp;ssl=1 400w\" sizes=\"auto, (max-width: 580px) 100vw, 580px\" \/><figcaption id=\"caption-attachment-91860\" class=\"wp-caption-text\">La casa que habit\u00f3 Gabriela Mistral en el sector de Coquimbito, en Los Andes, inmueble que ser\u00e1 adquirido para convertirlo en un verdadero museo de la premio Nobel chilena.<\/figcaption><\/figure>\n","protected":false},"excerpt":{"rendered":"<p>Municipalidad de Los Andes, Pro Cultura y Pro Aconcagua: LOS ANDES.- El Concejo Municipal de Los Andes acord\u00f3 firmar el contrato de Promesa de Compraventa con los due\u00f1os del inmueble que habit\u00f3&#8230;<\/p>\n","protected":false},"author":482,"featured_media":91860,"comment_status":"open","ping_status":"open","sticky":false,"template":"","format":"standard","meta":{"advanced_seo_description":"","jetpack_seo_html_title":"","jetpack_seo_noindex":false,"_jetpack_memberships_contains_paid_content":false,"footnotes":""},"categories":[1],"tags":[],"class_list":["post-91859","post","type-post","status-publish","format-standard","has-post-thumbnail","hentry","category-cronica"],"jetpack_featured_media_url":"https:\/\/i0.wp.com\/eltrabajo.cl\/portal\/wp-content\/uploads\/2019\/05\/gabriela-mistral-1.jpg?fit=580%2C360&ssl=1","jetpack_sharing_enabled":true,"jetpack_likes_enabled":true,"jetpack-related-posts":[],"_links":{"self":[{"href":"https:\/\/eltrabajo.cl\/portal\/wp-json\/wp\/v2\/posts\/91859","targetHints":{"allow":["GET"]}}],"collection":[{"href":"https:\/\/eltrabajo.cl\/portal\/wp-json\/wp\/v2\/posts"}],"about":[{"href":"https:\/\/eltrabajo.cl\/portal\/wp-json\/wp\/v2\/types\/post"}],"author":[{"embeddable":true,"href":"https:\/\/eltrabajo.cl\/portal\/wp-json\/wp\/v2\/users\/482"}],"replies":[{"embeddable":true,"href":"https:\/\/eltrabajo.cl\/portal\/wp-json\/wp\/v2\/comments?post=91859"}],"version-history":[{"count":0,"href":"https:\/\/eltrabajo.cl\/portal\/wp-json\/wp\/v2\/posts\/91859\/revisions"}],"wp:featuredmedia":[{"embeddable":true,"href":"https:\/\/eltrabajo.cl\/portal\/wp-json\/wp\/v2\/media\/91860"}],"wp:attachment":[{"href":"https:\/\/eltrabajo.cl\/portal\/wp-json\/wp\/v2\/media?parent=91859"}],"wp:term":[{"taxonomy":"category","embeddable":true,"href":"https:\/\/eltrabajo.cl\/portal\/wp-json\/wp\/v2\/categories?post=91859"},{"taxonomy":"post_tag","embeddable":true,"href":"https:\/\/eltrabajo.cl\/portal\/wp-json\/wp\/v2\/tags?post=91859"}],"curies":[{"name":"wp","href":"https:\/\/api.w.org\/{rel}","templated":true}]}}