{"id":91898,"date":"2019-05-10T05:03:42","date_gmt":"2019-05-10T09:03:42","guid":{"rendered":"http:\/\/www.eltrabajo.cl\/portal\/?p=91898"},"modified":"2019-05-09T20:50:58","modified_gmt":"2019-05-10T00:50:58","slug":"este-lunes-comienzan-a-eliminar-islas-peatonales-existentes-en-las-cuatro-esquinas-de-la-plaza-de-armas","status":"publish","type":"post","link":"https:\/\/eltrabajo.cl\/portal\/este-lunes-comienzan-a-eliminar-islas-peatonales-existentes-en-las-cuatro-esquinas-de-la-plaza-de-armas\/","title":{"rendered":"Este lunes comienzan a eliminar islas peatonales existentes en las cuatro esquinas de la Plaza de Armas"},"content":{"rendered":"<ul>\n<li><strong>Obra se inserta en las modificaciones que introduce el <span style=\"color: #ff0000;\">Plan Maestro de Gesti\u00f3n de Tr\u00e1nsito<\/span> y se extender\u00e1n durante 120 d\u00edas.<\/strong><\/li>\n<\/ul>\n<p>Desde este lunes comenzar\u00e1 la eliminaci\u00f3n de las islas peatonales ubicadas en las cuatro intersecciones de la Plaza de Armas, obra que est\u00e1 inserta en el Plan Maestro de Gesti\u00f3n de Tr\u00e1nsito.<br \/>\nEl prop\u00f3sito de las islas era ofrecer un punto de detenci\u00f3n o descanso al peat\u00f3n, pero que generaba confusi\u00f3n cuando la luz verde habilitaba, al mismo tiempo, al transe\u00fante y al autom\u00f3vil.<br \/>\nLos trabajos se inician en la intersecci\u00f3n de calles Prat con Salinas, esto implica mover el sem\u00e1foro existente y tambi\u00e9n la c\u00e1mara de seguridad que opera en ese punto, esto se extender\u00e1 por tres semanas. Una vez concluido, se eliminar\u00e1 la siguiente isla y as\u00ed sucesivamente, hasta completar las cuatro esquinas de la plaza.<br \/>\nEsta obra no significar\u00e1 la suspensi\u00f3n del tr\u00e1nsito; en algunos casos, habr\u00e1 cortes parcializados, pero la idea es que no se cierre ninguna calle.<br \/>\nEl asesor urbanista de la Secretar\u00eda de Planificaci\u00f3n Comunal, Rodrigo Salinas, explic\u00f3 que el objetivo es eliminar e integrar la plaza como una esquina tradicional, donde el atravieso se har\u00e1 de forma directa desde la plaza hasta la vereda.<br \/>\n\u00abEsto significa que se extiende la plaza en algunos metros, tambi\u00e9n la calzada crecer\u00e1 y mejorar\u00e1 el radio de giro de los veh\u00edculos, de tal manera que se mantenga la l\u00f3gica que existe en la actualidad\u00bb, coment\u00f3.<\/p>\n<figure id=\"attachment_91899\" aria-describedby=\"caption-attachment-91899\" style=\"width: 580px\" class=\"wp-caption alignnone\"><img data-recalc-dims=\"1\" loading=\"lazy\" decoding=\"async\" class=\"size-full wp-image-91899\" src=\"https:\/\/i0.wp.com\/www.eltrabajo.cl\/portal\/wp-content\/uploads\/2019\/05\/isla-peatonal.jpg?resize=580%2C360\" alt=\"En Prat con Salinas partir\u00e1n este lunes los trabajos, los cuales se prolongar\u00e1n por tres semanas ya que se debe mover el sem\u00e1foro y la c\u00e1mara de seguridad, para luego continuar con la siguiente isla.\" width=\"580\" height=\"360\" srcset=\"https:\/\/i0.wp.com\/eltrabajo.cl\/portal\/wp-content\/uploads\/2019\/05\/isla-peatonal.jpg?w=580&amp;ssl=1 580w, https:\/\/i0.wp.com\/eltrabajo.cl\/portal\/wp-content\/uploads\/2019\/05\/isla-peatonal.jpg?resize=200%2C124&amp;ssl=1 200w, https:\/\/i0.wp.com\/eltrabajo.cl\/portal\/wp-content\/uploads\/2019\/05\/isla-peatonal.jpg?resize=300%2C186&amp;ssl=1 300w, https:\/\/i0.wp.com\/eltrabajo.cl\/portal\/wp-content\/uploads\/2019\/05\/isla-peatonal.jpg?resize=242%2C150&amp;ssl=1 242w, https:\/\/i0.wp.com\/eltrabajo.cl\/portal\/wp-content\/uploads\/2019\/05\/isla-peatonal.jpg?resize=400%2C248&amp;ssl=1 400w\" sizes=\"auto, (max-width: 580px) 100vw, 580px\" \/><figcaption id=\"caption-attachment-91899\" class=\"wp-caption-text\">En Prat con Salinas partir\u00e1n este lunes los trabajos, los cuales se prolongar\u00e1n por tres semanas ya que se debe mover el sem\u00e1foro y la c\u00e1mara de seguridad, para luego continuar con la siguiente isla.<\/figcaption><\/figure>\n","protected":false},"excerpt":{"rendered":"<p>Obra se inserta en las modificaciones que introduce el Plan Maestro de Gesti\u00f3n de Tr\u00e1nsito y se extender\u00e1n durante 120 d\u00edas. Desde este lunes comenzar\u00e1 la eliminaci\u00f3n de las islas peatonales ubicadas&#8230;<\/p>\n","protected":false},"author":482,"featured_media":91899,"comment_status":"open","ping_status":"open","sticky":false,"template":"","format":"standard","meta":{"advanced_seo_description":"","jetpack_seo_html_title":"","jetpack_seo_noindex":false,"_jetpack_memberships_contains_paid_content":false,"footnotes":""},"categories":[1],"tags":[],"class_list":["post-91898","post","type-post","status-publish","format-standard","has-post-thumbnail","hentry","category-cronica"],"jetpack_featured_media_url":"https:\/\/i0.wp.com\/eltrabajo.cl\/portal\/wp-content\/uploads\/2019\/05\/isla-peatonal.jpg?fit=580%2C360&ssl=1","jetpack_sharing_enabled":true,"jetpack_likes_enabled":true,"jetpack-related-posts":[],"_links":{"self":[{"href":"https:\/\/eltrabajo.cl\/portal\/wp-json\/wp\/v2\/posts\/91898","targetHints":{"allow":["GET"]}}],"collection":[{"href":"https:\/\/eltrabajo.cl\/portal\/wp-json\/wp\/v2\/posts"}],"about":[{"href":"https:\/\/eltrabajo.cl\/portal\/wp-json\/wp\/v2\/types\/post"}],"author":[{"embeddable":true,"href":"https:\/\/eltrabajo.cl\/portal\/wp-json\/wp\/v2\/users\/482"}],"replies":[{"embeddable":true,"href":"https:\/\/eltrabajo.cl\/portal\/wp-json\/wp\/v2\/comments?post=91898"}],"version-history":[{"count":0,"href":"https:\/\/eltrabajo.cl\/portal\/wp-json\/wp\/v2\/posts\/91898\/revisions"}],"wp:featuredmedia":[{"embeddable":true,"href":"https:\/\/eltrabajo.cl\/portal\/wp-json\/wp\/v2\/media\/91899"}],"wp:attachment":[{"href":"https:\/\/eltrabajo.cl\/portal\/wp-json\/wp\/v2\/media?parent=91898"}],"wp:term":[{"taxonomy":"category","embeddable":true,"href":"https:\/\/eltrabajo.cl\/portal\/wp-json\/wp\/v2\/categories?post=91898"},{"taxonomy":"post_tag","embeddable":true,"href":"https:\/\/eltrabajo.cl\/portal\/wp-json\/wp\/v2\/tags?post=91898"}],"curies":[{"name":"wp","href":"https:\/\/api.w.org\/{rel}","templated":true}]}}