{"id":91918,"date":"2019-05-13T05:02:11","date_gmt":"2019-05-13T09:02:11","guid":{"rendered":"http:\/\/www.eltrabajo.cl\/portal\/?p=91918"},"modified":"2019-05-12T21:11:33","modified_gmt":"2019-05-13T01:11:33","slug":"autoridades-colocan-la-primera-piedra-del-primer-planetario-3d","status":"publish","type":"post","link":"https:\/\/eltrabajo.cl\/portal\/autoridades-colocan-la-primera-piedra-del-primer-planetario-3d\/","title":{"rendered":"Autoridades colocan la Primera Piedra del primer Planetario 3D"},"content":{"rendered":"<p><strong>CALLE LARGA<\/strong>.- El pasado viernes se llev\u00f3 a efecto en el observatorio astron\u00f3mico de Pocuro en Calle Larga, la colocaci\u00f3n de la primera piedra de lo que ser\u00e1 el primer Planetario en 3D de Chile, con una inversi\u00f3n cercana a los 4.000 millones de pesos. A esta ceremonia cargada de simbolismos, ya que junto a la primera piedra se adjuntaron capsulas del tiempo a fin de que las generaciones venideras puedan conocer a las autoridades que firmaron para la construcci\u00f3n de este planetario.<br \/>\nAsistieron diversas autoridades provinciales encabezadas por el gobernador Sergio Salazar, el alcalde de Calle Larga, el alcalde de San Felipe Patricio Freire y consejeros regionales, entre otros.<br \/>\nEn la ocasi\u00f3n, el alcalde Venegas declar\u00f3 que con esta Primera Piedra se da inici\u00f3 a un proyecto que comenz\u00f3 su gestaci\u00f3n hace ocho a\u00f1os, \u00aby quiero se\u00f1alar que este ser\u00e1 el planetario m\u00e1s sofisticado de Latinoam\u00e9rica; es el primer planetario en 3D que tendr\u00e1 nuestro pa\u00eds y la gracia que tendr\u00e1 es que se la posibilidad de hacer pel\u00edculas aqu\u00ed mismo, en este mismo lugar con el nivel de constelaciones y estudios asociados principalmente a lo que es nuestra cultura, cultura como la precolombina etc. (\u2026) Esto es un logro inimaginable, es un sue\u00f1o que era imposible hace un tiempo atr\u00e1s y que hoy d\u00eda se empieza a concretar, es una construcci\u00f3n de un a\u00f1o con una inversi\u00f3n cercana a los 4.000 millones de pesos provenientes del Gobierno Regional y no s\u00f3lo nos es para Calle Larga y que es lo m\u00e1s importante de entender este es un proyecto que tiene que ver con un trabajo desarrollado por entre todos y por mucho tiempo, en verdad es un regalo para la regi\u00f3n y nuestra comuna se transforma en el eje fundamental de lo que tiene que ver con la observaci\u00f3n astron\u00f3mica a trav\u00e9s de un planetario, al m\u00e1s sofisticado de todo Chile y de Latinoam\u00e9rica y uno de los mejores del mundo y eso es lo que se va a construir y por eso que hemos decidido llamarlo \u2018Planetario Aconcagua\u2019 ni siquiera Calle Larga o Pocuro, para hacer que todo el Valle de Aconcagua se transforme en un ojo para el ver el universo, un centro del conocimiento, cultura, de ciencias y de tecnolog\u00eda\u00bb, expres\u00f3 el jefe comunal.<\/p>\n<p><span style=\"color: #ff0000;\"><strong>HITO ENORME<\/strong><\/span><br \/>\nEn tanto el reconocido astr\u00f3nomo, Jos\u00e9 Maza, calific\u00f3 que un hito enorme la construcci\u00f3n de este planetario en una comuna peque\u00f1a como lo es Calle Larga.<br \/>\n\u00abLa astronom\u00eda es una ciencia muy visual que se le puede contar a ni\u00f1o, se le puede hablar de la luna, mostrarles los cr\u00e1teres y no se le puede ense\u00f1ar todav\u00eda ciencia de alta energ\u00eda a ni\u00f1o de cinco a\u00f1os, pero s\u00ed se le puede indicar algo de astronom\u00eda y esto es un enganche para que los ni\u00f1os empiecen a pensar en cosas de ciencias naturales, luego podr\u00e1n ver qu\u00edmica, f\u00edsica y biolog\u00eda, pero yo creo que la astronom\u00eda es el mascaron de proa del barco de la ciencia y hay que introduc\u00edrselos a los ni\u00f1os desde la m\u00e1s temprana edad, para que ellos contemplen el cielo y puedan disfrutar de espect\u00e1culos como el eclipse que vamos a tener en algo menos de dos meses m\u00e1s, por lo tanto este proyecto me parece genial que ac\u00e1 vallan a tener un planetario, yo lo encuentro extraordinario\u00bb, coment\u00f3 el astr\u00f3nomo.<br \/>\nEl planetario contar\u00e1 con tecnolog\u00eda de punta consistente en 1.400 metros cuadrados construidos, con capacidad para 90 personas, tendr\u00e1 c\u00fapula y proyectores de \u00faltima generaci\u00f3n fabricados en Francia e iluminaci\u00f3n LED de bajo consumo. Adem\u00e1s, la construcci\u00f3n, ser\u00e1 bajo par\u00e1metros totalmente inclusivos y estar\u00e1 ubicado junto al Observatorio Pocuro que cobija al telescopio m\u00e1s grande de la regi\u00f3n y a la casa natal del expresidente Pedro Aguirre Cerda, hoy convertido en un gran centro cultural y museo.<br \/>\nAdem\u00e1s contar\u00e1 con dos salas de exposici\u00f3n transitoria y dos sales de exposiciones permanentes, aulas de rob\u00f3tica, terraza cubierta para exposiciones y observaciones, anfiteatro y \u00e1reas verdes.<\/p>\n<figure id=\"attachment_91919\" aria-describedby=\"caption-attachment-91919\" style=\"width: 580px\" class=\"wp-caption alignnone\"><img data-recalc-dims=\"1\" loading=\"lazy\" decoding=\"async\" class=\"size-full wp-image-91919\" src=\"https:\/\/i0.wp.com\/www.eltrabajo.cl\/portal\/wp-content\/uploads\/2019\/05\/Observarorio1.jpg?resize=580%2C360\" alt=\"La c\u00e1psula del tiempo y la primera piedra de este millonario proyecto fueron presentadas a los presentes, vemos atr\u00e1s un peque\u00f1o robot, como se\u00f1al de que los callelarguinos le apuestan todo a la tecnolog\u00eda.\" width=\"580\" height=\"360\" srcset=\"https:\/\/i0.wp.com\/eltrabajo.cl\/portal\/wp-content\/uploads\/2019\/05\/Observarorio1.jpg?w=580&amp;ssl=1 580w, https:\/\/i0.wp.com\/eltrabajo.cl\/portal\/wp-content\/uploads\/2019\/05\/Observarorio1.jpg?resize=200%2C124&amp;ssl=1 200w, https:\/\/i0.wp.com\/eltrabajo.cl\/portal\/wp-content\/uploads\/2019\/05\/Observarorio1.jpg?resize=300%2C186&amp;ssl=1 300w, https:\/\/i0.wp.com\/eltrabajo.cl\/portal\/wp-content\/uploads\/2019\/05\/Observarorio1.jpg?resize=242%2C150&amp;ssl=1 242w, https:\/\/i0.wp.com\/eltrabajo.cl\/portal\/wp-content\/uploads\/2019\/05\/Observarorio1.jpg?resize=400%2C248&amp;ssl=1 400w\" sizes=\"auto, (max-width: 580px) 100vw, 580px\" \/><figcaption id=\"caption-attachment-91919\" class=\"wp-caption-text\">La c\u00e1psula del tiempo y la primera piedra de este millonario proyecto fueron presentadas a los presentes, vemos atr\u00e1s un peque\u00f1o robot, como se\u00f1al de que los callelarguinos le apuestan todo a la tecnolog\u00eda.<\/figcaption><\/figure>\n<figure id=\"attachment_91920\" aria-describedby=\"caption-attachment-91920\" style=\"width: 580px\" class=\"wp-caption alignnone\"><img data-recalc-dims=\"1\" loading=\"lazy\" decoding=\"async\" class=\"size-full wp-image-91920\" src=\"https:\/\/i0.wp.com\/www.eltrabajo.cl\/portal\/wp-content\/uploads\/2019\/05\/Observatorio2.jpg?resize=580%2C359\" alt=\"Autoridades del valle pusieron la primera piedra de lo que ser\u00e1 el m\u00e1s sofisticado de todo Chile, de Latinoam\u00e9rica y uno de los mejores del mundo.\" width=\"580\" height=\"359\" srcset=\"https:\/\/i0.wp.com\/eltrabajo.cl\/portal\/wp-content\/uploads\/2019\/05\/Observatorio2.jpg?w=580&amp;ssl=1 580w, https:\/\/i0.wp.com\/eltrabajo.cl\/portal\/wp-content\/uploads\/2019\/05\/Observatorio2.jpg?resize=200%2C124&amp;ssl=1 200w, https:\/\/i0.wp.com\/eltrabajo.cl\/portal\/wp-content\/uploads\/2019\/05\/Observatorio2.jpg?resize=300%2C186&amp;ssl=1 300w, https:\/\/i0.wp.com\/eltrabajo.cl\/portal\/wp-content\/uploads\/2019\/05\/Observatorio2.jpg?resize=242%2C150&amp;ssl=1 242w, https:\/\/i0.wp.com\/eltrabajo.cl\/portal\/wp-content\/uploads\/2019\/05\/Observatorio2.jpg?resize=400%2C248&amp;ssl=1 400w\" sizes=\"auto, (max-width: 580px) 100vw, 580px\" \/><figcaption id=\"caption-attachment-91920\" class=\"wp-caption-text\">Autoridades del valle pusieron la primera piedra de lo que ser\u00e1 el m\u00e1s sofisticado de todo Chile, de Latinoam\u00e9rica y uno de los mejores del mundo.<\/figcaption><\/figure>\n","protected":false},"excerpt":{"rendered":"<p>CALLE LARGA.- El pasado viernes se llev\u00f3 a efecto en el observatorio astron\u00f3mico de Pocuro en Calle Larga, la colocaci\u00f3n de la primera piedra de lo que ser\u00e1 el primer Planetario en&#8230;<\/p>\n","protected":false},"author":482,"featured_media":91920,"comment_status":"open","ping_status":"open","sticky":false,"template":"","format":"standard","meta":{"advanced_seo_description":"","jetpack_seo_html_title":"","jetpack_seo_noindex":false,"_jetpack_memberships_contains_paid_content":false,"footnotes":""},"categories":[1],"tags":[],"class_list":["post-91918","post","type-post","status-publish","format-standard","has-post-thumbnail","hentry","category-cronica"],"jetpack_featured_media_url":"https:\/\/i0.wp.com\/eltrabajo.cl\/portal\/wp-content\/uploads\/2019\/05\/Observatorio2.jpg?fit=580%2C359&ssl=1","jetpack_sharing_enabled":true,"jetpack_likes_enabled":true,"jetpack-related-posts":[],"_links":{"self":[{"href":"https:\/\/eltrabajo.cl\/portal\/wp-json\/wp\/v2\/posts\/91918","targetHints":{"allow":["GET"]}}],"collection":[{"href":"https:\/\/eltrabajo.cl\/portal\/wp-json\/wp\/v2\/posts"}],"about":[{"href":"https:\/\/eltrabajo.cl\/portal\/wp-json\/wp\/v2\/types\/post"}],"author":[{"embeddable":true,"href":"https:\/\/eltrabajo.cl\/portal\/wp-json\/wp\/v2\/users\/482"}],"replies":[{"embeddable":true,"href":"https:\/\/eltrabajo.cl\/portal\/wp-json\/wp\/v2\/comments?post=91918"}],"version-history":[{"count":0,"href":"https:\/\/eltrabajo.cl\/portal\/wp-json\/wp\/v2\/posts\/91918\/revisions"}],"wp:featuredmedia":[{"embeddable":true,"href":"https:\/\/eltrabajo.cl\/portal\/wp-json\/wp\/v2\/media\/91920"}],"wp:attachment":[{"href":"https:\/\/eltrabajo.cl\/portal\/wp-json\/wp\/v2\/media?parent=91918"}],"wp:term":[{"taxonomy":"category","embeddable":true,"href":"https:\/\/eltrabajo.cl\/portal\/wp-json\/wp\/v2\/categories?post=91918"},{"taxonomy":"post_tag","embeddable":true,"href":"https:\/\/eltrabajo.cl\/portal\/wp-json\/wp\/v2\/tags?post=91918"}],"curies":[{"name":"wp","href":"https:\/\/api.w.org\/{rel}","templated":true}]}}