{"id":91937,"date":"2019-05-14T05:00:19","date_gmt":"2019-05-14T09:00:19","guid":{"rendered":"http:\/\/www.eltrabajo.cl\/portal\/?p=91937"},"modified":"2019-05-13T20:45:06","modified_gmt":"2019-05-14T00:45:06","slug":"calzada-norte-de-av-miraflores-se-habilitara-en-doble-sentido-desde-el-proximo-lunes","status":"publish","type":"post","link":"https:\/\/eltrabajo.cl\/portal\/calzada-norte-de-av-miraflores-se-habilitara-en-doble-sentido-desde-el-proximo-lunes\/","title":{"rendered":"Calzada norte de Av. Miraflores se habilitar\u00e1 en doble sentido desde el pr\u00f3ximo lunes"},"content":{"rendered":"<p><span style=\"color: #ff0000;\"><strong>Obras en intersecci\u00f3n con Hermanos Carrera Oriente:<\/strong><\/span><\/p>\n<ul>\n<li><strong>Municipio gestion\u00f3 con la constructora la habilitaci\u00f3n de un bypass para mantener el tr\u00e1nsito por el sector y no cortar el acceso al hospital.<\/strong><\/li>\n<\/ul>\n<p>A contar de este lunes 20 de mayo, la calzada norte de la Avenida Miraflores, a la altura de la intersecci\u00f3n con Avenida Hermanos Carrera Oriente, se habilitar\u00e1 para tr\u00e1nsito en ambas direcciones.<br \/>\nLo anterior es parte de los trabajos de mejoramiento y conexi\u00f3n con Hermanos Carrera Nororiente, que se construye a un costado del Hospital San Camilo.<br \/>\nMientras tanto, la calzada sur ser\u00e1 cerrada como parte de los trabajos que ya se ejecutan en avenida Hermanos Carrera Oriente, lo que signific\u00f3 el cierre total de la v\u00eda debido al precario estado de la calzada y adem\u00e1s la necesidad de mejorar la estructura del canal de regad\u00edo que atraviesa esta arteria.<br \/>\nSobre la molestia que se registr\u00f3 por parte de los vecinos tras el cierre de la avenida Hermanos Carrera Oriente, el alcalde Patricio Freire record\u00f3 que la decisi\u00f3n fue porque la calle colaps\u00f3 y, por ende, era urgente intervenirla. \u00abConversamos con los vecinos y le explicamos la situaci\u00f3n, entendemos los inconvenientes generados, pero esto es parte de las obras que mejorar\u00e1n la conectividad en la comuna\u00bb.<br \/>\nJes\u00fas Chaparro, dirigente de la junta de vecinos del barrio Miraflores, sostuvo que existe el compromiso del sector para apoyar los trabajos que deban ejecutarse en toda esta \u00e1rea: \u00abLas personas necesitaban saber que no estaban solas y que se les informe de los trabajos que se realizar\u00e1n a futuro\u00bb.<br \/>\nEl asesor urbanista del municipio, Rodrigo Salinas, adelant\u00f3 que el lunes 20 de mayo comienzan la intervenci\u00f3n de la calzada sur de avenida Miraflores a la altura de Hermanos Carrera Oriente: \u00abEs un trabajo de aproximadamente 40 d\u00edas, hay que generar obras que mejoran el atravieso del canal que pasa debajo de esta v\u00eda, sumado a la instalaci\u00f3n de los nuevos sem\u00e1foros\u00bb.<br \/>\nExplic\u00f3 que la calzada norte quedar\u00e1 habilitada en ambos sentidos, tanto al oriente como al poniente: \u00abSe produce un bypass para facilitar el acceso hacia el hospital San Camilo, por eso, la idea es que las personas que van a otros puntos de la ciudad usen v\u00edas alternativas para no saturar este punto\u00bb.<\/p>\n<figure id=\"attachment_91938\" aria-describedby=\"caption-attachment-91938\" style=\"width: 580px\" class=\"wp-caption alignnone\"><img data-recalc-dims=\"1\" loading=\"lazy\" decoding=\"async\" class=\"size-full wp-image-91938\" src=\"https:\/\/i0.wp.com\/www.eltrabajo.cl\/portal\/wp-content\/uploads\/2019\/05\/Reunion-alcalde-vecinos-miraflores.jpg?resize=580%2C360\" alt=\"El alcalde Patricio Freire se reuni\u00f3 con los vecinos a quienes explic\u00f3 la situaci\u00f3n, recordando que la calle colaps\u00f3 y era urgente intervenirla.\" width=\"580\" height=\"360\" srcset=\"https:\/\/i0.wp.com\/eltrabajo.cl\/portal\/wp-content\/uploads\/2019\/05\/Reunion-alcalde-vecinos-miraflores.jpg?w=580&amp;ssl=1 580w, https:\/\/i0.wp.com\/eltrabajo.cl\/portal\/wp-content\/uploads\/2019\/05\/Reunion-alcalde-vecinos-miraflores.jpg?resize=200%2C124&amp;ssl=1 200w, https:\/\/i0.wp.com\/eltrabajo.cl\/portal\/wp-content\/uploads\/2019\/05\/Reunion-alcalde-vecinos-miraflores.jpg?resize=300%2C186&amp;ssl=1 300w, https:\/\/i0.wp.com\/eltrabajo.cl\/portal\/wp-content\/uploads\/2019\/05\/Reunion-alcalde-vecinos-miraflores.jpg?resize=242%2C150&amp;ssl=1 242w, https:\/\/i0.wp.com\/eltrabajo.cl\/portal\/wp-content\/uploads\/2019\/05\/Reunion-alcalde-vecinos-miraflores.jpg?resize=400%2C248&amp;ssl=1 400w\" sizes=\"auto, (max-width: 580px) 100vw, 580px\" \/><figcaption id=\"caption-attachment-91938\" class=\"wp-caption-text\">El alcalde Patricio Freire se reuni\u00f3 con los vecinos a quienes explic\u00f3 la situaci\u00f3n, recordando que la calle colaps\u00f3 y era urgente intervenirla.<\/figcaption><\/figure>\n<p>&nbsp;<\/p>\n","protected":false},"excerpt":{"rendered":"<p>Obras en intersecci\u00f3n con Hermanos Carrera Oriente: Municipio gestion\u00f3 con la constructora la habilitaci\u00f3n de un bypass para mantener el tr\u00e1nsito por el sector y no cortar el acceso al hospital. A&#8230;<\/p>\n","protected":false},"author":482,"featured_media":91938,"comment_status":"open","ping_status":"open","sticky":false,"template":"","format":"standard","meta":{"advanced_seo_description":"","jetpack_seo_html_title":"","jetpack_seo_noindex":false,"_jetpack_memberships_contains_paid_content":false,"footnotes":""},"categories":[1],"tags":[],"class_list":["post-91937","post","type-post","status-publish","format-standard","has-post-thumbnail","hentry","category-cronica"],"jetpack_featured_media_url":"https:\/\/i0.wp.com\/eltrabajo.cl\/portal\/wp-content\/uploads\/2019\/05\/Reunion-alcalde-vecinos-miraflores.jpg?fit=580%2C360&ssl=1","jetpack_sharing_enabled":true,"jetpack_likes_enabled":true,"jetpack-related-posts":[],"_links":{"self":[{"href":"https:\/\/eltrabajo.cl\/portal\/wp-json\/wp\/v2\/posts\/91937","targetHints":{"allow":["GET"]}}],"collection":[{"href":"https:\/\/eltrabajo.cl\/portal\/wp-json\/wp\/v2\/posts"}],"about":[{"href":"https:\/\/eltrabajo.cl\/portal\/wp-json\/wp\/v2\/types\/post"}],"author":[{"embeddable":true,"href":"https:\/\/eltrabajo.cl\/portal\/wp-json\/wp\/v2\/users\/482"}],"replies":[{"embeddable":true,"href":"https:\/\/eltrabajo.cl\/portal\/wp-json\/wp\/v2\/comments?post=91937"}],"version-history":[{"count":0,"href":"https:\/\/eltrabajo.cl\/portal\/wp-json\/wp\/v2\/posts\/91937\/revisions"}],"wp:featuredmedia":[{"embeddable":true,"href":"https:\/\/eltrabajo.cl\/portal\/wp-json\/wp\/v2\/media\/91938"}],"wp:attachment":[{"href":"https:\/\/eltrabajo.cl\/portal\/wp-json\/wp\/v2\/media?parent=91937"}],"wp:term":[{"taxonomy":"category","embeddable":true,"href":"https:\/\/eltrabajo.cl\/portal\/wp-json\/wp\/v2\/categories?post=91937"},{"taxonomy":"post_tag","embeddable":true,"href":"https:\/\/eltrabajo.cl\/portal\/wp-json\/wp\/v2\/tags?post=91937"}],"curies":[{"name":"wp","href":"https:\/\/api.w.org\/{rel}","templated":true}]}}