{"id":91946,"date":"2019-05-14T05:02:48","date_gmt":"2019-05-14T09:02:48","guid":{"rendered":"http:\/\/www.eltrabajo.cl\/portal\/?p=91946"},"modified":"2019-05-13T20:49:25","modified_gmt":"2019-05-14T00:49:25","slug":"exceso-de-personas-provoca-falla-en-ascensor-de-la-gobernacion-provincial","status":"publish","type":"post","link":"https:\/\/eltrabajo.cl\/portal\/exceso-de-personas-provoca-falla-en-ascensor-de-la-gobernacion-provincial\/","title":{"rendered":"Exceso de personas provoca falla en ascensor de la Gobernaci\u00f3n Provincial"},"content":{"rendered":"<p><span style=\"color: #ff0000;\"><strong>Llaman a respetar capacidad m\u00e1xima de pasajeros:<\/strong><\/span><\/p>\n<p>Ocho personas, en su mayor\u00eda migrantes haitianos y venezolanos que se dirig\u00edan al departamento de Extranjer\u00eda, quedaron atrapadas en uno de los ascensores de la Gobernaci\u00f3n Provincial de San Felipe, producto de un desperfecto sufrido debido al sobrepeso que hab\u00eda en ese momento, ya que la capacidad es solo para seis personas.<br \/>\nAl respecto fue el propio jefe de Gabinete de la Gobernaci\u00f3n Provincial, Max Navas, quien se refiri\u00f3 a esta emergencia, haciendo un llamado a las personas a respetar la capacidad m\u00e1xima de los ascensores: \u00abLa capacidad es para seis personas y ven\u00edan ocho. Lo que vamos a hacer es poner esta advertencia en el lenguaje creole para los haitianos, porque sube mucha gente a Extranjer\u00eda, para que ellos sepan realmente que la capacidad m\u00e1xima son seis personas\u00bb, se\u00f1al\u00f3.<br \/>\nConsultado sobre las personas atrapadas, dijo que se trata de ciudadanos haitianos principalmente, adem\u00e1s de venezolanos y chilenos.<br \/>\nSe\u00f1al\u00f3 que se iba a hablar con la empresa encargada de la mantenci\u00f3n para reparar en caso que el ascensor haya sufrido alg\u00fan da\u00f1o.<br \/>\nEsta emergencia ocurri\u00f3 ayer pasadas las 11:30 horas, debiendo concurrir personal de Bomberos a socorrer a las personas. Sin embargo pasados unos minutos la emergencia fue solucionada.<br \/>\nCabe se\u00f1alar que no hubo personas heridas, por lo que no fue necesaria la presencia de una ambulancia del SAMU.<br \/>\nAl finalizar Navas reiter\u00f3 que la capacidad de cada ascensor es de seis personas. Por eso insisti\u00f3 en el llamado a la comunidad a respetar este n\u00famero.<\/p>\n<figure id=\"attachment_91947\" aria-describedby=\"caption-attachment-91947\" style=\"width: 580px\" class=\"wp-caption alignnone\"><img data-recalc-dims=\"1\" loading=\"lazy\" decoding=\"async\" class=\"size-full wp-image-91947\" src=\"https:\/\/i0.wp.com\/www.eltrabajo.cl\/portal\/wp-content\/uploads\/2019\/05\/Ascensor-Bomberos.jpg?resize=580%2C360\" alt=\"Personal de bomberos logr\u00f3 liberar a los ocho ocupantes del ascensor.\" width=\"580\" height=\"360\" srcset=\"https:\/\/i0.wp.com\/eltrabajo.cl\/portal\/wp-content\/uploads\/2019\/05\/Ascensor-Bomberos.jpg?w=580&amp;ssl=1 580w, https:\/\/i0.wp.com\/eltrabajo.cl\/portal\/wp-content\/uploads\/2019\/05\/Ascensor-Bomberos.jpg?resize=200%2C124&amp;ssl=1 200w, https:\/\/i0.wp.com\/eltrabajo.cl\/portal\/wp-content\/uploads\/2019\/05\/Ascensor-Bomberos.jpg?resize=300%2C186&amp;ssl=1 300w, https:\/\/i0.wp.com\/eltrabajo.cl\/portal\/wp-content\/uploads\/2019\/05\/Ascensor-Bomberos.jpg?resize=242%2C150&amp;ssl=1 242w, https:\/\/i0.wp.com\/eltrabajo.cl\/portal\/wp-content\/uploads\/2019\/05\/Ascensor-Bomberos.jpg?resize=400%2C248&amp;ssl=1 400w\" sizes=\"auto, (max-width: 580px) 100vw, 580px\" \/><figcaption id=\"caption-attachment-91947\" class=\"wp-caption-text\">Personal de bomberos logr\u00f3 liberar a los ocho ocupantes del ascensor.<\/figcaption><\/figure>\n<figure id=\"attachment_91948\" aria-describedby=\"caption-attachment-91948\" style=\"width: 580px\" class=\"wp-caption alignnone\"><img data-recalc-dims=\"1\" loading=\"lazy\" decoding=\"async\" class=\"size-full wp-image-91948\" src=\"https:\/\/i0.wp.com\/www.eltrabajo.cl\/portal\/wp-content\/uploads\/2019\/05\/Ascensor-Navas.jpg?resize=580%2C360\" alt=\"El jefe de Gabinete, Max Navas, entreg\u00f3 detalles de la emergencia y llam\u00f3 a la comunidad a respetar la capacidad m\u00e1xima de los ascensores.\" width=\"580\" height=\"360\" srcset=\"https:\/\/i0.wp.com\/eltrabajo.cl\/portal\/wp-content\/uploads\/2019\/05\/Ascensor-Navas.jpg?w=580&amp;ssl=1 580w, https:\/\/i0.wp.com\/eltrabajo.cl\/portal\/wp-content\/uploads\/2019\/05\/Ascensor-Navas.jpg?resize=200%2C124&amp;ssl=1 200w, https:\/\/i0.wp.com\/eltrabajo.cl\/portal\/wp-content\/uploads\/2019\/05\/Ascensor-Navas.jpg?resize=300%2C186&amp;ssl=1 300w, https:\/\/i0.wp.com\/eltrabajo.cl\/portal\/wp-content\/uploads\/2019\/05\/Ascensor-Navas.jpg?resize=242%2C150&amp;ssl=1 242w, https:\/\/i0.wp.com\/eltrabajo.cl\/portal\/wp-content\/uploads\/2019\/05\/Ascensor-Navas.jpg?resize=400%2C248&amp;ssl=1 400w\" sizes=\"auto, (max-width: 580px) 100vw, 580px\" \/><figcaption id=\"caption-attachment-91948\" class=\"wp-caption-text\">El jefe de Gabinete, Max Navas, entreg\u00f3 detalles de la emergencia y llam\u00f3 a la comunidad a respetar la capacidad m\u00e1xima de los ascensores.<\/figcaption><\/figure>\n<figure id=\"attachment_91949\" aria-describedby=\"caption-attachment-91949\" style=\"width: 580px\" class=\"wp-caption alignnone\"><img data-recalc-dims=\"1\" loading=\"lazy\" decoding=\"async\" class=\"size-full wp-image-91949\" src=\"https:\/\/i0.wp.com\/www.eltrabajo.cl\/portal\/wp-content\/uploads\/2019\/05\/Ascensor.jpg?resize=580%2C793\" alt=\"Un bombero revisando el ascensor.\" width=\"580\" height=\"793\" srcset=\"https:\/\/i0.wp.com\/eltrabajo.cl\/portal\/wp-content\/uploads\/2019\/05\/Ascensor.jpg?w=580&amp;ssl=1 580w, https:\/\/i0.wp.com\/eltrabajo.cl\/portal\/wp-content\/uploads\/2019\/05\/Ascensor.jpg?resize=110%2C150&amp;ssl=1 110w, https:\/\/i0.wp.com\/eltrabajo.cl\/portal\/wp-content\/uploads\/2019\/05\/Ascensor.jpg?resize=219%2C300&amp;ssl=1 219w, https:\/\/i0.wp.com\/eltrabajo.cl\/portal\/wp-content\/uploads\/2019\/05\/Ascensor.jpg?resize=400%2C547&amp;ssl=1 400w\" sizes=\"auto, (max-width: 580px) 100vw, 580px\" \/><figcaption id=\"caption-attachment-91949\" class=\"wp-caption-text\">Un bombero revisando el ascensor.<\/figcaption><\/figure>\n","protected":false},"excerpt":{"rendered":"<p>Llaman a respetar capacidad m\u00e1xima de pasajeros: Ocho personas, en su mayor\u00eda migrantes haitianos y venezolanos que se dirig\u00edan al departamento de Extranjer\u00eda, quedaron atrapadas en uno de los ascensores de la&#8230;<\/p>\n","protected":false},"author":482,"featured_media":91947,"comment_status":"open","ping_status":"open","sticky":false,"template":"","format":"standard","meta":{"advanced_seo_description":"","jetpack_seo_html_title":"","jetpack_seo_noindex":false,"_jetpack_memberships_contains_paid_content":false,"footnotes":""},"categories":[1],"tags":[],"class_list":["post-91946","post","type-post","status-publish","format-standard","has-post-thumbnail","hentry","category-cronica"],"jetpack_featured_media_url":"https:\/\/i0.wp.com\/eltrabajo.cl\/portal\/wp-content\/uploads\/2019\/05\/Ascensor-Bomberos.jpg?fit=580%2C360&ssl=1","jetpack_sharing_enabled":true,"jetpack_likes_enabled":true,"jetpack-related-posts":[],"_links":{"self":[{"href":"https:\/\/eltrabajo.cl\/portal\/wp-json\/wp\/v2\/posts\/91946","targetHints":{"allow":["GET"]}}],"collection":[{"href":"https:\/\/eltrabajo.cl\/portal\/wp-json\/wp\/v2\/posts"}],"about":[{"href":"https:\/\/eltrabajo.cl\/portal\/wp-json\/wp\/v2\/types\/post"}],"author":[{"embeddable":true,"href":"https:\/\/eltrabajo.cl\/portal\/wp-json\/wp\/v2\/users\/482"}],"replies":[{"embeddable":true,"href":"https:\/\/eltrabajo.cl\/portal\/wp-json\/wp\/v2\/comments?post=91946"}],"version-history":[{"count":0,"href":"https:\/\/eltrabajo.cl\/portal\/wp-json\/wp\/v2\/posts\/91946\/revisions"}],"wp:featuredmedia":[{"embeddable":true,"href":"https:\/\/eltrabajo.cl\/portal\/wp-json\/wp\/v2\/media\/91947"}],"wp:attachment":[{"href":"https:\/\/eltrabajo.cl\/portal\/wp-json\/wp\/v2\/media?parent=91946"}],"wp:term":[{"taxonomy":"category","embeddable":true,"href":"https:\/\/eltrabajo.cl\/portal\/wp-json\/wp\/v2\/categories?post=91946"},{"taxonomy":"post_tag","embeddable":true,"href":"https:\/\/eltrabajo.cl\/portal\/wp-json\/wp\/v2\/tags?post=91946"}],"curies":[{"name":"wp","href":"https:\/\/api.w.org\/{rel}","templated":true}]}}