{"id":91967,"date":"2019-05-15T05:02:53","date_gmt":"2019-05-15T09:02:53","guid":{"rendered":"http:\/\/www.eltrabajo.cl\/portal\/?p=91967"},"modified":"2019-05-14T20:37:53","modified_gmt":"2019-05-15T00:37:53","slug":"colectiveros-respaldan-cambio-de-sentido-de-calles-en-centro-de-la-comuna","status":"publish","type":"post","link":"https:\/\/eltrabajo.cl\/portal\/colectiveros-respaldan-cambio-de-sentido-de-calles-en-centro-de-la-comuna\/","title":{"rendered":"Colectiveros respaldan cambio de sentido de calles en centro de la comuna"},"content":{"rendered":"<p><span style=\"color: #ff0000;\"><strong>Consejo de Taxis Urbanos de San Felipe:<\/strong><\/span><\/p>\n<ul>\n<li><strong>Reuni\u00f3n sostenida con alcalde Freire y equipo t\u00e9cnico, permiti\u00f3 resolver las dudas que manten\u00eda el sector.<\/strong><\/li>\n<\/ul>\n<p>La directiva del Consejo de Taxis Urbanos de San Felipe respald\u00f3 la medida que contempla el cambio de sentido de distintas calles en el damero fundacional de la comuna, inserto en el Plan Maestro de Gesti\u00f3n de Tr\u00e1nsito.<br \/>\nLo anterior se desprendi\u00f3 de la reuni\u00f3n t\u00e9cnica que encabez\u00f3 el alcalde Patricio Freire, y cuyo prop\u00f3sito fue dar respuesta a las inquietudes de los dirigentes del transporte menor de la comuna y que fueron aclaradas durante la jornada.<br \/>\n\u00abHemos comprometido nuestro apoyo al Plan Maestro de Gesti\u00f3n de Tr\u00e1nsito y a las futuras modificaciones que puedan existir, tenemos la claridad de c\u00f3mo vamos a plantear nuestros servicios en el futuro, por lo tanto, nos vamos conformes y satisfechos\u00bb, sentenci\u00f3 Manuel Carvallo, presidente del Consejo de Taxis Urbanos de San Felipe.<br \/>\nA\u00f1adi\u00f3 que si bien, en alg\u00fan momento, el gremio plante\u00f3 su disconformidad sobre el tema, \u00abhoy la opini\u00f3n es diferente y de total apoyo a la gesti\u00f3n que se est\u00e1 haciendo\u00bb.<br \/>\nEl dirigente manifest\u00f3 que el compromiso ahora es educar al usuario: \u00abHoy nos vamos a adaptar a lo que tenemos\u00bb.<br \/>\nEl alcalde Patricio Freire reiter\u00f3 que estos cambios buscan mejorar la conectividad en la comuna, y se suman a otros proyectos que se ejecutar\u00e1n durante los pr\u00f3ximos meses, entre ellos la ampliaci\u00f3n a cuatro pistas de la Avenida Michimalongo.<\/p>\n<figure id=\"attachment_91969\" aria-describedby=\"caption-attachment-91969\" style=\"width: 580px\" class=\"wp-caption alignnone\"><img data-recalc-dims=\"1\" loading=\"lazy\" decoding=\"async\" class=\"size-full wp-image-91969\" src=\"https:\/\/i0.wp.com\/www.eltrabajo.cl\/portal\/wp-content\/uploads\/2019\/05\/Reuni%C3%B3n-Consejo-2.jpg?resize=580%2C360\" alt=\"El alcalde Patricio Freire junto a su equipo t\u00e9cnico se reuni\u00f3 con los transportistas de pasajeros para explicar el sentido de los cambios.\" width=\"580\" height=\"360\" srcset=\"https:\/\/i0.wp.com\/eltrabajo.cl\/portal\/wp-content\/uploads\/2019\/05\/Reuni%C3%B3n-Consejo-2.jpg?w=580&amp;ssl=1 580w, https:\/\/i0.wp.com\/eltrabajo.cl\/portal\/wp-content\/uploads\/2019\/05\/Reuni%C3%B3n-Consejo-2.jpg?resize=200%2C124&amp;ssl=1 200w, https:\/\/i0.wp.com\/eltrabajo.cl\/portal\/wp-content\/uploads\/2019\/05\/Reuni%C3%B3n-Consejo-2.jpg?resize=300%2C186&amp;ssl=1 300w, https:\/\/i0.wp.com\/eltrabajo.cl\/portal\/wp-content\/uploads\/2019\/05\/Reuni%C3%B3n-Consejo-2.jpg?resize=242%2C150&amp;ssl=1 242w, https:\/\/i0.wp.com\/eltrabajo.cl\/portal\/wp-content\/uploads\/2019\/05\/Reuni%C3%B3n-Consejo-2.jpg?resize=400%2C248&amp;ssl=1 400w\" sizes=\"auto, (max-width: 580px) 100vw, 580px\" \/><figcaption id=\"caption-attachment-91969\" class=\"wp-caption-text\">El alcalde Patricio Freire junto a su equipo t\u00e9cnico se reuni\u00f3 con los transportistas de pasajeros para explicar el sentido de los cambios.<\/figcaption><\/figure>\n<figure id=\"attachment_91968\" aria-describedby=\"caption-attachment-91968\" style=\"width: 580px\" class=\"wp-caption alignnone\"><img data-recalc-dims=\"1\" loading=\"lazy\" decoding=\"async\" class=\"size-full wp-image-91968\" src=\"https:\/\/i0.wp.com\/www.eltrabajo.cl\/portal\/wp-content\/uploads\/2019\/05\/Reuni%C3%B3n-Consejo-1.jpg?resize=580%2C360\" alt=\"Los dirigentes del transporte menor decidieron respaldar el cambio de calles tras sostener una reuni\u00f3n informativa en la municipalidad.\" width=\"580\" height=\"360\" srcset=\"https:\/\/i0.wp.com\/eltrabajo.cl\/portal\/wp-content\/uploads\/2019\/05\/Reuni%C3%B3n-Consejo-1.jpg?w=580&amp;ssl=1 580w, https:\/\/i0.wp.com\/eltrabajo.cl\/portal\/wp-content\/uploads\/2019\/05\/Reuni%C3%B3n-Consejo-1.jpg?resize=200%2C124&amp;ssl=1 200w, https:\/\/i0.wp.com\/eltrabajo.cl\/portal\/wp-content\/uploads\/2019\/05\/Reuni%C3%B3n-Consejo-1.jpg?resize=300%2C186&amp;ssl=1 300w, https:\/\/i0.wp.com\/eltrabajo.cl\/portal\/wp-content\/uploads\/2019\/05\/Reuni%C3%B3n-Consejo-1.jpg?resize=242%2C150&amp;ssl=1 242w, https:\/\/i0.wp.com\/eltrabajo.cl\/portal\/wp-content\/uploads\/2019\/05\/Reuni%C3%B3n-Consejo-1.jpg?resize=400%2C248&amp;ssl=1 400w\" sizes=\"auto, (max-width: 580px) 100vw, 580px\" \/><figcaption id=\"caption-attachment-91968\" class=\"wp-caption-text\">Los dirigentes del transporte menor decidieron respaldar el cambio de calles tras sostener una reuni\u00f3n informativa en la municipalidad.<\/figcaption><\/figure>\n","protected":false},"excerpt":{"rendered":"<p>Consejo de Taxis Urbanos de San Felipe: Reuni\u00f3n sostenida con alcalde Freire y equipo t\u00e9cnico, permiti\u00f3 resolver las dudas que manten\u00eda el sector. La directiva del Consejo de Taxis Urbanos de San&#8230;<\/p>\n","protected":false},"author":482,"featured_media":91968,"comment_status":"open","ping_status":"open","sticky":false,"template":"","format":"standard","meta":{"advanced_seo_description":"","jetpack_seo_html_title":"","jetpack_seo_noindex":false,"_jetpack_memberships_contains_paid_content":false,"footnotes":""},"categories":[1],"tags":[],"class_list":["post-91967","post","type-post","status-publish","format-standard","has-post-thumbnail","hentry","category-cronica"],"jetpack_featured_media_url":"https:\/\/i0.wp.com\/eltrabajo.cl\/portal\/wp-content\/uploads\/2019\/05\/Reuni%C3%B3n-Consejo-1.jpg?fit=580%2C360&ssl=1","jetpack_sharing_enabled":true,"jetpack_likes_enabled":true,"jetpack-related-posts":[],"_links":{"self":[{"href":"https:\/\/eltrabajo.cl\/portal\/wp-json\/wp\/v2\/posts\/91967","targetHints":{"allow":["GET"]}}],"collection":[{"href":"https:\/\/eltrabajo.cl\/portal\/wp-json\/wp\/v2\/posts"}],"about":[{"href":"https:\/\/eltrabajo.cl\/portal\/wp-json\/wp\/v2\/types\/post"}],"author":[{"embeddable":true,"href":"https:\/\/eltrabajo.cl\/portal\/wp-json\/wp\/v2\/users\/482"}],"replies":[{"embeddable":true,"href":"https:\/\/eltrabajo.cl\/portal\/wp-json\/wp\/v2\/comments?post=91967"}],"version-history":[{"count":0,"href":"https:\/\/eltrabajo.cl\/portal\/wp-json\/wp\/v2\/posts\/91967\/revisions"}],"wp:featuredmedia":[{"embeddable":true,"href":"https:\/\/eltrabajo.cl\/portal\/wp-json\/wp\/v2\/media\/91968"}],"wp:attachment":[{"href":"https:\/\/eltrabajo.cl\/portal\/wp-json\/wp\/v2\/media?parent=91967"}],"wp:term":[{"taxonomy":"category","embeddable":true,"href":"https:\/\/eltrabajo.cl\/portal\/wp-json\/wp\/v2\/categories?post=91967"},{"taxonomy":"post_tag","embeddable":true,"href":"https:\/\/eltrabajo.cl\/portal\/wp-json\/wp\/v2\/tags?post=91967"}],"curies":[{"name":"wp","href":"https:\/\/api.w.org\/{rel}","templated":true}]}}