{"id":92004,"date":"2019-05-16T05:03:32","date_gmt":"2019-05-16T09:03:32","guid":{"rendered":"http:\/\/www.eltrabajo.cl\/portal\/?p=92004"},"modified":"2019-05-15T20:56:43","modified_gmt":"2019-05-16T00:56:43","slug":"gonzalo-gringo-alvarez-solo-me-enfoco-en-lo-mio-y-trato-de-no-mirar-para-afuera","status":"publish","type":"post","link":"https:\/\/eltrabajo.cl\/portal\/gonzalo-gringo-alvarez-solo-me-enfoco-en-lo-mio-y-trato-de-no-mirar-para-afuera\/","title":{"rendered":"Gonzalo &#8216;Gringo&#8217; \u00c1lvarez: \u201cSolo me enfoco en lo m\u00edo y trato de no mirar para afuera\u201d"},"content":{"rendered":"<p>En la gran levantada que ha mostrado Uni\u00f3n San Felipe durante este tramo de torneo, ha cobrado mucho protagonismo el volante ofensivo Gonzalo \u00c1lvarez, quien a base de muy buenas actuaciones y goles, se ha ganado un puesto de titular indiscutido en la escuadra sanfelipe\u00f1a. \u00abLa verdad estoy muy contento por el momento que estoy pasando; solamente me dedico a entrenar, jugar y tratar de ser un aporte al equipo. El grupo se ve s\u00f3lido y convencido de lo que se est\u00e1 haciendo\u00bb, declar\u00f3 el jugador a El Trabajo Deportivo, tras la pr\u00e1ctica de ayer mi\u00e9rcoles.<br \/>\nLa aparici\u00f3n del \u2018Gringo\u2019 fue explosiva y coincidi\u00f3 con el cambio de mano en la banca t\u00e9cnica. Germ\u00e1n Corengia de inmediato le entreg\u00f3 responsabilidades a un jugador que pese a su juventud ya tiene las cosas muy claras. \u00abSolo me enfoco en lo m\u00edo y trato de no mirar para afuera; ahora si hablan cosas de m\u00ed, buenas o malas, es tema de los medios. Siento que aparte de jugador he evolucionado tambi\u00e9n como persona; tengo muy claro que no debo conformarme, porque siempre hay por crecer y mejorar\u00bb, aport\u00f3.<br \/>\nRespecto al partido de este fin de semana frente a \u00d1ublense, dijo: \u00abEstamos muy tranquilos, porque sabemos que, si seguimos trabajando de la misma forma, tendremos un resultado positivo\u00bb.<\/p>\n<figure id=\"attachment_92005\" aria-describedby=\"caption-attachment-92005\" style=\"width: 580px\" class=\"wp-caption alignnone\"><img data-recalc-dims=\"1\" loading=\"lazy\" decoding=\"async\" class=\"size-full wp-image-92005\" src=\"https:\/\/i0.wp.com\/www.eltrabajo.cl\/portal\/wp-content\/uploads\/2019\/05\/gringo.jpg?resize=580%2C360\" alt=\"Gonzalo \u00c1lvarez se ha convertido en el jugador m\u00e1s desequilibrante de Uni\u00f3n San Felipe.\" width=\"580\" height=\"360\" srcset=\"https:\/\/i0.wp.com\/eltrabajo.cl\/portal\/wp-content\/uploads\/2019\/05\/gringo.jpg?w=580&amp;ssl=1 580w, https:\/\/i0.wp.com\/eltrabajo.cl\/portal\/wp-content\/uploads\/2019\/05\/gringo.jpg?resize=200%2C124&amp;ssl=1 200w, https:\/\/i0.wp.com\/eltrabajo.cl\/portal\/wp-content\/uploads\/2019\/05\/gringo.jpg?resize=300%2C186&amp;ssl=1 300w, https:\/\/i0.wp.com\/eltrabajo.cl\/portal\/wp-content\/uploads\/2019\/05\/gringo.jpg?resize=242%2C150&amp;ssl=1 242w, https:\/\/i0.wp.com\/eltrabajo.cl\/portal\/wp-content\/uploads\/2019\/05\/gringo.jpg?resize=400%2C248&amp;ssl=1 400w\" sizes=\"auto, (max-width: 580px) 100vw, 580px\" \/><figcaption id=\"caption-attachment-92005\" class=\"wp-caption-text\">Gonzalo \u00c1lvarez se ha convertido en el jugador m\u00e1s desequilibrante de Uni\u00f3n San Felipe.<\/figcaption><\/figure>\n","protected":false},"excerpt":{"rendered":"<p>En la gran levantada que ha mostrado Uni\u00f3n San Felipe durante este tramo de torneo, ha cobrado mucho protagonismo el volante ofensivo Gonzalo \u00c1lvarez, quien a base de muy buenas actuaciones y&#8230;<\/p>\n","protected":false},"author":482,"featured_media":92005,"comment_status":"open","ping_status":"open","sticky":false,"template":"","format":"standard","meta":{"advanced_seo_description":"","jetpack_seo_html_title":"","jetpack_seo_noindex":false,"_jetpack_memberships_contains_paid_content":false,"footnotes":""},"categories":[19],"tags":[],"class_list":["post-92004","post","type-post","status-publish","format-standard","has-post-thumbnail","hentry","category-deportes"],"jetpack_featured_media_url":"https:\/\/i0.wp.com\/eltrabajo.cl\/portal\/wp-content\/uploads\/2019\/05\/gringo.jpg?fit=580%2C360&ssl=1","jetpack_sharing_enabled":true,"jetpack_likes_enabled":true,"jetpack-related-posts":[],"_links":{"self":[{"href":"https:\/\/eltrabajo.cl\/portal\/wp-json\/wp\/v2\/posts\/92004","targetHints":{"allow":["GET"]}}],"collection":[{"href":"https:\/\/eltrabajo.cl\/portal\/wp-json\/wp\/v2\/posts"}],"about":[{"href":"https:\/\/eltrabajo.cl\/portal\/wp-json\/wp\/v2\/types\/post"}],"author":[{"embeddable":true,"href":"https:\/\/eltrabajo.cl\/portal\/wp-json\/wp\/v2\/users\/482"}],"replies":[{"embeddable":true,"href":"https:\/\/eltrabajo.cl\/portal\/wp-json\/wp\/v2\/comments?post=92004"}],"version-history":[{"count":0,"href":"https:\/\/eltrabajo.cl\/portal\/wp-json\/wp\/v2\/posts\/92004\/revisions"}],"wp:featuredmedia":[{"embeddable":true,"href":"https:\/\/eltrabajo.cl\/portal\/wp-json\/wp\/v2\/media\/92005"}],"wp:attachment":[{"href":"https:\/\/eltrabajo.cl\/portal\/wp-json\/wp\/v2\/media?parent=92004"}],"wp:term":[{"taxonomy":"category","embeddable":true,"href":"https:\/\/eltrabajo.cl\/portal\/wp-json\/wp\/v2\/categories?post=92004"},{"taxonomy":"post_tag","embeddable":true,"href":"https:\/\/eltrabajo.cl\/portal\/wp-json\/wp\/v2\/tags?post=92004"}],"curies":[{"name":"wp","href":"https:\/\/api.w.org\/{rel}","templated":true}]}}