{"id":92030,"date":"2019-05-17T05:02:56","date_gmt":"2019-05-17T09:02:56","guid":{"rendered":"http:\/\/www.eltrabajo.cl\/portal\/?p=92030"},"modified":"2019-05-16T20:39:01","modified_gmt":"2019-05-17T00:39:01","slug":"seran-27-cirugias-de-abdominoplastia-durante-2019-en-aconcagua","status":"publish","type":"post","link":"https:\/\/eltrabajo.cl\/portal\/seran-27-cirugias-de-abdominoplastia-durante-2019-en-aconcagua\/","title":{"rendered":"Ser\u00e1n 27 cirug\u00edas de Abdominoplast\u00eda durante 2019 en Aconcagua"},"content":{"rendered":"<p>La abdominoplast\u00eda es un procedimiento quir\u00fargico complejo de reconstrucci\u00f3n de la pared abdominal, para remodelar el abdomen, la cintura y la forma del tronco el cuerpo, en personas que hayan sufrido deformaciones de esa zona, como consecuencia de variaciones de peso o embarazo. Este procedimiento quir\u00fargico influye en la calidad de vida de los pacientes, mejorando su autoestima, autoimagen, vida sexual, vida social y molestias f\u00edsicas.<br \/>\nRecientemente el Ministerio de Salud inform\u00f3 que en Aconcagua ser\u00e1 el Hospital San Juan de Dios de Los Andes, el establecimiento incorporado en un programa nacional que responde al requerimiento de personas que, tras una baja de peso considerable, presentan lo que se denomina \u2018Abdomen de Delantal\u2019. Es por este motivo que la Subsecretar\u00eda de Redes Asistenciales inform\u00f3 que 27 personas de Aconcagua se ver\u00e1n beneficiadas con esta cirug\u00eda durante este a\u00f1o, a trav\u00e9s de un financiamiento especial por $69 millones.<br \/>\nEl director del Hosla, Dr. Arturo Ram\u00edrez, indic\u00f3 que los pacientes acceder\u00e1n a este programa por dos v\u00edas. Una es a trav\u00e9s de derivaciones del Programa de Cirug\u00eda Bari\u00e1trica, y la otra forma es por derivaci\u00f3n del Programa Vida Sana de los Cesfam. Para ingresar, los pacientes adem\u00e1s deben cumplir con requisitos definidos a trav\u00e9s de un protocolo muy riguroso, donde se especifica que deben ser menores de 55 a\u00f1os con un \u00cdndice de Masa Corporal menor a 30; o bien de entre 55 y 65 a\u00f1os, con un \u00cdndice de Masa Corporal menor a 27. En ambos casos deben tener un bajo \u00edndice de riesgo preoperatorio y un abdomen categorizado como \u2018delantal\u2019 por el equipo m\u00e9dico.<\/p>\n<p><span style=\"color: #ff0000;\"><strong>FACTOR EXCLUYENTE<\/strong><\/span><br \/>\nAs\u00ed tambi\u00e9n, existen factores excluyentes. Estos son: embarazo, post parto menor 6 a meses y con lactancia detenida, estar afectado por una enfermedad oncol\u00f3gica activa, tener una enfermedad dermatol\u00f3gica activa en el \u00e1rea a intervenir, ser portador de una enfermedad psiqui\u00e1trica descompensada, tener un \u00edndice de masa corporal mayor a 30 y ser fumador activo durante los \u00faltimos cuatro meses.<br \/>\nRam\u00edrez indic\u00f3 tambi\u00e9n que el programa est\u00e1 orientado a personas beneficiarias de Fonasa, en cualquiera de sus grupos. Precisamente el establecimiento registra nueve personas en espera por esta cirug\u00eda y que podr\u00edan cumplir con los requisitos para optar a ella. No obstante, por el momento el hospital y el Servicio de Salud Aconcagua trabajan coordinadamente en un plan que permita abordar este programa y entregar esta soluci\u00f3n a las 27 personas durante el presente a\u00f1o.<br \/>\nRam\u00edrez recalc\u00f3 que todav\u00eda est\u00e1n en etapa de implementaci\u00f3n del programa en Aconcagua, raz\u00f3n por la cual no es posible entregar mayor informaci\u00f3n respecto a la forma en que se desarrollar\u00e1. Mayores detalles ser\u00e1 posible entregarlos en la medida que avance el plan de trabajo conjunto con el Servicio de Salud Aconcagua.<\/p>\n<figure id=\"attachment_92031\" aria-describedby=\"caption-attachment-92031\" style=\"width: 580px\" class=\"wp-caption alignnone\"><img data-recalc-dims=\"1\" loading=\"lazy\" decoding=\"async\" class=\"size-full wp-image-92031\" src=\"https:\/\/i0.wp.com\/www.eltrabajo.cl\/portal\/wp-content\/uploads\/2019\/05\/Hosla1.jpg?resize=580%2C360\" alt=\"El Ministerio de Salud inform\u00f3 que en Aconcagua ser\u00e1 el Hospital San Juan de Dios de Los Andes, el establecimiento incorporado al programa nacional que responde al requerimiento.\" width=\"580\" height=\"360\" srcset=\"https:\/\/i0.wp.com\/eltrabajo.cl\/portal\/wp-content\/uploads\/2019\/05\/Hosla1.jpg?w=580&amp;ssl=1 580w, https:\/\/i0.wp.com\/eltrabajo.cl\/portal\/wp-content\/uploads\/2019\/05\/Hosla1.jpg?resize=200%2C124&amp;ssl=1 200w, https:\/\/i0.wp.com\/eltrabajo.cl\/portal\/wp-content\/uploads\/2019\/05\/Hosla1.jpg?resize=300%2C186&amp;ssl=1 300w, https:\/\/i0.wp.com\/eltrabajo.cl\/portal\/wp-content\/uploads\/2019\/05\/Hosla1.jpg?resize=242%2C150&amp;ssl=1 242w, https:\/\/i0.wp.com\/eltrabajo.cl\/portal\/wp-content\/uploads\/2019\/05\/Hosla1.jpg?resize=400%2C248&amp;ssl=1 400w\" sizes=\"auto, (max-width: 580px) 100vw, 580px\" \/><figcaption id=\"caption-attachment-92031\" class=\"wp-caption-text\">El Ministerio de Salud inform\u00f3 que en Aconcagua ser\u00e1 el Hospital San Juan de Dios de Los Andes, el establecimiento incorporado al programa nacional que responde al requerimiento.<\/figcaption><\/figure>\n<figure id=\"attachment_92032\" aria-describedby=\"caption-attachment-92032\" style=\"width: 580px\" class=\"wp-caption alignnone\"><img data-recalc-dims=\"1\" loading=\"lazy\" decoding=\"async\" class=\"size-full wp-image-92032\" src=\"https:\/\/i0.wp.com\/www.eltrabajo.cl\/portal\/wp-content\/uploads\/2019\/05\/Hosla_Arturo-Ramirez.jpg?resize=580%2C360\" alt=\"Director del Hosla, Dr. Arturo Ram\u00edrez.\" width=\"580\" height=\"360\" srcset=\"https:\/\/i0.wp.com\/eltrabajo.cl\/portal\/wp-content\/uploads\/2019\/05\/Hosla_Arturo-Ramirez.jpg?w=580&amp;ssl=1 580w, https:\/\/i0.wp.com\/eltrabajo.cl\/portal\/wp-content\/uploads\/2019\/05\/Hosla_Arturo-Ramirez.jpg?resize=200%2C124&amp;ssl=1 200w, https:\/\/i0.wp.com\/eltrabajo.cl\/portal\/wp-content\/uploads\/2019\/05\/Hosla_Arturo-Ramirez.jpg?resize=300%2C186&amp;ssl=1 300w, https:\/\/i0.wp.com\/eltrabajo.cl\/portal\/wp-content\/uploads\/2019\/05\/Hosla_Arturo-Ramirez.jpg?resize=242%2C150&amp;ssl=1 242w, https:\/\/i0.wp.com\/eltrabajo.cl\/portal\/wp-content\/uploads\/2019\/05\/Hosla_Arturo-Ramirez.jpg?resize=400%2C248&amp;ssl=1 400w\" sizes=\"auto, (max-width: 580px) 100vw, 580px\" \/><figcaption id=\"caption-attachment-92032\" class=\"wp-caption-text\">Director del Hosla, Dr. Arturo Ram\u00edrez.<\/figcaption><\/figure>\n","protected":false},"excerpt":{"rendered":"<p>La abdominoplast\u00eda es un procedimiento quir\u00fargico complejo de reconstrucci\u00f3n de la pared abdominal, para remodelar el abdomen, la cintura y la forma del tronco el cuerpo, en personas que hayan sufrido deformaciones&#8230;<\/p>\n","protected":false},"author":482,"featured_media":92031,"comment_status":"open","ping_status":"open","sticky":false,"template":"","format":"standard","meta":{"advanced_seo_description":"","jetpack_seo_html_title":"","jetpack_seo_noindex":false,"_jetpack_memberships_contains_paid_content":false,"footnotes":""},"categories":[1],"tags":[],"class_list":["post-92030","post","type-post","status-publish","format-standard","has-post-thumbnail","hentry","category-cronica"],"jetpack_featured_media_url":"https:\/\/i0.wp.com\/eltrabajo.cl\/portal\/wp-content\/uploads\/2019\/05\/Hosla1.jpg?fit=580%2C360&ssl=1","jetpack_sharing_enabled":true,"jetpack_likes_enabled":true,"jetpack-related-posts":[],"_links":{"self":[{"href":"https:\/\/eltrabajo.cl\/portal\/wp-json\/wp\/v2\/posts\/92030","targetHints":{"allow":["GET"]}}],"collection":[{"href":"https:\/\/eltrabajo.cl\/portal\/wp-json\/wp\/v2\/posts"}],"about":[{"href":"https:\/\/eltrabajo.cl\/portal\/wp-json\/wp\/v2\/types\/post"}],"author":[{"embeddable":true,"href":"https:\/\/eltrabajo.cl\/portal\/wp-json\/wp\/v2\/users\/482"}],"replies":[{"embeddable":true,"href":"https:\/\/eltrabajo.cl\/portal\/wp-json\/wp\/v2\/comments?post=92030"}],"version-history":[{"count":0,"href":"https:\/\/eltrabajo.cl\/portal\/wp-json\/wp\/v2\/posts\/92030\/revisions"}],"wp:featuredmedia":[{"embeddable":true,"href":"https:\/\/eltrabajo.cl\/portal\/wp-json\/wp\/v2\/media\/92031"}],"wp:attachment":[{"href":"https:\/\/eltrabajo.cl\/portal\/wp-json\/wp\/v2\/media?parent=92030"}],"wp:term":[{"taxonomy":"category","embeddable":true,"href":"https:\/\/eltrabajo.cl\/portal\/wp-json\/wp\/v2\/categories?post=92030"},{"taxonomy":"post_tag","embeddable":true,"href":"https:\/\/eltrabajo.cl\/portal\/wp-json\/wp\/v2\/tags?post=92030"}],"curies":[{"name":"wp","href":"https:\/\/api.w.org\/{rel}","templated":true}]}}