{"id":92038,"date":"2019-05-17T05:04:44","date_gmt":"2019-05-17T09:04:44","guid":{"rendered":"http:\/\/www.eltrabajo.cl\/portal\/?p=92038"},"modified":"2019-05-16T20:45:13","modified_gmt":"2019-05-17T00:45:13","slug":"confirmado-cajales-cambiara-sentido-de-transito-para-coincidir-con-portus","status":"publish","type":"post","link":"https:\/\/eltrabajo.cl\/portal\/confirmado-cajales-cambiara-sentido-de-transito-para-coincidir-con-portus\/","title":{"rendered":"\u00a1Confirmado! Cajales cambiar\u00e1 sentido de tr\u00e1nsito para coincidir con Portus"},"content":{"rendered":"<p><span style=\"color: #ff0000;\"><strong>Municipalidad espera eliminar gradualmente los terminales de colectivos ubicados en calle Merced.<\/strong><\/span><\/p>\n<p>El Secretario de Planificaci\u00f3n de la Municipalidad de San Felipe, Claudio Paredes, confirm\u00f3 que una vez que entre en vigencia el Plan Maestro de Gesti\u00f3n de Tr\u00e1nsito, la calle Cajales cambiar\u00e1 de sentido, adoptando el mismo que tendr\u00e1 m\u00e1s adelante calle Portus, es decir de sur a norte. Indic\u00f3 adem\u00e1s que la municipalidad de San Felipe, espec\u00edficamente la Direcci\u00f3n de Tr\u00e1nsito, est\u00e1 conversando con la Seremi de Transportes para eliminar gradualmente los terminales de colectivos en calle Merced.<br \/>\nReiter\u00f3 que la intencionalidad del Plan de Gesti\u00f3n de Tr\u00e1nsito es darle un movimiento m\u00e1s fluido al traslado de los veh\u00edculos: \u00abEsto significa que la reversibilidad o cambio de calle en el sentido de tr\u00e1nsito tambi\u00e9n tiene un correlato puntualmente en Calle Cajales, tendr\u00eda que tomar el mismo sentido que va a tomar la calle Portus, de manera y que eso lo conversamos con los colectiveros tambi\u00e9n, de manera que hay una ruta completa de reversibilidad de la calle para las personas y veh\u00edculos\u00bb, manifest\u00f3 Paredes.<br \/>\nAgreg\u00f3 que junto al director de Tr\u00e1nsito han estado efectuando una revisi\u00f3n de c\u00f3mo funcionan las calles fuera del damero \u00aby darle todas las facilidades para que complementen el plan de gesti\u00f3n de tr\u00e1nsito, desde hace tiempo que junto al Serviu se han ido revisando no solamente la situaci\u00f3n del damero, aunque el Plan de Gesti\u00f3n de Tr\u00e1nsito en su origen busca mejorar el traslado al interior del damero, tambi\u00e9n es un plan m\u00e1s integral y obviamente involucra las calles que est\u00e1n fuera del damero, y la idea es como le dec\u00eda que \u00e9stas en el tiempo prudente puedan ir modificando su sentido\u00bb, indic\u00f3 Paredes.<br \/>\nEn cuanto a plazos para estos cambios, Claudio Paredes indic\u00f3 lo siguiente: \u00abNosotros hemos definido un plazo para el cambio de sentido en el damero y las otras independientes de las se\u00f1aladas siempre tienen que pasar por un visto bueno del Seremi de Transporte, entonces eso pueda que en conjunto sea una semana despu\u00e9s, un periodo cercano\u00bb, indic\u00f3.<\/p>\n<p><span style=\"color: #ff0000;\"><strong>TERMINALES DE COLECTIVOS<\/strong><\/span><br \/>\nTambi\u00e9n el Secretario de Planificaci\u00f3n Caludio Paredes se\u00f1al\u00f3 que en un plazo de uno a dos a\u00f1os debieran ir gradualmente desapareciendo los terminales de colectivos que hay en calle Merced: \u00abEfectivamente sostuvimos una reuni\u00f3n muy positiva, muy franca con el gremio de taxis colectivos, y entre varios temas se plante\u00f3 tambi\u00e9n qu\u00e9 pasaba con la situaci\u00f3n en que van a quedar los terminales de la calle Merced. El director de Tr\u00e1nsito inform\u00f3 que la municipalidad ya tom\u00f3 contacto con la Seremi de Transporte; el requerimiento es que en un plazo gradual se vayan a eliminar los terminales, esto producto que la Seremi est\u00e1 revisando esta situaci\u00f3n y seg\u00fan entiendo esto ser\u00eda con un plazo progresivo o un plazo de un a\u00f1o o dos a\u00f1os en que podr\u00edan funcionar y despu\u00e9s, posteriormente tener que retirarse de ese sector\u00bb, indic\u00f3 Paredes.<br \/>\nDe todas maneras Paredes se\u00f1al\u00f3 que mientras no haya una respuesta de la Seremi de Transporte respecto a la situaci\u00f3n de los terminales, \u00abl\u00f3gicamente que \u00e9stos van a ser habilitados tambi\u00e9n para que puedan ingresar y salir de su terminal de la forma que lo hacen hoy d\u00eda, lo que s\u00ed claramente tienen que responder es que calle Merced, casi en su totalidad -ser\u00eda la \u00faltima cuadra solamente-, no va a tener ingreso de locomoci\u00f3n colectiva, la locomoci\u00f3n colectiva va a transitar una cuadra m\u00e1s hacia afuera\u00bb, indic\u00f3.<br \/>\nRecord\u00f3 Paredes que todas las autorizaciones que tienen relaci\u00f3n con el transporte p\u00fablico en Chile son de responsabilidad y potestad del Ministerio de Transporte.<br \/>\nCuando el municipio tiene alguna postura o propuesta o los mismos colectiveros tienen alguna iniciativa, tienen que ir a la ventanilla correspondiente a la Seremi de Transporte. Ah\u00ed ellos analizan o aprueban, dependiendo de la mirada t\u00e9cnica que tengan.<br \/>\nReiter\u00f3 que actualmente se est\u00e1 conversando con la Seremi de Transporte Quinta regi\u00f3n la eliminaci\u00f3n gradual de los terminales de colectivos de calle Merced.<br \/>\nDesde la l\u00ednea Ataxcoa, su secretario Fernando Gonz\u00e1lez indic\u00f3 que hasta el momento no se las ha informado nada al respecto.<br \/>\nCabe se\u00f1alar que en calle Merced hay dos terminales, uno ubicado pasado calle Coimas y el otro pasado Toro Mazote, casi al llegar a la Avenida Yungay.<\/p>\n<figure id=\"attachment_92039\" aria-describedby=\"caption-attachment-92039\" style=\"width: 580px\" class=\"wp-caption alignnone\"><img data-recalc-dims=\"1\" loading=\"lazy\" decoding=\"async\" class=\"size-full wp-image-92039\" src=\"https:\/\/i0.wp.com\/www.eltrabajo.cl\/portal\/wp-content\/uploads\/2019\/05\/cambios-Cajales.jpg?resize=580%2C360\" alt=\"Calle Cajales cambiar\u00e1 de sentido al igual que Portus cuando entre en vigencia el plan maestro de tr\u00e1nsito, por lo cual toda la arteria correr\u00e1 en un mismo sentido, tal como ahora, pero de sur a norte.\" width=\"580\" height=\"360\" srcset=\"https:\/\/i0.wp.com\/eltrabajo.cl\/portal\/wp-content\/uploads\/2019\/05\/cambios-Cajales.jpg?w=580&amp;ssl=1 580w, https:\/\/i0.wp.com\/eltrabajo.cl\/portal\/wp-content\/uploads\/2019\/05\/cambios-Cajales.jpg?resize=200%2C124&amp;ssl=1 200w, https:\/\/i0.wp.com\/eltrabajo.cl\/portal\/wp-content\/uploads\/2019\/05\/cambios-Cajales.jpg?resize=300%2C186&amp;ssl=1 300w, https:\/\/i0.wp.com\/eltrabajo.cl\/portal\/wp-content\/uploads\/2019\/05\/cambios-Cajales.jpg?resize=242%2C150&amp;ssl=1 242w, https:\/\/i0.wp.com\/eltrabajo.cl\/portal\/wp-content\/uploads\/2019\/05\/cambios-Cajales.jpg?resize=400%2C248&amp;ssl=1 400w\" sizes=\"auto, (max-width: 580px) 100vw, 580px\" \/><figcaption id=\"caption-attachment-92039\" class=\"wp-caption-text\">Calle Cajales cambiar\u00e1 de sentido al igual que Portus cuando entre en vigencia el plan maestro de tr\u00e1nsito, por lo cual toda la arteria correr\u00e1 en un mismo sentido, tal como ahora, pero de sur a norte.<\/figcaption><\/figure>\n<figure id=\"attachment_92040\" aria-describedby=\"caption-attachment-92040\" style=\"width: 580px\" class=\"wp-caption alignnone\"><img data-recalc-dims=\"1\" loading=\"lazy\" decoding=\"async\" class=\"size-full wp-image-92040\" src=\"https:\/\/i0.wp.com\/www.eltrabajo.cl\/portal\/wp-content\/uploads\/2019\/05\/cambios-Terminal.jpg?resize=580%2C360\" alt=\"Este es uno de los terminales de colectivos de calle Merced, ubicado a pasos de Avenida Yungay, el que debiera desaparecer gradualmente en 1 \u00f3 2 a\u00f1os a m\u00e1s tardar.\" width=\"580\" height=\"360\" srcset=\"https:\/\/i0.wp.com\/eltrabajo.cl\/portal\/wp-content\/uploads\/2019\/05\/cambios-Terminal.jpg?w=580&amp;ssl=1 580w, https:\/\/i0.wp.com\/eltrabajo.cl\/portal\/wp-content\/uploads\/2019\/05\/cambios-Terminal.jpg?resize=200%2C124&amp;ssl=1 200w, https:\/\/i0.wp.com\/eltrabajo.cl\/portal\/wp-content\/uploads\/2019\/05\/cambios-Terminal.jpg?resize=300%2C186&amp;ssl=1 300w, https:\/\/i0.wp.com\/eltrabajo.cl\/portal\/wp-content\/uploads\/2019\/05\/cambios-Terminal.jpg?resize=242%2C150&amp;ssl=1 242w, https:\/\/i0.wp.com\/eltrabajo.cl\/portal\/wp-content\/uploads\/2019\/05\/cambios-Terminal.jpg?resize=400%2C248&amp;ssl=1 400w\" sizes=\"auto, (max-width: 580px) 100vw, 580px\" \/><figcaption id=\"caption-attachment-92040\" class=\"wp-caption-text\">Este es uno de los terminales de colectivos de calle Merced, ubicado a pasos de Avenida Yungay, el que debiera desaparecer gradualmente en 1 \u00f3 2 a\u00f1os a m\u00e1s tardar.<\/figcaption><\/figure>\n","protected":false},"excerpt":{"rendered":"<p>Municipalidad espera eliminar gradualmente los terminales de colectivos ubicados en calle Merced. El Secretario de Planificaci\u00f3n de la Municipalidad de San Felipe, Claudio Paredes, confirm\u00f3 que una vez que entre en vigencia&#8230;<\/p>\n","protected":false},"author":482,"featured_media":92040,"comment_status":"open","ping_status":"open","sticky":false,"template":"","format":"standard","meta":{"advanced_seo_description":"","jetpack_seo_html_title":"","jetpack_seo_noindex":false,"_jetpack_memberships_contains_paid_content":false,"footnotes":""},"categories":[1],"tags":[],"class_list":["post-92038","post","type-post","status-publish","format-standard","has-post-thumbnail","hentry","category-cronica"],"jetpack_featured_media_url":"https:\/\/i0.wp.com\/eltrabajo.cl\/portal\/wp-content\/uploads\/2019\/05\/cambios-Terminal.jpg?fit=580%2C360&ssl=1","jetpack_sharing_enabled":true,"jetpack_likes_enabled":true,"jetpack-related-posts":[],"_links":{"self":[{"href":"https:\/\/eltrabajo.cl\/portal\/wp-json\/wp\/v2\/posts\/92038","targetHints":{"allow":["GET"]}}],"collection":[{"href":"https:\/\/eltrabajo.cl\/portal\/wp-json\/wp\/v2\/posts"}],"about":[{"href":"https:\/\/eltrabajo.cl\/portal\/wp-json\/wp\/v2\/types\/post"}],"author":[{"embeddable":true,"href":"https:\/\/eltrabajo.cl\/portal\/wp-json\/wp\/v2\/users\/482"}],"replies":[{"embeddable":true,"href":"https:\/\/eltrabajo.cl\/portal\/wp-json\/wp\/v2\/comments?post=92038"}],"version-history":[{"count":0,"href":"https:\/\/eltrabajo.cl\/portal\/wp-json\/wp\/v2\/posts\/92038\/revisions"}],"wp:featuredmedia":[{"embeddable":true,"href":"https:\/\/eltrabajo.cl\/portal\/wp-json\/wp\/v2\/media\/92040"}],"wp:attachment":[{"href":"https:\/\/eltrabajo.cl\/portal\/wp-json\/wp\/v2\/media?parent=92038"}],"wp:term":[{"taxonomy":"category","embeddable":true,"href":"https:\/\/eltrabajo.cl\/portal\/wp-json\/wp\/v2\/categories?post=92038"},{"taxonomy":"post_tag","embeddable":true,"href":"https:\/\/eltrabajo.cl\/portal\/wp-json\/wp\/v2\/tags?post=92038"}],"curies":[{"name":"wp","href":"https:\/\/api.w.org\/{rel}","templated":true}]}}