{"id":92058,"date":"2019-05-20T05:02:40","date_gmt":"2019-05-20T09:02:40","guid":{"rendered":"http:\/\/www.eltrabajo.cl\/portal\/?p=92058"},"modified":"2019-05-19T21:13:54","modified_gmt":"2019-05-20T01:13:54","slug":"costado-norte-de-avenida-miraflores-sera-bidireccional-por-trabajo-en-el-sector","status":"publish","type":"post","link":"https:\/\/eltrabajo.cl\/portal\/costado-norte-de-avenida-miraflores-sera-bidireccional-por-trabajo-en-el-sector\/","title":{"rendered":"Costado norte de Avenida Miraflores ser\u00e1 bidireccional por trabajo en el sector"},"content":{"rendered":"<p>La delegada biprovincial de Serviu, Patricia Boffa Casas, dijo que a contar de hoy un lado de Avenida Miraflores, espec\u00edficamente el costado norte, se va a transformar en bidireccional por 40 d\u00edas, esto por trabajos que se van a realizar en el sector.<br \/>\n\u00abHay un plan de desv\u00edo en Avenida Miraflores, este d\u00eda jueves un equipo de Serviu vino desde Valpara\u00edso, vinieron a hacer un puerta a puerta en el sector a sociabilizar este plan de desv\u00edo que va a empezar desde el lunes 20 (hoy), y espec\u00edficamente habla de la bidireccionalidad de una de las arter\u00edas de Calle Miraflores por la intervenci\u00f3n que se va a hacer, y entendiendo obviamente que Miraflores es una v\u00eda estructural de la comuna donde aparte de todo tenemos un servicio como es el Hospital San Camilo y establecimientos educacionales como el Liceo Mixto, que tiene una gran cantidad de alumnos y en la ma\u00f1ana obviamente se genera un taco y obviamente con esto a\u00fan m\u00e1s\u00bb, dijo Boffa.<br \/>\nReiter\u00f3 que este jueves se hizo en el sector un proceso de sociabilizaci\u00f3n con los vecinos, directores de establecimientos educacionales y Hospital San Camilo, por parte de personal de esa entidad informando que estos trabajos van a durar 40 d\u00edas.<br \/>\nDijo que ellos no quieren apurar los procesos para que quede como corresponde, \u00abno quede con alg\u00fan tipo de observaci\u00f3n recordemos que despu\u00e9s Serviu debe recepcionar estas obras, por lo tanto nosotros queremos que estas obras se hagan de la manera m\u00e1s responsable y yo le he solicitado personalmente al director regional del Serviu que esto se viniera a sociabilizar, por eso es que el d\u00eda jueves equipos sociales estuvieron con la comunidad, reuni\u00e9ndose distintos actores para poder sociabilizar lo que es este plan de desv\u00edo\u00bb, se\u00f1al\u00f3 Boffa.<br \/>\nAclar\u00f3 que el desv\u00edo para el paso de las micros ser\u00e1 por Avenida Escuela Agr\u00edcola, eso fue lo que se sostuvo en reuni\u00f3n con las autoridades. La Direcci\u00f3n de Tr\u00e1nsito qued\u00f3 a cargo de oficiar a los due\u00f1os de micros para entregar esa informaci\u00f3n. La delegada espera que esa tarea se haya realizado para no tener los conflictos con los vecinos del lugar y la comunidad en general.<\/p>\n<figure id=\"attachment_92059\" aria-describedby=\"caption-attachment-92059\" style=\"width: 580px\" class=\"wp-caption alignnone\"><img data-recalc-dims=\"1\" loading=\"lazy\" decoding=\"async\" class=\"size-full wp-image-92059\" src=\"https:\/\/i0.wp.com\/www.eltrabajo.cl\/portal\/wp-content\/uploads\/2019\/05\/Miraflores.jpg?resize=580%2C360\" alt=\"Ac\u00e1 se aprecia parte de los trabajos que se han estado realizando en la intersecci\u00f3n de las avenidas Miraflores con Hermanos Carrera.\" width=\"580\" height=\"360\" srcset=\"https:\/\/i0.wp.com\/eltrabajo.cl\/portal\/wp-content\/uploads\/2019\/05\/Miraflores.jpg?w=580&amp;ssl=1 580w, https:\/\/i0.wp.com\/eltrabajo.cl\/portal\/wp-content\/uploads\/2019\/05\/Miraflores.jpg?resize=200%2C124&amp;ssl=1 200w, https:\/\/i0.wp.com\/eltrabajo.cl\/portal\/wp-content\/uploads\/2019\/05\/Miraflores.jpg?resize=300%2C186&amp;ssl=1 300w, https:\/\/i0.wp.com\/eltrabajo.cl\/portal\/wp-content\/uploads\/2019\/05\/Miraflores.jpg?resize=242%2C150&amp;ssl=1 242w, https:\/\/i0.wp.com\/eltrabajo.cl\/portal\/wp-content\/uploads\/2019\/05\/Miraflores.jpg?resize=400%2C248&amp;ssl=1 400w\" sizes=\"auto, (max-width: 580px) 100vw, 580px\" \/><figcaption id=\"caption-attachment-92059\" class=\"wp-caption-text\">Ac\u00e1 se aprecia parte de los trabajos que se han estado realizando en la intersecci\u00f3n de las avenidas Miraflores con Hermanos Carrera.<\/figcaption><\/figure>\n","protected":false},"excerpt":{"rendered":"<p>La delegada biprovincial de Serviu, Patricia Boffa Casas, dijo que a contar de hoy un lado de Avenida Miraflores, espec\u00edficamente el costado norte, se va a transformar en bidireccional por 40 d\u00edas,&#8230;<\/p>\n","protected":false},"author":482,"featured_media":92059,"comment_status":"open","ping_status":"open","sticky":false,"template":"","format":"standard","meta":{"advanced_seo_description":"","jetpack_seo_html_title":"","jetpack_seo_noindex":false,"_jetpack_memberships_contains_paid_content":false,"footnotes":""},"categories":[1],"tags":[],"class_list":["post-92058","post","type-post","status-publish","format-standard","has-post-thumbnail","hentry","category-cronica"],"jetpack_featured_media_url":"https:\/\/i0.wp.com\/eltrabajo.cl\/portal\/wp-content\/uploads\/2019\/05\/Miraflores.jpg?fit=580%2C360&ssl=1","jetpack_sharing_enabled":true,"jetpack_likes_enabled":true,"jetpack-related-posts":[],"_links":{"self":[{"href":"https:\/\/eltrabajo.cl\/portal\/wp-json\/wp\/v2\/posts\/92058","targetHints":{"allow":["GET"]}}],"collection":[{"href":"https:\/\/eltrabajo.cl\/portal\/wp-json\/wp\/v2\/posts"}],"about":[{"href":"https:\/\/eltrabajo.cl\/portal\/wp-json\/wp\/v2\/types\/post"}],"author":[{"embeddable":true,"href":"https:\/\/eltrabajo.cl\/portal\/wp-json\/wp\/v2\/users\/482"}],"replies":[{"embeddable":true,"href":"https:\/\/eltrabajo.cl\/portal\/wp-json\/wp\/v2\/comments?post=92058"}],"version-history":[{"count":0,"href":"https:\/\/eltrabajo.cl\/portal\/wp-json\/wp\/v2\/posts\/92058\/revisions"}],"wp:featuredmedia":[{"embeddable":true,"href":"https:\/\/eltrabajo.cl\/portal\/wp-json\/wp\/v2\/media\/92059"}],"wp:attachment":[{"href":"https:\/\/eltrabajo.cl\/portal\/wp-json\/wp\/v2\/media?parent=92058"}],"wp:term":[{"taxonomy":"category","embeddable":true,"href":"https:\/\/eltrabajo.cl\/portal\/wp-json\/wp\/v2\/categories?post=92058"},{"taxonomy":"post_tag","embeddable":true,"href":"https:\/\/eltrabajo.cl\/portal\/wp-json\/wp\/v2\/tags?post=92058"}],"curies":[{"name":"wp","href":"https:\/\/api.w.org\/{rel}","templated":true}]}}