{"id":92103,"date":"2019-05-23T05:01:03","date_gmt":"2019-05-23T09:01:03","guid":{"rendered":"http:\/\/www.eltrabajo.cl\/portal\/?p=92103"},"modified":"2019-05-22T21:02:04","modified_gmt":"2019-05-23T01:02:04","slug":"sin-inconvenientes-avanzan-los-trabajos-de-expansion-de-la-plaza-de-armas","status":"publish","type":"post","link":"https:\/\/eltrabajo.cl\/portal\/sin-inconvenientes-avanzan-los-trabajos-de-expansion-de-la-plaza-de-armas\/","title":{"rendered":"Sin inconvenientes avanzan los trabajos de expansi\u00f3n de la Plaza de Armas"},"content":{"rendered":"<ul>\n<li><strong>Se reiniciaron las obras tras feriado de 21 de Mayo, descartando las informaciones infundadas sobre insolvencia econ\u00f3mica de la empresa. Asimismo, iniciar\u00e1n la intervenci\u00f3n de una segunda isla, a fin de avanzar m\u00e1s r\u00e1pido en el plan de intervenci\u00f3n del centro.<\/strong><\/li>\n<\/ul>\n<p>Sin inconvenientes contin\u00faan los trabajos de expansi\u00f3n de la Plaza de Armas en la comuna, los que cntemplan el retiro de las islas peatonales ubicadas en las cuatro esquinas de la Plaza de Armas.<br \/>\nAs\u00ed lo ratific\u00f3 el Secretario de Planificaci\u00f3n Comunal (Secplac) Claudio Paredes, quien se\u00f1al\u00f3 que se detuvieron las obras en la esquina de calles Prat y Salinas debido a la realizaci\u00f3n del desfile en conmemoraci\u00f3n a las glorias navales que se desarroll\u00f3 el pasado viernes, motivo por lo que, posterior al feriado, se reanudaron de manera normal: \u00abNosotros como municipio solicitamos a la empresa que no trabajara por el desfile de 21 de Mayo. Hoy, posterior al feriado, reinician el trabajo, ya que se encontraban en otro tipo de labores, tales como descarga de materiales, entre otras\u00bb.<br \/>\nAsimismo, durante este mi\u00e9rcoles, miembros del equipo t\u00e9cnico municipal encabezados por el alcalde Patricio Freire, se reunieron con funcionarios del Serviu donde les informaron, entre otras cosas, sobre la urgencia de reparar aquellas baldosas que se encuentran sueltas en los paseos semipeatonales.<br \/>\n\u00abVino el equipo encargado del Plan de Gesti\u00f3n y Ciclov\u00edas y nos reunimos para evaluar el quehacer del proyecto. Entre ellos, est\u00e1n los trabajos de expansi\u00f3n de la plaza hacia cada uno de los cabezales, lo que se traduce en sacar los sem\u00e1foros y las c\u00e1maras. Y, tambi\u00e9n, a partir de hoy, se realizar\u00e1 el cambio de las baldosas que est\u00e1n sueltas o aquellas que necesiten reparaci\u00f3n luego de la instalaci\u00f3n de las luminarias. Justamente hoy est\u00e1n descargando las baldosas para realizar las reparaci\u00f3n necesaria\u00bb.<br \/>\nTambi\u00e9n se autoriz\u00f3 la intervenci\u00f3n de una segunda isla, paralela a la que se est\u00e1 remodelando, a fin de avanzar m\u00e1s r\u00e1pido en el plan de intervenci\u00f3n del centro, entendiendo que las obras no han resultado del todo invasivas y ha permitido el normal desplazamiento de los veh\u00edculos.<br \/>\nPor otro lado, Paredes llam\u00f3 a la comunidad a no creer las falsas noticias sobre este proyecto que deambulan por redes sociales y que no tienen otro objetivo que generar desinformaci\u00f3n en la comunidad: \u00abQueremos descartar cualquier tipo de rumor muchas veces malintencionado de parte de algunos que dicen que la empresa quebr\u00f3 o que tienen insolvencia econ\u00f3mica, porque eso no es as\u00ed. Est\u00e1n realiz\u00e1ndose diversos trabajos en el damero, como por ejemplo, las labores de reparaci\u00f3n de baldosas\u00bb, finaliz\u00f3 el profesional.<\/p>\n<figure id=\"attachment_92104\" aria-describedby=\"caption-attachment-92104\" style=\"width: 580px\" class=\"wp-caption alignnone\"><img data-recalc-dims=\"1\" loading=\"lazy\" decoding=\"async\" class=\"size-full wp-image-92104\" src=\"https:\/\/i0.wp.com\/www.eltrabajo.cl\/portal\/wp-content\/uploads\/2019\/05\/trabajos-plaza.jpg?resize=580%2C359\" alt=\"El retiro de las islas peatonales -que ha causado bastante confusi\u00f3n y malestar en la comunidad que no entiende la raz\u00f3n del cambio- se reanud\u00f3 despu\u00e9s del feriado de 21 de Mayo.\" width=\"580\" height=\"359\" srcset=\"https:\/\/i0.wp.com\/eltrabajo.cl\/portal\/wp-content\/uploads\/2019\/05\/trabajos-plaza.jpg?w=580&amp;ssl=1 580w, https:\/\/i0.wp.com\/eltrabajo.cl\/portal\/wp-content\/uploads\/2019\/05\/trabajos-plaza.jpg?resize=200%2C124&amp;ssl=1 200w, https:\/\/i0.wp.com\/eltrabajo.cl\/portal\/wp-content\/uploads\/2019\/05\/trabajos-plaza.jpg?resize=300%2C186&amp;ssl=1 300w, https:\/\/i0.wp.com\/eltrabajo.cl\/portal\/wp-content\/uploads\/2019\/05\/trabajos-plaza.jpg?resize=242%2C150&amp;ssl=1 242w, https:\/\/i0.wp.com\/eltrabajo.cl\/portal\/wp-content\/uploads\/2019\/05\/trabajos-plaza.jpg?resize=400%2C248&amp;ssl=1 400w\" sizes=\"auto, (max-width: 580px) 100vw, 580px\" \/><figcaption id=\"caption-attachment-92104\" class=\"wp-caption-text\">El retiro de las islas peatonales -que ha causado bastante confusi\u00f3n y malestar en la comunidad que no entiende la raz\u00f3n del cambio- se reanud\u00f3 despu\u00e9s del feriado de 21 de Mayo.<\/figcaption><\/figure>\n","protected":false},"excerpt":{"rendered":"<p>Se reiniciaron las obras tras feriado de 21 de Mayo, descartando las informaciones infundadas sobre insolvencia econ\u00f3mica de la empresa. Asimismo, iniciar\u00e1n la intervenci\u00f3n de una segunda isla, a fin de avanzar&#8230;<\/p>\n","protected":false},"author":482,"featured_media":92104,"comment_status":"open","ping_status":"open","sticky":false,"template":"","format":"standard","meta":{"advanced_seo_description":"","jetpack_seo_html_title":"","jetpack_seo_noindex":false,"_jetpack_memberships_contains_paid_content":false,"footnotes":""},"categories":[1],"tags":[],"class_list":["post-92103","post","type-post","status-publish","format-standard","has-post-thumbnail","hentry","category-cronica"],"jetpack_featured_media_url":"https:\/\/i0.wp.com\/eltrabajo.cl\/portal\/wp-content\/uploads\/2019\/05\/trabajos-plaza.jpg?fit=580%2C359&ssl=1","jetpack_sharing_enabled":true,"jetpack_likes_enabled":true,"jetpack-related-posts":[],"_links":{"self":[{"href":"https:\/\/eltrabajo.cl\/portal\/wp-json\/wp\/v2\/posts\/92103","targetHints":{"allow":["GET"]}}],"collection":[{"href":"https:\/\/eltrabajo.cl\/portal\/wp-json\/wp\/v2\/posts"}],"about":[{"href":"https:\/\/eltrabajo.cl\/portal\/wp-json\/wp\/v2\/types\/post"}],"author":[{"embeddable":true,"href":"https:\/\/eltrabajo.cl\/portal\/wp-json\/wp\/v2\/users\/482"}],"replies":[{"embeddable":true,"href":"https:\/\/eltrabajo.cl\/portal\/wp-json\/wp\/v2\/comments?post=92103"}],"version-history":[{"count":0,"href":"https:\/\/eltrabajo.cl\/portal\/wp-json\/wp\/v2\/posts\/92103\/revisions"}],"wp:featuredmedia":[{"embeddable":true,"href":"https:\/\/eltrabajo.cl\/portal\/wp-json\/wp\/v2\/media\/92104"}],"wp:attachment":[{"href":"https:\/\/eltrabajo.cl\/portal\/wp-json\/wp\/v2\/media?parent=92103"}],"wp:term":[{"taxonomy":"category","embeddable":true,"href":"https:\/\/eltrabajo.cl\/portal\/wp-json\/wp\/v2\/categories?post=92103"},{"taxonomy":"post_tag","embeddable":true,"href":"https:\/\/eltrabajo.cl\/portal\/wp-json\/wp\/v2\/tags?post=92103"}],"curies":[{"name":"wp","href":"https:\/\/api.w.org\/{rel}","templated":true}]}}