{"id":92131,"date":"2019-05-24T05:01:23","date_gmt":"2019-05-24T09:01:23","guid":{"rendered":"http:\/\/www.eltrabajo.cl\/portal\/?p=92131"},"modified":"2019-05-24T01:52:33","modified_gmt":"2019-05-24T05:52:33","slug":"retiran-techos-de-asbesto-y-cambian-cableado-electrico-a-44-casas-de-las-4-villas","status":"publish","type":"post","link":"https:\/\/eltrabajo.cl\/portal\/retiran-techos-de-asbesto-y-cambian-cableado-electrico-a-44-casas-de-las-4-villas\/","title":{"rendered":"Retiran techos de asbesto y cambian cableado el\u00e9ctrico a 44 casas de Las 4 Villas"},"content":{"rendered":"<p><span style=\"color: #ff0000;\"><strong>Familias postularon a la Egis Municipal:<\/strong><\/span><\/p>\n<p>Muchos hoy d\u00eda ya est\u00e1n m\u00e1s que claros acerca de la peligrosidad del asbesto cemento, a\u00fan as\u00ed, una gran parte de los chilenos no sospechan que la mortal fibra puede estar en casa, incrustada en cada pared, detr\u00e1s de cada azulejo, por eso es que quien reconoce el asbesto, tiene una clara ventaja. Sin embargo, en 2018 luego que el 17\u00b0 Juzgado Civil de Santiago acogiera parcialmente la demanda de los familiares de Julieta Bernal, una mujer que falleci\u00f3 en 2016 a causa del asbesto contaminado por Pizarre\u00f1o S.A. y ordenara a la empresa a pagar $125 millones, esta situaci\u00f3n dispar\u00f3 m\u00e1s las alertas en nuestra comuna para que vecinos de Barrio Las 4 Villas postularan a proyectos que les permitiera poder quitar para siempre estas l\u00e1minas del peligroso material de sus viviendas.<\/p>\n<p><span style=\"color: #ff0000;\"><strong>TECHO Y CABLEADO<\/strong><\/span><br \/>\nFue el propio alcalde Patricio Freire quien lider\u00f3 el equipo que inspeccion\u00f3 los trabajos de la empresa encargada de las obras en Las 4 Villas: \u00abEsto es una postulaci\u00f3n a Mejoramiento de vivienda hecha por la Egis municipal, en donde 44 familias apostaron a que estos proyectos salieran aprobados, son 63 UF las que invierten por cada casa, se hace un cambio total de techumbre, se cambia el asbesto por planchas de zinc, tambi\u00e9n se est\u00e1 haciendo un cambio completo a la parte el\u00e9ctrica de cada vivienda, eso es una mejor calidad de vida que logran los vecinos de este sector, recordemos que en estas poblaciones tambi\u00e9n ya hemos implementado varias mejoras como pavimentos participativos en varios pasajes, tambi\u00e9n tienen una linda multicancha que estamos pronto a inaugurarla, todo esto se viene logrando en estos sectores que antes estaban un poco alejados de las mejoras comunitarias que se implementan a diario en toda nuestra comuna. Seguiremos con las obras del gran parque aqu\u00ed en el sector estero de la Ruta CH 60 r\u00edo, seguiremos tambi\u00e9n con estas obras del Serviu y el Ministerio de la Vivienda para favorecer a estos vecinos\u00bb, coment\u00f3 Freire a Diario El Trabajo.<\/p>\n<p><span style=\"color: #ff0000;\"><strong>VECINOS ALIVIADOS<\/strong><\/span><br \/>\nNuestro medio tambi\u00e9n habl\u00f3 con varios vecinos, quienes se mostraron muy contentos con estas reparaciones y mejoras en sus viviendas.<br \/>\nMar\u00eda Puebla Rosales, vecina favorecida con el cambio de techumbre y nueva instalaci\u00f3n el\u00e9ctrica: \u00abEstoy muy agradecida por este cambio de techumbre, l\u00f3gico que esperaremos las lluvias para ver c\u00f3mo nos funciona, los trabajadores muy amables y ninguna queja de su trabajo, estoy muy contenta por este mejoramiento\u00bb.<br \/>\nAnselmo Gonz\u00e1lez, vecino de Villa 250 A\u00f1os: \u00abHa sido un agrado recibir a los maestros que nos est\u00e1n haciendo este cambio de techumbre, no nos esper\u00e1bamos tan r\u00e1pido la techumbre, en un solo d\u00eda me est\u00e1n cambiando todo, techumbre y electricidad, muy agradecido con todos\u00bb.<\/p>\n<p><span style=\"color: #ff0000;\"><strong>LA ESTAD\u00cdSTICA<\/strong><\/span><br \/>\nSeg\u00fan los expertos y tambi\u00e9n los resultados de ex\u00e1menes forenses a personas fallecidas por el problema del asbesto, este cemento caus\u00f3 la muerte de una mujer como consecuencia de un mesotelioma maligno sarcomatoide -un tipo de c\u00e1ncer en la pleura del pulm\u00f3n- que fue contagiado por exponerse a diferentes tipos de contaminaci\u00f3n por asbesto, entre ellos, haber vivido en Villa Pizarre\u00f1o de la comuna de Maip\u00fa y haber lavado la ropa de su padre, extrabajador de la empresa, por lo que se produjo una contaminaci\u00f3n cruzada.<br \/>\nA\u00fan existe desinformaci\u00f3n respecto al control y la remoci\u00f3n del material para evitar el contagio, seg\u00fan un sondeo hecho por nuestro medio en portales serios y que registran noticias sobre el tema, el toxic\u00f3logo y presidente del Departamento de Medioambiente del Colegio M\u00e9dico, Andrei Tchernitchin, sostiene que la exposici\u00f3n al asbesto es riesgosa y puede producir enfermedades como asbestosis o mesotelioma. Adem\u00e1s, el m\u00e9dico responsabiliz\u00f3 a la empresa Pizarre\u00f1o de los da\u00f1os a la poblaci\u00f3n cercana.<br \/>\nDe acuerdo a los datos presentados en el \u00faltimo informe sobre control y manejo del asbesto del Movimiento Unidos contra el Asbesto, gran parte de las Seremis de Salud regionales s\u00f3lo comenzaron a registrar los tr\u00e1mites de remoci\u00f3n del mineral hace ocho a\u00f1os, a\u00fan cuando comenz\u00f3 a regir oficialmente el control de manejo de asbesto desde 2001.<br \/>\n<strong>Roberto Gonz\u00e1lez Short<\/strong><\/p>\n<figure id=\"attachment_92132\" aria-describedby=\"caption-attachment-92132\" style=\"width: 580px\" class=\"wp-caption alignnone\"><img data-recalc-dims=\"1\" loading=\"lazy\" decoding=\"async\" class=\"size-full wp-image-92132\" src=\"https:\/\/i0.wp.com\/www.eltrabajo.cl\/portal\/wp-content\/uploads\/2019\/05\/Asbesto2.jpg?resize=580%2C359\" alt=\"EN PLENA ACCI\u00d3N.- Las c\u00e1maras de Diario El Trabajo registran justo el momento en que estos dos obreros hacen las labores en la techumbre de don Anselmo Gonz\u00e1lez.\" width=\"580\" height=\"359\" srcset=\"https:\/\/i0.wp.com\/eltrabajo.cl\/portal\/wp-content\/uploads\/2019\/05\/Asbesto2.jpg?w=580&amp;ssl=1 580w, https:\/\/i0.wp.com\/eltrabajo.cl\/portal\/wp-content\/uploads\/2019\/05\/Asbesto2.jpg?resize=200%2C124&amp;ssl=1 200w, https:\/\/i0.wp.com\/eltrabajo.cl\/portal\/wp-content\/uploads\/2019\/05\/Asbesto2.jpg?resize=300%2C186&amp;ssl=1 300w, https:\/\/i0.wp.com\/eltrabajo.cl\/portal\/wp-content\/uploads\/2019\/05\/Asbesto2.jpg?resize=242%2C150&amp;ssl=1 242w, https:\/\/i0.wp.com\/eltrabajo.cl\/portal\/wp-content\/uploads\/2019\/05\/Asbesto2.jpg?resize=400%2C248&amp;ssl=1 400w\" sizes=\"auto, (max-width: 580px) 100vw, 580px\" \/><figcaption id=\"caption-attachment-92132\" class=\"wp-caption-text\">EN PLENA ACCI\u00d3N.- Las c\u00e1maras de Diario El Trabajo registran justo el momento en que estos dos obreros hacen las labores en la techumbre de don Anselmo Gonz\u00e1lez.<\/figcaption><\/figure>\n<figure id=\"attachment_92136\" aria-describedby=\"caption-attachment-92136\" style=\"width: 580px\" class=\"wp-caption alignnone\"><img data-recalc-dims=\"1\" loading=\"lazy\" decoding=\"async\" class=\"size-full wp-image-92136\" src=\"https:\/\/i0.wp.com\/www.eltrabajo.cl\/portal\/wp-content\/uploads\/2019\/05\/Asbesto1.jpg?resize=580%2C359\" alt=\"NO M\u00c1S ASBESTO.- Vecinos de Las 4 Villas est\u00e1n muy contentos con el cambio de techumbre en sus viviendas, tambi\u00e9n el cableado el\u00e9ctrico en sus casas est\u00e1 siendo renovado.\" width=\"580\" height=\"359\" srcset=\"https:\/\/i0.wp.com\/eltrabajo.cl\/portal\/wp-content\/uploads\/2019\/05\/Asbesto1.jpg?w=580&amp;ssl=1 580w, https:\/\/i0.wp.com\/eltrabajo.cl\/portal\/wp-content\/uploads\/2019\/05\/Asbesto1.jpg?resize=200%2C124&amp;ssl=1 200w, https:\/\/i0.wp.com\/eltrabajo.cl\/portal\/wp-content\/uploads\/2019\/05\/Asbesto1.jpg?resize=300%2C186&amp;ssl=1 300w, https:\/\/i0.wp.com\/eltrabajo.cl\/portal\/wp-content\/uploads\/2019\/05\/Asbesto1.jpg?resize=242%2C150&amp;ssl=1 242w, https:\/\/i0.wp.com\/eltrabajo.cl\/portal\/wp-content\/uploads\/2019\/05\/Asbesto1.jpg?resize=400%2C248&amp;ssl=1 400w\" sizes=\"auto, (max-width: 580px) 100vw, 580px\" \/><figcaption id=\"caption-attachment-92136\" class=\"wp-caption-text\">NO M\u00c1S ASBESTO.- Vecinos de Las 4 Villas est\u00e1n muy contentos con el cambio de techumbre en sus viviendas, tambi\u00e9n el cableado el\u00e9ctrico en sus casas est\u00e1 siendo renovado.<\/figcaption><\/figure>\n<figure id=\"attachment_92135\" aria-describedby=\"caption-attachment-92135\" style=\"width: 580px\" class=\"wp-caption alignnone\"><img data-recalc-dims=\"1\" loading=\"lazy\" decoding=\"async\" class=\"size-full wp-image-92135\" src=\"https:\/\/i0.wp.com\/www.eltrabajo.cl\/portal\/wp-content\/uploads\/2019\/05\/Asbesto_Patricio-Freire.jpg?resize=580%2C580\" alt=\"El alcalde Patricio Freire visit\u00f3 ayer Las 4 Villas para supervisar los avances de las obras.\" width=\"580\" height=\"580\" srcset=\"https:\/\/i0.wp.com\/eltrabajo.cl\/portal\/wp-content\/uploads\/2019\/05\/Asbesto_Patricio-Freire.jpg?w=580&amp;ssl=1 580w, https:\/\/i0.wp.com\/eltrabajo.cl\/portal\/wp-content\/uploads\/2019\/05\/Asbesto_Patricio-Freire.jpg?resize=150%2C150&amp;ssl=1 150w, https:\/\/i0.wp.com\/eltrabajo.cl\/portal\/wp-content\/uploads\/2019\/05\/Asbesto_Patricio-Freire.jpg?resize=300%2C300&amp;ssl=1 300w, https:\/\/i0.wp.com\/eltrabajo.cl\/portal\/wp-content\/uploads\/2019\/05\/Asbesto_Patricio-Freire.jpg?resize=400%2C400&amp;ssl=1 400w, https:\/\/i0.wp.com\/eltrabajo.cl\/portal\/wp-content\/uploads\/2019\/05\/Asbesto_Patricio-Freire.jpg?resize=144%2C144&amp;ssl=1 144w\" sizes=\"auto, (max-width: 580px) 100vw, 580px\" \/><figcaption id=\"caption-attachment-92135\" class=\"wp-caption-text\">El alcalde Patricio Freire visit\u00f3 ayer Las 4 Villas para supervisar los avances de las obras.<\/figcaption><\/figure>\n<figure id=\"attachment_92134\" aria-describedby=\"caption-attachment-92134\" style=\"width: 580px\" class=\"wp-caption alignnone\"><img data-recalc-dims=\"1\" loading=\"lazy\" decoding=\"async\" class=\"size-full wp-image-92134\" src=\"https:\/\/i0.wp.com\/www.eltrabajo.cl\/portal\/wp-content\/uploads\/2019\/05\/Asbesto_Maria-Puebla.jpg?resize=580%2C580\" alt=\"Mar\u00eda Puebla Rosales, vecina favorecida con el cambio de techumbre y nueva instalaci\u00f3n el\u00e9ctrica.\" width=\"580\" height=\"580\" srcset=\"https:\/\/i0.wp.com\/eltrabajo.cl\/portal\/wp-content\/uploads\/2019\/05\/Asbesto_Maria-Puebla.jpg?w=580&amp;ssl=1 580w, https:\/\/i0.wp.com\/eltrabajo.cl\/portal\/wp-content\/uploads\/2019\/05\/Asbesto_Maria-Puebla.jpg?resize=150%2C150&amp;ssl=1 150w, https:\/\/i0.wp.com\/eltrabajo.cl\/portal\/wp-content\/uploads\/2019\/05\/Asbesto_Maria-Puebla.jpg?resize=300%2C300&amp;ssl=1 300w, https:\/\/i0.wp.com\/eltrabajo.cl\/portal\/wp-content\/uploads\/2019\/05\/Asbesto_Maria-Puebla.jpg?resize=400%2C400&amp;ssl=1 400w, https:\/\/i0.wp.com\/eltrabajo.cl\/portal\/wp-content\/uploads\/2019\/05\/Asbesto_Maria-Puebla.jpg?resize=144%2C144&amp;ssl=1 144w\" sizes=\"auto, (max-width: 580px) 100vw, 580px\" \/><figcaption id=\"caption-attachment-92134\" class=\"wp-caption-text\">Mar\u00eda Puebla Rosales, vecina favorecida con el cambio de techumbre y nueva instalaci\u00f3n el\u00e9ctrica.<\/figcaption><\/figure>\n<figure id=\"attachment_92133\" aria-describedby=\"caption-attachment-92133\" style=\"width: 580px\" class=\"wp-caption alignnone\"><img data-recalc-dims=\"1\" loading=\"lazy\" decoding=\"async\" class=\"size-full wp-image-92133\" src=\"https:\/\/i0.wp.com\/www.eltrabajo.cl\/portal\/wp-content\/uploads\/2019\/05\/Asbesto_Anselmo-Gonzalez.jpg?resize=580%2C580\" alt=\"Anselmo Gonz\u00e1lez, vecino de Villa 250 A\u00f1os.\" width=\"580\" height=\"580\" srcset=\"https:\/\/i0.wp.com\/eltrabajo.cl\/portal\/wp-content\/uploads\/2019\/05\/Asbesto_Anselmo-Gonzalez.jpg?w=580&amp;ssl=1 580w, https:\/\/i0.wp.com\/eltrabajo.cl\/portal\/wp-content\/uploads\/2019\/05\/Asbesto_Anselmo-Gonzalez.jpg?resize=150%2C150&amp;ssl=1 150w, https:\/\/i0.wp.com\/eltrabajo.cl\/portal\/wp-content\/uploads\/2019\/05\/Asbesto_Anselmo-Gonzalez.jpg?resize=300%2C300&amp;ssl=1 300w, https:\/\/i0.wp.com\/eltrabajo.cl\/portal\/wp-content\/uploads\/2019\/05\/Asbesto_Anselmo-Gonzalez.jpg?resize=400%2C400&amp;ssl=1 400w, https:\/\/i0.wp.com\/eltrabajo.cl\/portal\/wp-content\/uploads\/2019\/05\/Asbesto_Anselmo-Gonzalez.jpg?resize=144%2C144&amp;ssl=1 144w\" sizes=\"auto, (max-width: 580px) 100vw, 580px\" \/><figcaption id=\"caption-attachment-92133\" class=\"wp-caption-text\">Anselmo Gonz\u00e1lez, vecino de Villa 250 A\u00f1os.<\/figcaption><\/figure>\n","protected":false},"excerpt":{"rendered":"<p>Familias postularon a la Egis Municipal: Muchos hoy d\u00eda ya est\u00e1n m\u00e1s que claros acerca de la peligrosidad del asbesto cemento, a\u00fan as\u00ed, una gran parte de los chilenos no sospechan que&#8230;<\/p>\n","protected":false},"author":482,"featured_media":92136,"comment_status":"open","ping_status":"open","sticky":false,"template":"","format":"standard","meta":{"advanced_seo_description":"","jetpack_seo_html_title":"","jetpack_seo_noindex":false,"_jetpack_memberships_contains_paid_content":false,"footnotes":""},"categories":[1],"tags":[],"class_list":["post-92131","post","type-post","status-publish","format-standard","has-post-thumbnail","hentry","category-cronica"],"jetpack_featured_media_url":"https:\/\/i0.wp.com\/eltrabajo.cl\/portal\/wp-content\/uploads\/2019\/05\/Asbesto1.jpg?fit=580%2C359&ssl=1","jetpack_sharing_enabled":true,"jetpack_likes_enabled":true,"jetpack-related-posts":[],"_links":{"self":[{"href":"https:\/\/eltrabajo.cl\/portal\/wp-json\/wp\/v2\/posts\/92131","targetHints":{"allow":["GET"]}}],"collection":[{"href":"https:\/\/eltrabajo.cl\/portal\/wp-json\/wp\/v2\/posts"}],"about":[{"href":"https:\/\/eltrabajo.cl\/portal\/wp-json\/wp\/v2\/types\/post"}],"author":[{"embeddable":true,"href":"https:\/\/eltrabajo.cl\/portal\/wp-json\/wp\/v2\/users\/482"}],"replies":[{"embeddable":true,"href":"https:\/\/eltrabajo.cl\/portal\/wp-json\/wp\/v2\/comments?post=92131"}],"version-history":[{"count":0,"href":"https:\/\/eltrabajo.cl\/portal\/wp-json\/wp\/v2\/posts\/92131\/revisions"}],"wp:featuredmedia":[{"embeddable":true,"href":"https:\/\/eltrabajo.cl\/portal\/wp-json\/wp\/v2\/media\/92136"}],"wp:attachment":[{"href":"https:\/\/eltrabajo.cl\/portal\/wp-json\/wp\/v2\/media?parent=92131"}],"wp:term":[{"taxonomy":"category","embeddable":true,"href":"https:\/\/eltrabajo.cl\/portal\/wp-json\/wp\/v2\/categories?post=92131"},{"taxonomy":"post_tag","embeddable":true,"href":"https:\/\/eltrabajo.cl\/portal\/wp-json\/wp\/v2\/tags?post=92131"}],"curies":[{"name":"wp","href":"https:\/\/api.w.org\/{rel}","templated":true}]}}