{"id":92138,"date":"2019-05-24T05:02:37","date_gmt":"2019-05-24T09:02:37","guid":{"rendered":"http:\/\/www.eltrabajo.cl\/portal\/?p=92138"},"modified":"2019-05-24T01:53:54","modified_gmt":"2019-05-24T05:53:54","slug":"carabineros-doblara-estrategia-policial-contra-la-delincuencia-en-san-felipe","status":"publish","type":"post","link":"https:\/\/eltrabajo.cl\/portal\/carabineros-doblara-estrategia-policial-contra-la-delincuencia-en-san-felipe\/","title":{"rendered":"Carabineros doblar\u00e1 estrategia policial contra la delincuencia en San Felipe"},"content":{"rendered":"<p><span style=\"color: #ff0000;\"><strong>Anunci\u00f3 gobernador Claudio Rodr\u00edguez tras reuni\u00f3n con comisario Mauricio Guzm\u00e1n.<\/strong><\/span><\/p>\n<p>Con el prop\u00f3sito de disminuir los robos registrados durante los \u00faltimos d\u00edas en la zona c\u00e9ntrica de la comuna de San Felipe, el gobernador de la provincia de San Felipe, Claudio Rodr\u00edguez, se reuni\u00f3 esta ma\u00f1ana con el mayor de la Segunda Comisar\u00eda de Carabineros de San Felipe.<br \/>\nA partir de lo anterior, la autoridad provincial anunci\u00f3 que se reforzar\u00e1 a\u00fan m\u00e1s el accionar de los funcionarios policiales, a trav\u00e9s de una estrategia que se mantendr\u00e1 durante las 24 horas del d\u00eda. Dicho accionar se sumar\u00e1 a la labor anunciada la semana pasada.<br \/>\n\u00abEsta es una situaci\u00f3n que nos tiene muy preocupados, hemos tenido una hiperactividad de parte de los delincuentes que han atentado contra propiedades privadas y donde se realizan acciones sociales como es el caso de la \u2018Casa Azul\u2019, y en ese sentido queremos manifestar nuestro m\u00e1s estricto rechazo a este tipo de acciones. Por eso convocamos a una reuni\u00f3n urgente para ver desde d\u00f3nde podemos abordar esta situaci\u00f3n, y hemos acordado medidas concretas que en esta oportunidad no las vamos a dar a conocer por un tema de estrategia, pero que significar\u00e1 reforzar y redoblar las medidas ya adoptadas\u00bb, detall\u00f3 el gobernador Claudio Rodr\u00edguez Cataldo.<br \/>\nA este trabajo estrat\u00e9gico de Carabineros, se suma la importancia de la labor de esta instituci\u00f3n de manera conjunta con la comunidad, por lo que en este sentido, el comisario de San Felipe, Mauricio Guzm\u00e1n Yuri, precis\u00f3 que \u00abintensificamos las medidas que adoptamos la semana pasada con servicios estrat\u00e9gicos que no vamos a especificar, pero que son bastante dr\u00e1sticos y que son de 24 horas en las zonas que han registrado mayor n\u00famero de robos en la comuna, lo importante es trabajar con la comunidad, que nos entregue informaci\u00f3n al Plan Cuadrante o a nivel 133\u00bb.<\/p>\n<figure id=\"attachment_92139\" aria-describedby=\"caption-attachment-92139\" style=\"width: 580px\" class=\"wp-caption alignnone\"><img data-recalc-dims=\"1\" loading=\"lazy\" decoding=\"async\" class=\"size-full wp-image-92139\" src=\"https:\/\/i0.wp.com\/www.eltrabajo.cl\/portal\/wp-content\/uploads\/2019\/05\/CARABINEROS-GOBERNADOR.jpg?resize=580%2C359\" alt=\"Personal de Carabineros redoblar\u00e1 las acciones destinadas a disminuir la delincuencia, sobre todo en el sector centro, se\u00f1al\u00f3 el gobernador Claudio Rodr\u00edguez.\" width=\"580\" height=\"359\" srcset=\"https:\/\/i0.wp.com\/eltrabajo.cl\/portal\/wp-content\/uploads\/2019\/05\/CARABINEROS-GOBERNADOR.jpg?w=580&amp;ssl=1 580w, https:\/\/i0.wp.com\/eltrabajo.cl\/portal\/wp-content\/uploads\/2019\/05\/CARABINEROS-GOBERNADOR.jpg?resize=200%2C124&amp;ssl=1 200w, https:\/\/i0.wp.com\/eltrabajo.cl\/portal\/wp-content\/uploads\/2019\/05\/CARABINEROS-GOBERNADOR.jpg?resize=300%2C186&amp;ssl=1 300w, https:\/\/i0.wp.com\/eltrabajo.cl\/portal\/wp-content\/uploads\/2019\/05\/CARABINEROS-GOBERNADOR.jpg?resize=242%2C150&amp;ssl=1 242w, https:\/\/i0.wp.com\/eltrabajo.cl\/portal\/wp-content\/uploads\/2019\/05\/CARABINEROS-GOBERNADOR.jpg?resize=400%2C248&amp;ssl=1 400w\" sizes=\"auto, (max-width: 580px) 100vw, 580px\" \/><figcaption id=\"caption-attachment-92139\" class=\"wp-caption-text\">Personal de Carabineros redoblar\u00e1 las acciones destinadas a disminuir la delincuencia, sobre todo en el sector centro, se\u00f1al\u00f3 el gobernador Claudio Rodr\u00edguez.<\/figcaption><\/figure>\n","protected":false},"excerpt":{"rendered":"<p>Anunci\u00f3 gobernador Claudio Rodr\u00edguez tras reuni\u00f3n con comisario Mauricio Guzm\u00e1n. Con el prop\u00f3sito de disminuir los robos registrados durante los \u00faltimos d\u00edas en la zona c\u00e9ntrica de la comuna de San Felipe,&#8230;<\/p>\n","protected":false},"author":482,"featured_media":92139,"comment_status":"open","ping_status":"open","sticky":false,"template":"","format":"standard","meta":{"advanced_seo_description":"","jetpack_seo_html_title":"","jetpack_seo_noindex":false,"_jetpack_memberships_contains_paid_content":false,"footnotes":""},"categories":[1],"tags":[],"class_list":["post-92138","post","type-post","status-publish","format-standard","has-post-thumbnail","hentry","category-cronica"],"jetpack_featured_media_url":"https:\/\/i0.wp.com\/eltrabajo.cl\/portal\/wp-content\/uploads\/2019\/05\/CARABINEROS-GOBERNADOR.jpg?fit=580%2C359&ssl=1","jetpack_sharing_enabled":true,"jetpack_likes_enabled":true,"jetpack-related-posts":[],"_links":{"self":[{"href":"https:\/\/eltrabajo.cl\/portal\/wp-json\/wp\/v2\/posts\/92138","targetHints":{"allow":["GET"]}}],"collection":[{"href":"https:\/\/eltrabajo.cl\/portal\/wp-json\/wp\/v2\/posts"}],"about":[{"href":"https:\/\/eltrabajo.cl\/portal\/wp-json\/wp\/v2\/types\/post"}],"author":[{"embeddable":true,"href":"https:\/\/eltrabajo.cl\/portal\/wp-json\/wp\/v2\/users\/482"}],"replies":[{"embeddable":true,"href":"https:\/\/eltrabajo.cl\/portal\/wp-json\/wp\/v2\/comments?post=92138"}],"version-history":[{"count":0,"href":"https:\/\/eltrabajo.cl\/portal\/wp-json\/wp\/v2\/posts\/92138\/revisions"}],"wp:featuredmedia":[{"embeddable":true,"href":"https:\/\/eltrabajo.cl\/portal\/wp-json\/wp\/v2\/media\/92139"}],"wp:attachment":[{"href":"https:\/\/eltrabajo.cl\/portal\/wp-json\/wp\/v2\/media?parent=92138"}],"wp:term":[{"taxonomy":"category","embeddable":true,"href":"https:\/\/eltrabajo.cl\/portal\/wp-json\/wp\/v2\/categories?post=92138"},{"taxonomy":"post_tag","embeddable":true,"href":"https:\/\/eltrabajo.cl\/portal\/wp-json\/wp\/v2\/tags?post=92138"}],"curies":[{"name":"wp","href":"https:\/\/api.w.org\/{rel}","templated":true}]}}