{"id":92141,"date":"2019-05-24T05:04:59","date_gmt":"2019-05-24T09:04:59","guid":{"rendered":"http:\/\/www.eltrabajo.cl\/portal\/?p=92141"},"modified":"2019-05-24T01:55:32","modified_gmt":"2019-05-24T05:55:32","slug":"emblematica-calle-comercio-sera-protagonista-al-celebrar-dia-del-patrimonio","status":"publish","type":"post","link":"https:\/\/eltrabajo.cl\/portal\/emblematica-calle-comercio-sera-protagonista-al-celebrar-dia-del-patrimonio\/","title":{"rendered":"Emblem\u00e1tica calle Comercio ser\u00e1 protagonista al celebrar D\u00eda del Patrimonio"},"content":{"rendered":"<ul>\n<li><strong>Alcalde Guillermo Reyes invita a todas las familias a conocer m\u00e1s sobre las tradicionales viviendas de la \u00abCapital Patrimonial de Aconcagua\u00bb que abrir\u00e1n sus puertas al p\u00fablico este domingo 26 de mayo, transform\u00e1ndose en un verdadero \u00abMuseo al Aire Libre\u00bb. Tambi\u00e9n habr\u00e1 diversas muestras art\u00edstico-culturales exposiciones fotogr\u00e1ficas, feria artesanal, patio de comidas, entre otras atracciones.<\/strong><\/li>\n<\/ul>\n<p><strong>PUTAENDO<\/strong>.- Haciendo honor al compromiso de ser la \u00abCapital Patrimonial de Aconcagua\u00bb, la comuna de Putaendo prepara una relevante cantidad de actividades para celebrar el D\u00eda del Patrimonio Cultural.<br \/>\nA contar de las 10 de la ma\u00f1ana del domingo y hasta las 14 horas, los visitantes podr\u00e1n recorrer cerca de 15 casas de calle Comercio, conocida por ser el eje fundacional de la comuna. Las viviendas se abrir\u00e1n al p\u00fablico para conocer sus historias, caracter\u00edsticas y particularidades.<br \/>\nDe igual forma se podr\u00e1 acceder a los edificios emblem\u00e1ticos del centro de Putaendo. La jornada contar\u00e1 con circuitos patrimoniales autoguiados, manifestaciones culturales, exposiciones fotogr\u00e1ficas, feria artesanal, patio de comidas t\u00edpicas, etc. La idea es transformar calle Comercio en un verdadero \u2018Museo al Aire Libre\u2019.<br \/>\n\u00abSabemos que mucha gente est\u00e1 interesada en lo que ocurre en nuestra comuna. Otros a\u00f1os nos hemos alejado del centro, pero esta vez le daremos la importancia que corresponde a las construcciones del casco hist\u00f3rico de Putaendo. Desde Calle Comercio tambi\u00e9n daremos a conocer nuestro patrimonio natural, ambiental y cultural. Esperamos que vengan muchas familias a esta actividad donde cada a\u00f1o llegan muchas personas\u00bb, manifest\u00f3 el alcalde Guillermo Reyes.<br \/>\nEn todas las cuadras habr\u00e1 actividades art\u00edstico-culturales. \u00abEn alguna estar\u00e1n payadores cantando a lo divino, en otra estar\u00e1 la estudiantina de la Universidad de Playa Ancha. Tambi\u00e9n estar\u00e1 la Escuela Alejandrina Carvajal rindiendo homenaje a quien da nombre a su establecimiento. Del mismo modo, la Escuela Gast\u00f3n Ormaz\u00e1bal se har\u00e1 presente. Asimismo, tendremos a la Escuela de M\u00fasica de Putaendo, quienes nos brindar\u00e1n un gran concierto de m\u00fasica latinoamericana\u00bb, explic\u00f3 Mauricio Quiroz, encargado de Patrimonio de la Municipalidad de Putaendo.<br \/>\nLos asistentes podr\u00e1n acceder a un mapa de Calle Comercio con las casas que se pueden visitar. Para m\u00e1s informaci\u00f3n pueden visitar la p\u00e1gina web www.putaendo.cl o las redes sociales de la Municipalidad de Putaendo.<\/p>\n<figure id=\"attachment_92142\" aria-describedby=\"caption-attachment-92142\" style=\"width: 580px\" class=\"wp-caption alignnone\"><img data-recalc-dims=\"1\" loading=\"lazy\" decoding=\"async\" class=\"size-full wp-image-92142\" src=\"https:\/\/i0.wp.com\/www.eltrabajo.cl\/portal\/wp-content\/uploads\/2019\/05\/Calle-Comercio-Foto-de-Jorge-Menares.jpg?resize=580%2C359\" alt=\"La tradicional Calle Comercio ser\u00e1 la protagonista principal en la celebraci\u00f3n del D\u00eda del Patrimonio en Putaendo. (Foto de Jorge Menares)\" width=\"580\" height=\"359\" srcset=\"https:\/\/i0.wp.com\/eltrabajo.cl\/portal\/wp-content\/uploads\/2019\/05\/Calle-Comercio-Foto-de-Jorge-Menares.jpg?w=580&amp;ssl=1 580w, https:\/\/i0.wp.com\/eltrabajo.cl\/portal\/wp-content\/uploads\/2019\/05\/Calle-Comercio-Foto-de-Jorge-Menares.jpg?resize=200%2C124&amp;ssl=1 200w, https:\/\/i0.wp.com\/eltrabajo.cl\/portal\/wp-content\/uploads\/2019\/05\/Calle-Comercio-Foto-de-Jorge-Menares.jpg?resize=300%2C186&amp;ssl=1 300w, https:\/\/i0.wp.com\/eltrabajo.cl\/portal\/wp-content\/uploads\/2019\/05\/Calle-Comercio-Foto-de-Jorge-Menares.jpg?resize=242%2C150&amp;ssl=1 242w, https:\/\/i0.wp.com\/eltrabajo.cl\/portal\/wp-content\/uploads\/2019\/05\/Calle-Comercio-Foto-de-Jorge-Menares.jpg?resize=400%2C248&amp;ssl=1 400w\" sizes=\"auto, (max-width: 580px) 100vw, 580px\" \/><figcaption id=\"caption-attachment-92142\" class=\"wp-caption-text\">La tradicional Calle Comercio ser\u00e1 la protagonista principal en la celebraci\u00f3n del D\u00eda del Patrimonio en Putaendo. (Foto de Jorge Menares)<\/figcaption><\/figure>\n","protected":false},"excerpt":{"rendered":"<p>Alcalde Guillermo Reyes invita a todas las familias a conocer m\u00e1s sobre las tradicionales viviendas de la \u00abCapital Patrimonial de Aconcagua\u00bb que abrir\u00e1n sus puertas al p\u00fablico este domingo 26 de mayo,&#8230;<\/p>\n","protected":false},"author":482,"featured_media":92142,"comment_status":"open","ping_status":"open","sticky":false,"template":"","format":"standard","meta":{"advanced_seo_description":"","jetpack_seo_html_title":"","jetpack_seo_noindex":false,"_jetpack_memberships_contains_paid_content":false,"footnotes":""},"categories":[1],"tags":[],"class_list":["post-92141","post","type-post","status-publish","format-standard","has-post-thumbnail","hentry","category-cronica"],"jetpack_featured_media_url":"https:\/\/i0.wp.com\/eltrabajo.cl\/portal\/wp-content\/uploads\/2019\/05\/Calle-Comercio-Foto-de-Jorge-Menares.jpg?fit=580%2C359&ssl=1","jetpack_sharing_enabled":true,"jetpack_likes_enabled":true,"jetpack-related-posts":[],"_links":{"self":[{"href":"https:\/\/eltrabajo.cl\/portal\/wp-json\/wp\/v2\/posts\/92141","targetHints":{"allow":["GET"]}}],"collection":[{"href":"https:\/\/eltrabajo.cl\/portal\/wp-json\/wp\/v2\/posts"}],"about":[{"href":"https:\/\/eltrabajo.cl\/portal\/wp-json\/wp\/v2\/types\/post"}],"author":[{"embeddable":true,"href":"https:\/\/eltrabajo.cl\/portal\/wp-json\/wp\/v2\/users\/482"}],"replies":[{"embeddable":true,"href":"https:\/\/eltrabajo.cl\/portal\/wp-json\/wp\/v2\/comments?post=92141"}],"version-history":[{"count":0,"href":"https:\/\/eltrabajo.cl\/portal\/wp-json\/wp\/v2\/posts\/92141\/revisions"}],"wp:featuredmedia":[{"embeddable":true,"href":"https:\/\/eltrabajo.cl\/portal\/wp-json\/wp\/v2\/media\/92142"}],"wp:attachment":[{"href":"https:\/\/eltrabajo.cl\/portal\/wp-json\/wp\/v2\/media?parent=92141"}],"wp:term":[{"taxonomy":"category","embeddable":true,"href":"https:\/\/eltrabajo.cl\/portal\/wp-json\/wp\/v2\/categories?post=92141"},{"taxonomy":"post_tag","embeddable":true,"href":"https:\/\/eltrabajo.cl\/portal\/wp-json\/wp\/v2\/tags?post=92141"}],"curies":[{"name":"wp","href":"https:\/\/api.w.org\/{rel}","templated":true}]}}