{"id":92145,"date":"2019-05-24T05:03:35","date_gmt":"2019-05-24T09:03:35","guid":{"rendered":"http:\/\/www.eltrabajo.cl\/portal\/?p=92145"},"modified":"2019-05-24T01:56:30","modified_gmt":"2019-05-24T05:56:30","slug":"este-miercoles-en-la-tarde-partio-doble-transito-en-avda-miraflores-norte","status":"publish","type":"post","link":"https:\/\/eltrabajo.cl\/portal\/este-miercoles-en-la-tarde-partio-doble-transito-en-avda-miraflores-norte\/","title":{"rendered":"Este mi\u00e9rcoles en la tarde parti\u00f3 doble tr\u00e1nsito en Avda. Miraflores Norte"},"content":{"rendered":"<p>La delegada biprovincial del Serviu, Patricia Boffa Casas, inform\u00f3 que la tarde de este mi\u00e9rcoles se tom\u00f3 posesi\u00f3n de la avenida Miraflores y ya se est\u00e1 trabajando en ese lugar, con lo cual comenz\u00f3 a ser usada como doble v\u00eda esta arteria.<br \/>\n\u00abEn el transcurso del d\u00eda de ayer -mi\u00e9rcoles- se est\u00e1 trabajando en el sector de Miraflores, recordemos que hay un bypass para poder hacer la arteria norte de avenida Miraflores bidireccional y que despu\u00e9s vuelve al Hospital a tomar las dos v\u00edas, producto de los trabajos que se est\u00e1n realizando en el sector de Miraflores con Hermanos Carrera, tomando en cuenta que Miraflores es una v\u00eda estructural que une un servicio p\u00fablico tan importante como el Hospital San Camilo y tambi\u00e9n establecimientos educacionales, jardines infantiles, supermercado, etc.\u00bb, se\u00f1al\u00f3.<br \/>\nAclar\u00f3 tambi\u00e9n que se tom\u00f3 esta decisi\u00f3n informando puerta a puerta a los vecinos, \u00abcon funcionarios del Serviu de Valpara\u00edso para informar a la comunidad de esta situaci\u00f3n, es lo que le hemos solicitado al Director Tom\u00e1s Ochoa, producto de todos estos inconvenientes que se han generado y donde no se ha sociabilizado como corresponde y no se ha comunicado, y hoy d\u00eda queremos corregir esto y as\u00ed lo estamos haciendo, est\u00e1n las se\u00f1al\u00e9ticas de hombres trabajando en el sector\u00bb, indic\u00f3 Boffa.<br \/>\nEn cuanto a plazos, dijo que estas obras durar\u00e1n cuarenta d\u00edas. El trabajo corresponde a hormig\u00f3n armado.<br \/>\nLa delegada record\u00f3 que se origin\u00f3 un socav\u00f3n en Hermanos Carrera, donde los canalistas tuvieron que cerrar las compuertas para poder secar y generar la compactaci\u00f3n necesaria y como corresponde en ese sector.<br \/>\n<strong>&#8211; \u00bfQu\u00e9 trabajo espec\u00edficamente se va a realizar en el lugar?<\/strong><br \/>\n&#8211; Espec\u00edficamente se est\u00e1 realizando en la avenida Miraflores con Hermanos Carrera, es un trabajo de hormig\u00f3n, recordemos que es para unir lo que es la avenida Hermanos Carrera hacia la Villa San Camilo, Villa Bernardo Cruz, Villa Cordillera, donde va a unir hoy d\u00eda ese sector que es bastante relevante, entonces lo que se quiere generar es que sea una avenida de alto est\u00e1ndar, por lo tanto se est\u00e1 mejorando ese bacheo que viene, que estaba en malas condiciones y tambi\u00e9n la municipalidad le ha solicitado a Serviu, a trav\u00e9s de un oficio la semana pasada, el mejoramiento con una capa asf\u00e1ltica hasta Tocornal por Hermanos Carrera, donde todav\u00eda no hay una respuesta de Serviu, la estamos esperando, pero yo creo que va a ser positiva, porque obviamente Serviu quiere generar estas avenidas que tienen mucha conectividad, mucho tr\u00e1nsito, que sean de alto est\u00e1ndar.<br \/>\nReiter\u00f3 que estas obras van a durar cuarenta d\u00edas y durante esta semana van a trabajar hasta el d\u00eda s\u00e1bado todo el d\u00eda.<\/p>\n<figure id=\"attachment_92146\" aria-describedby=\"caption-attachment-92146\" style=\"width: 580px\" class=\"wp-caption alignnone\"><img data-recalc-dims=\"1\" loading=\"lazy\" decoding=\"async\" class=\"size-full wp-image-92146\" src=\"https:\/\/i0.wp.com\/www.eltrabajo.cl\/portal\/wp-content\/uploads\/2019\/05\/miraflores.jpg?resize=580%2C359\" alt=\"Ac\u00e1 vemos a un veh\u00edculo tomando la avenida Miraflores por el costado norte. (Gentileza RP).\" width=\"580\" height=\"359\" srcset=\"https:\/\/i0.wp.com\/eltrabajo.cl\/portal\/wp-content\/uploads\/2019\/05\/miraflores.jpg?w=580&amp;ssl=1 580w, https:\/\/i0.wp.com\/eltrabajo.cl\/portal\/wp-content\/uploads\/2019\/05\/miraflores.jpg?resize=200%2C124&amp;ssl=1 200w, https:\/\/i0.wp.com\/eltrabajo.cl\/portal\/wp-content\/uploads\/2019\/05\/miraflores.jpg?resize=300%2C186&amp;ssl=1 300w, https:\/\/i0.wp.com\/eltrabajo.cl\/portal\/wp-content\/uploads\/2019\/05\/miraflores.jpg?resize=242%2C150&amp;ssl=1 242w, https:\/\/i0.wp.com\/eltrabajo.cl\/portal\/wp-content\/uploads\/2019\/05\/miraflores.jpg?resize=400%2C248&amp;ssl=1 400w\" sizes=\"auto, (max-width: 580px) 100vw, 580px\" \/><figcaption id=\"caption-attachment-92146\" class=\"wp-caption-text\">Ac\u00e1 vemos a un veh\u00edculo tomando la avenida Miraflores por el costado norte. (Gentileza RP).<\/figcaption><\/figure>\n","protected":false},"excerpt":{"rendered":"<p>La delegada biprovincial del Serviu, Patricia Boffa Casas, inform\u00f3 que la tarde de este mi\u00e9rcoles se tom\u00f3 posesi\u00f3n de la avenida Miraflores y ya se est\u00e1 trabajando en ese lugar, con lo&#8230;<\/p>\n","protected":false},"author":482,"featured_media":92146,"comment_status":"open","ping_status":"open","sticky":false,"template":"","format":"standard","meta":{"advanced_seo_description":"","jetpack_seo_html_title":"","jetpack_seo_noindex":false,"_jetpack_memberships_contains_paid_content":false,"footnotes":""},"categories":[1],"tags":[],"class_list":["post-92145","post","type-post","status-publish","format-standard","has-post-thumbnail","hentry","category-cronica"],"jetpack_featured_media_url":"https:\/\/i0.wp.com\/eltrabajo.cl\/portal\/wp-content\/uploads\/2019\/05\/miraflores.jpg?fit=580%2C359&ssl=1","jetpack_sharing_enabled":true,"jetpack_likes_enabled":true,"jetpack-related-posts":[],"_links":{"self":[{"href":"https:\/\/eltrabajo.cl\/portal\/wp-json\/wp\/v2\/posts\/92145","targetHints":{"allow":["GET"]}}],"collection":[{"href":"https:\/\/eltrabajo.cl\/portal\/wp-json\/wp\/v2\/posts"}],"about":[{"href":"https:\/\/eltrabajo.cl\/portal\/wp-json\/wp\/v2\/types\/post"}],"author":[{"embeddable":true,"href":"https:\/\/eltrabajo.cl\/portal\/wp-json\/wp\/v2\/users\/482"}],"replies":[{"embeddable":true,"href":"https:\/\/eltrabajo.cl\/portal\/wp-json\/wp\/v2\/comments?post=92145"}],"version-history":[{"count":0,"href":"https:\/\/eltrabajo.cl\/portal\/wp-json\/wp\/v2\/posts\/92145\/revisions"}],"wp:featuredmedia":[{"embeddable":true,"href":"https:\/\/eltrabajo.cl\/portal\/wp-json\/wp\/v2\/media\/92146"}],"wp:attachment":[{"href":"https:\/\/eltrabajo.cl\/portal\/wp-json\/wp\/v2\/media?parent=92145"}],"wp:term":[{"taxonomy":"category","embeddable":true,"href":"https:\/\/eltrabajo.cl\/portal\/wp-json\/wp\/v2\/categories?post=92145"},{"taxonomy":"post_tag","embeddable":true,"href":"https:\/\/eltrabajo.cl\/portal\/wp-json\/wp\/v2\/tags?post=92145"}],"curies":[{"name":"wp","href":"https:\/\/api.w.org\/{rel}","templated":true}]}}