{"id":92170,"date":"2019-05-27T05:03:42","date_gmt":"2019-05-27T09:03:42","guid":{"rendered":"http:\/\/www.eltrabajo.cl\/portal\/?p=92170"},"modified":"2019-05-26T21:07:38","modified_gmt":"2019-05-27T01:07:38","slug":"bomberos-llama-a-estar-alerta-y-evitar-tragedias-por-el-asesino-silencioso-de-invierno","status":"publish","type":"post","link":"https:\/\/eltrabajo.cl\/portal\/bomberos-llama-a-estar-alerta-y-evitar-tragedias-por-el-asesino-silencioso-de-invierno\/","title":{"rendered":"Bomberos llama a estar alerta y evitar tragedias por el \u2018Asesino Silencioso\u2019 de invierno"},"content":{"rendered":"<p>Durante la semana pasada al interior de un departamento ubicado en la intersecci\u00f3n de las calles Mosqueto con Santo Domingo en pleno centro de Santiago, murieron seis turistas brasile\u00f1os a causa seg\u00fan los expertos de la inhalaci\u00f3n de mon\u00f3xido de carbono.<br \/>\nPues bien y teniendo en cuenta las bajas temperaturas que se han registrado en el Valle de Aconcagua en general, donde la gente como es com\u00fan comienza a calefaccionarse, conversamos con el comandante Juan Carlos Herrera sobre las medidas que se pueden adoptar para evitar este tipo de tragedia, el experimentado bombero nos indic\u00f3 lo siguiente: \u00abLo primero que se puede decir es que hay una ley que proh\u00edbe tener los calef\u00f3n al interior de los ba\u00f1os y las cocinas, por el hecho que hab\u00eda mucha gente que se ba\u00f1aba y cerraba las puertas y el calef\u00f3n absorb\u00eda todo el ox\u00edgeno que hab\u00eda dentro del recinto donde se estaban ba\u00f1ando, y eso provocaba que la persona sin sentir se empezaba a quedar dormida, sent\u00eda dolor de cabeza pero no sab\u00eda lo que pasaba en ese momento y eso era porque el calef\u00f3n absorb\u00eda todo el ox\u00edgeno, quedaba sin ox\u00edgeno y eso produc\u00eda lo que se conoce como mon\u00f3xido de carbono\u00bb, se\u00f1al\u00f3 Herrera.<\/p>\n<p><span style=\"color: #ff0000;\"><strong>MUERTE SILENCIOSA<\/strong><\/span><br \/>\nEl oficial de todas maneras reconoci\u00f3 que en San Felipe han tenido varias situaciones donde la gente siente dolores de cabeza, \u00abempieza a quedarse dormida y nos hemos percatado que arriba donde va la ventilaci\u00f3n del calef\u00f3n lo tiene cerrado con una bolsa, por el hecho que cuando llueve este se moja y despu\u00e9s cuanto lo empiezan a hacer funcionar se les olvida que arriba cerraron y todo eso se devuelve hacia abajo, y eso provoca que nosotros llamamos \u2018La Muerte silenciosa, y uno no se da cuenta lo que est\u00e1 sucediendo lo mismo con las estufas cuando no est\u00e1n en mantenci\u00f3n que corresponde de un a\u00f1o para otro se juntan una pelusa que lanza un color amarillo, eso es porque no est\u00e1 quem\u00e1ndose como corresponde y eso se produce muchas veces cuando las casas est\u00e1n cerradas y se va produciendo este mon\u00f3xido de carbono, que es el gas que no se est\u00e1 quemando como corresponde, porque es falta de mantenci\u00f3n\u00bb.<br \/>\n<strong>&#8211; \u00bfQu\u00e9 medidas se pueden tomar?<\/strong><br \/>\n&#8211; La verdad que hay que hacer todas las medidas correspondientes; las mantenciones teniendo en cuenta que aparecen los fr\u00edos, a los conductos de los calef\u00f3n hacerle la mantenci\u00f3n correspondiente, en los edificios que es s\u00faper importante si hay palomas los conductos de ventilaci\u00f3n que se tapan con las fecas de estas mismas, a todo eso hay que hacerle las mantenciones que corresponde, la gente que est\u00e1 encargada de los edificios, en la casa que los tubos est\u00e9n bien sellados como corresponde, las cocinas porque muchas veces la gente no tiene una estufa prende la cocina para que se pueda calentar al interior de la vivienda, la verdad que son muchas cosas que se van viendo, la verdad que todo lo que sea con llamas al interior de la casa es lo que afecta y todo eso consume ox\u00edgeno, todo eso funciona con ox\u00edgeno si no lo tiene no va a funcionar, pero todas las medidas precautorias si van a tener una estufa adentro que por favor las personas dejen la puerta abierta del dormitorio para entre ox\u00edgeno, o una ventana para que no se consuma el ox\u00edgeno, porque la verdad se van a quedar dormidos y no se van a dar cuenta lo que est\u00e1 sucediendo.<\/p>\n<figure id=\"attachment_92171\" aria-describedby=\"caption-attachment-92171\" style=\"width: 578px\" class=\"wp-caption alignnone\"><img data-recalc-dims=\"1\" loading=\"lazy\" decoding=\"async\" class=\"size-full wp-image-92171\" src=\"https:\/\/i0.wp.com\/www.eltrabajo.cl\/portal\/wp-content\/uploads\/2019\/05\/monoxido.jpg?resize=578%2C385\" alt=\"Ac\u00e1 vemos algunas recomendaciones para evitar una tragedia.\" width=\"578\" height=\"385\" srcset=\"https:\/\/i0.wp.com\/eltrabajo.cl\/portal\/wp-content\/uploads\/2019\/05\/monoxido.jpg?w=578&amp;ssl=1 578w, https:\/\/i0.wp.com\/eltrabajo.cl\/portal\/wp-content\/uploads\/2019\/05\/monoxido.jpg?resize=200%2C133&amp;ssl=1 200w, https:\/\/i0.wp.com\/eltrabajo.cl\/portal\/wp-content\/uploads\/2019\/05\/monoxido.jpg?resize=300%2C200&amp;ssl=1 300w, https:\/\/i0.wp.com\/eltrabajo.cl\/portal\/wp-content\/uploads\/2019\/05\/monoxido.jpg?resize=225%2C150&amp;ssl=1 225w, https:\/\/i0.wp.com\/eltrabajo.cl\/portal\/wp-content\/uploads\/2019\/05\/monoxido.jpg?resize=400%2C266&amp;ssl=1 400w\" sizes=\"auto, (max-width: 578px) 100vw, 578px\" \/><figcaption id=\"caption-attachment-92171\" class=\"wp-caption-text\">Ac\u00e1 vemos algunas recomendaciones para evitar una tragedia.<\/figcaption><\/figure>\n","protected":false},"excerpt":{"rendered":"<p>Durante la semana pasada al interior de un departamento ubicado en la intersecci\u00f3n de las calles Mosqueto con Santo Domingo en pleno centro de Santiago, murieron seis turistas brasile\u00f1os a causa seg\u00fan&#8230;<\/p>\n","protected":false},"author":482,"featured_media":92171,"comment_status":"open","ping_status":"open","sticky":false,"template":"","format":"standard","meta":{"advanced_seo_description":"","jetpack_seo_html_title":"","jetpack_seo_noindex":false,"_jetpack_memberships_contains_paid_content":false,"footnotes":""},"categories":[1],"tags":[],"class_list":["post-92170","post","type-post","status-publish","format-standard","has-post-thumbnail","hentry","category-cronica"],"jetpack_featured_media_url":"https:\/\/i0.wp.com\/eltrabajo.cl\/portal\/wp-content\/uploads\/2019\/05\/monoxido.jpg?fit=578%2C385&ssl=1","jetpack_sharing_enabled":true,"jetpack_likes_enabled":true,"jetpack-related-posts":[],"_links":{"self":[{"href":"https:\/\/eltrabajo.cl\/portal\/wp-json\/wp\/v2\/posts\/92170","targetHints":{"allow":["GET"]}}],"collection":[{"href":"https:\/\/eltrabajo.cl\/portal\/wp-json\/wp\/v2\/posts"}],"about":[{"href":"https:\/\/eltrabajo.cl\/portal\/wp-json\/wp\/v2\/types\/post"}],"author":[{"embeddable":true,"href":"https:\/\/eltrabajo.cl\/portal\/wp-json\/wp\/v2\/users\/482"}],"replies":[{"embeddable":true,"href":"https:\/\/eltrabajo.cl\/portal\/wp-json\/wp\/v2\/comments?post=92170"}],"version-history":[{"count":0,"href":"https:\/\/eltrabajo.cl\/portal\/wp-json\/wp\/v2\/posts\/92170\/revisions"}],"wp:featuredmedia":[{"embeddable":true,"href":"https:\/\/eltrabajo.cl\/portal\/wp-json\/wp\/v2\/media\/92171"}],"wp:attachment":[{"href":"https:\/\/eltrabajo.cl\/portal\/wp-json\/wp\/v2\/media?parent=92170"}],"wp:term":[{"taxonomy":"category","embeddable":true,"href":"https:\/\/eltrabajo.cl\/portal\/wp-json\/wp\/v2\/categories?post=92170"},{"taxonomy":"post_tag","embeddable":true,"href":"https:\/\/eltrabajo.cl\/portal\/wp-json\/wp\/v2\/tags?post=92170"}],"curies":[{"name":"wp","href":"https:\/\/api.w.org\/{rel}","templated":true}]}}