{"id":92176,"date":"2019-05-27T05:05:50","date_gmt":"2019-05-27T09:05:50","guid":{"rendered":"http:\/\/www.eltrabajo.cl\/portal\/?p=92176"},"modified":"2019-05-26T21:10:53","modified_gmt":"2019-05-27T01:10:53","slug":"se-viene-el-primer-taller-de-futbol-inclusivo-del-valle-de-aconcagua","status":"publish","type":"post","link":"https:\/\/eltrabajo.cl\/portal\/se-viene-el-primer-taller-de-futbol-inclusivo-del-valle-de-aconcagua\/","title":{"rendered":"Se viene el primer taller de F\u00fatbol Inclusivo del Valle de Aconcagua"},"content":{"rendered":"<p>La imagen de un ni\u00f1o con s\u00edndrome de Down, hincha del Club Plaza Colonia convirtiendo un gol a Pe\u00f1arol en Uruguay, dio la vuelta al mundo. No hubo nadie que sintiera ajeno a la emoci\u00f3n que entreg\u00f3 ese momento.<br \/>\nEsa situaci\u00f3n motiv\u00f3 a un grupo de profesionales del f\u00fatbol aconcag\u00fcino a crear la primera Escuela Infantil de F\u00fatbol Inclusivo de Los Andes, taller que desde el s\u00e1bado 8 de junio pr\u00f3ximo estar\u00e1 a disposici\u00f3n de los ni\u00f1os de entre 4 a 13 a\u00f1os de todo el Valle de Aconcagua.<br \/>\nEl lugar donde se realizar\u00e1n las clases ser\u00e1 el Complejo Futbol\u00edstico Andino (canchas sint\u00e9ticas del Patagual, Callej\u00f3n Bejares), centro deportivo en el cual un completo staff de profesionales compuesto por un t\u00e9cnico profesional, t\u00e9cnico deportivo, preparador f\u00edsico y preparador de arqueros, ense\u00f1ar\u00e1n el deporte rey a los ni\u00f1os y ni\u00f1as con capacidades diferentes de la zona.<br \/>\nLos interesados en participar en esta interesante iniciativa totalmente gratuita que estar\u00e1 a cargo del profesor Gino Andr\u00e9s Ega\u00f1a Cuello, deben contactarse a los siguientes tel\u00e9fonos: 955238859 y 999783867.<\/p>\n<figure id=\"attachment_92177\" aria-describedby=\"caption-attachment-92177\" style=\"width: 580px\" class=\"wp-caption alignnone\"><img data-recalc-dims=\"1\" loading=\"lazy\" decoding=\"async\" class=\"size-full wp-image-92177\" src=\"https:\/\/i0.wp.com\/www.eltrabajo.cl\/portal\/wp-content\/uploads\/2019\/05\/ni%C3%B1os-con-capacidades-diferentes.jpg?resize=580%2C358\" alt=\"En junio pr\u00f3ximo comenzar\u00e1 a funcionar la primera Escuela de F\u00fatbol Inclusivo en el Valle de Aconcagua.\" width=\"580\" height=\"358\" srcset=\"https:\/\/i0.wp.com\/eltrabajo.cl\/portal\/wp-content\/uploads\/2019\/05\/ni%C3%B1os-con-capacidades-diferentes.jpg?w=580&amp;ssl=1 580w, https:\/\/i0.wp.com\/eltrabajo.cl\/portal\/wp-content\/uploads\/2019\/05\/ni%C3%B1os-con-capacidades-diferentes.jpg?resize=200%2C123&amp;ssl=1 200w, https:\/\/i0.wp.com\/eltrabajo.cl\/portal\/wp-content\/uploads\/2019\/05\/ni%C3%B1os-con-capacidades-diferentes.jpg?resize=300%2C185&amp;ssl=1 300w, https:\/\/i0.wp.com\/eltrabajo.cl\/portal\/wp-content\/uploads\/2019\/05\/ni%C3%B1os-con-capacidades-diferentes.jpg?resize=243%2C150&amp;ssl=1 243w, https:\/\/i0.wp.com\/eltrabajo.cl\/portal\/wp-content\/uploads\/2019\/05\/ni%C3%B1os-con-capacidades-diferentes.jpg?resize=400%2C247&amp;ssl=1 400w\" sizes=\"auto, (max-width: 580px) 100vw, 580px\" \/><figcaption id=\"caption-attachment-92177\" class=\"wp-caption-text\">En junio pr\u00f3ximo comenzar\u00e1 a funcionar la primera Escuela de F\u00fatbol Inclusivo en el Valle de Aconcagua.<\/figcaption><\/figure>\n","protected":false},"excerpt":{"rendered":"<p>La imagen de un ni\u00f1o con s\u00edndrome de Down, hincha del Club Plaza Colonia convirtiendo un gol a Pe\u00f1arol en Uruguay, dio la vuelta al mundo. No hubo nadie que sintiera ajeno&#8230;<\/p>\n","protected":false},"author":482,"featured_media":92177,"comment_status":"open","ping_status":"open","sticky":false,"template":"","format":"standard","meta":{"advanced_seo_description":"","jetpack_seo_html_title":"","jetpack_seo_noindex":false,"_jetpack_memberships_contains_paid_content":false,"footnotes":""},"categories":[19],"tags":[],"class_list":["post-92176","post","type-post","status-publish","format-standard","has-post-thumbnail","hentry","category-deportes"],"jetpack_featured_media_url":"https:\/\/i0.wp.com\/eltrabajo.cl\/portal\/wp-content\/uploads\/2019\/05\/ni%C3%B1os-con-capacidades-diferentes.jpg?fit=580%2C358&ssl=1","jetpack_sharing_enabled":true,"jetpack_likes_enabled":true,"jetpack-related-posts":[],"_links":{"self":[{"href":"https:\/\/eltrabajo.cl\/portal\/wp-json\/wp\/v2\/posts\/92176","targetHints":{"allow":["GET"]}}],"collection":[{"href":"https:\/\/eltrabajo.cl\/portal\/wp-json\/wp\/v2\/posts"}],"about":[{"href":"https:\/\/eltrabajo.cl\/portal\/wp-json\/wp\/v2\/types\/post"}],"author":[{"embeddable":true,"href":"https:\/\/eltrabajo.cl\/portal\/wp-json\/wp\/v2\/users\/482"}],"replies":[{"embeddable":true,"href":"https:\/\/eltrabajo.cl\/portal\/wp-json\/wp\/v2\/comments?post=92176"}],"version-history":[{"count":0,"href":"https:\/\/eltrabajo.cl\/portal\/wp-json\/wp\/v2\/posts\/92176\/revisions"}],"wp:featuredmedia":[{"embeddable":true,"href":"https:\/\/eltrabajo.cl\/portal\/wp-json\/wp\/v2\/media\/92177"}],"wp:attachment":[{"href":"https:\/\/eltrabajo.cl\/portal\/wp-json\/wp\/v2\/media?parent=92176"}],"wp:term":[{"taxonomy":"category","embeddable":true,"href":"https:\/\/eltrabajo.cl\/portal\/wp-json\/wp\/v2\/categories?post=92176"},{"taxonomy":"post_tag","embeddable":true,"href":"https:\/\/eltrabajo.cl\/portal\/wp-json\/wp\/v2\/tags?post=92176"}],"curies":[{"name":"wp","href":"https:\/\/api.w.org\/{rel}","templated":true}]}}