{"id":92205,"date":"2019-05-28T05:05:55","date_gmt":"2019-05-28T09:05:55","guid":{"rendered":"http:\/\/www.eltrabajo.cl\/portal\/?p=92205"},"modified":"2019-05-27T21:31:08","modified_gmt":"2019-05-28T01:31:08","slug":"mauricio-navarro-dice-ser-inocente-y-que-fue-enganado-por-malhechores","status":"publish","type":"post","link":"https:\/\/eltrabajo.cl\/portal\/mauricio-navarro-dice-ser-inocente-y-que-fue-enganado-por-malhechores\/","title":{"rendered":"Mauricio Navarro dice ser inocente y que fue enga\u00f1ado por \u2018malhechores\u2019"},"content":{"rendered":"<ul>\n<li><strong>A trav\u00e9s de su cuenta en Facebook el ex alcalde y ex fiscal andino se defiende de los cargos por los cuales fue detenido este fin de semana.<\/strong><\/li>\n<\/ul>\n<p>A trav\u00e9s de una misiva en su Facebook personal, el ex alcalde y ex fiscal de Los Andes, Mauricio Navarro Salinas, se defiende de los cargos que se le imputan y por los cuales fue detenido y formalizado este fin de semana, como es el tr\u00e1fico de inmigrantes y cohecho.<br \/>\nDice que al ser trasladado a Santiago se entera reci\u00e9n de los cargos. Respecto a su participaci\u00f3n, sostiene que en su calidad de abogado fue contratado para gestionar ante los municipios cartas de invitaciones con la finalidad de obtener que turistas e inversionistas chinos ingresaran al pa\u00eds.<br \/>\nAc\u00e1 le dejamos la apolog\u00eda \u00edntegra de Mauricio Navarro:<br \/>\n\u00abAmigos y amigas, ruego compartir. Gracias.<br \/>\n\u00abEl d\u00eda viernes 24 de mayo de 2019, aproximadamente a las 11:45 horas, llega a mi oficina, Personal de la Brigada de Trata de Personas de la Polic\u00eda de Investigaciones. Me informan que mantengo una orden de detenci\u00f3n del 7\u00ba Juzgado de Garant\u00eda de Santiago, procediendo a mi detenci\u00f3n y a la incautaci\u00f3n voluntaria de mi aparato celular y mi computador, quedando de esta forma absolutamente incomunicado, con completo desconocimiento de los hechos por los cuales era detenido y sin posibilidad de acceder a medios de prueba que acreditan mi inocencia.<br \/>\n\u00abAl ser trasladado a la ciudad de Santiago me entero que los cargos tienen que ver con el ingreso ilegal a Chile de ciudadanos chinos.<br \/>\n\u00abEn mi calidad de abogado se me contrat\u00f3 para gestionar ante los municipios, cartas invitaciones con la finalidad de obtener que turistas e inversionistas chinos ingresaran al pa\u00eds, para lo cual negoci\u00e9 con los municipios sobre la base de que era beneficioso para cada una de las comunidades. Incluso en conocimiento que se habr\u00edan negado las visas, envi\u00e9 correos tanto a la C\u00f3nsul de Chile en China, como asimismo al Jefe de Inmigraciones exigiendo un pronunciamiento sobre la materia. Por dicho servicio entregu\u00e9, como corresponde, la respectiva boleta de honorarios.<br \/>\n\u00abEl d\u00eda 25 de mayo de 2019, en la audiencia de formalizaci\u00f3n me entero que muchas de estas personas habr\u00edan ingresado al pa\u00eds no siendo turistas ni inversionistas, sino ciudadanos chinos a quienes se les habr\u00eda negado el ingreso regular, y por obtenerlo algunas personas les habr\u00edan cobrado grandes sumas de dinero.<br \/>\n\u00abRepudio con todas mis fuerzas que malhechores faciliten o promuevan -y lucren con ello- el ingreso de personas de otras nacionalidades que solo aspiran a mejores condiciones de vida. He puesto y pondr\u00e9 a disposici\u00f3n de la justicia todos los antecedentes de que dispongo necesarios para el adecuado esclarecimiento de los hechos, y conf\u00edo que la justicia nos dar\u00e1 la raz\u00f3n confirmando con esto mi inocencia.<br \/>\n\u00abHe sido enga\u00f1ado, y lo he pasado muy mal por ello, pero de esta forma tambi\u00e9n han sido enga\u00f1ados los alcaldes de Cabildo, Catemu, San Felipe y Los Andes; un agradecimiento a ellos, pues sin ninguna excepci\u00f3n han confiado y conf\u00edan en mi inocencia y en que he actuado de buena fe, en la convicci\u00f3n de hacerlo en beneficio de nuestra V Regi\u00f3n Cordillera.<br \/>\n\u00abTambi\u00e9n agradezco la confianza y el apoyo irrestricto de mi familia, de aquellos con quienes trabajo y de tantos y tantas amigos y amigas que conociendo de que estamos hecho, de nuestros valores y dificultades, han estado presente directa o indirectamente en este dif\u00edcil momento que nos ha tocado vivir.<br \/>\n\u00abMauricio Navarro Salinas, ex alcalde de Los Andes, ex fiscal del Ministerio P\u00fablico.<br \/>\n\u00abLos Andes, 27 de mayo de 2019\u00bb.<\/p>\n<figure id=\"attachment_92206\" aria-describedby=\"caption-attachment-92206\" style=\"width: 580px\" class=\"wp-caption alignnone\"><img data-recalc-dims=\"1\" loading=\"lazy\" decoding=\"async\" class=\"size-full wp-image-92206\" src=\"https:\/\/i0.wp.com\/www.eltrabajo.cl\/portal\/wp-content\/uploads\/2019\/05\/Navarro-desde-su-facebook.jpg?resize=580%2C360\" alt=\"Mauricio Navarro Salinas, ex alcalde y ex fiscal de Los Andes.\" width=\"580\" height=\"360\" srcset=\"https:\/\/i0.wp.com\/eltrabajo.cl\/portal\/wp-content\/uploads\/2019\/05\/Navarro-desde-su-facebook.jpg?w=580&amp;ssl=1 580w, https:\/\/i0.wp.com\/eltrabajo.cl\/portal\/wp-content\/uploads\/2019\/05\/Navarro-desde-su-facebook.jpg?resize=200%2C124&amp;ssl=1 200w, https:\/\/i0.wp.com\/eltrabajo.cl\/portal\/wp-content\/uploads\/2019\/05\/Navarro-desde-su-facebook.jpg?resize=300%2C186&amp;ssl=1 300w, https:\/\/i0.wp.com\/eltrabajo.cl\/portal\/wp-content\/uploads\/2019\/05\/Navarro-desde-su-facebook.jpg?resize=242%2C150&amp;ssl=1 242w, https:\/\/i0.wp.com\/eltrabajo.cl\/portal\/wp-content\/uploads\/2019\/05\/Navarro-desde-su-facebook.jpg?resize=400%2C248&amp;ssl=1 400w\" sizes=\"auto, (max-width: 580px) 100vw, 580px\" \/><figcaption id=\"caption-attachment-92206\" class=\"wp-caption-text\">Mauricio Navarro Salinas, ex alcalde y ex fiscal de Los Andes.<\/figcaption><\/figure>\n","protected":false},"excerpt":{"rendered":"<p>A trav\u00e9s de su cuenta en Facebook el ex alcalde y ex fiscal andino se defiende de los cargos por los cuales fue detenido este fin de semana. A trav\u00e9s de una&#8230;<\/p>\n","protected":false},"author":482,"featured_media":92206,"comment_status":"open","ping_status":"open","sticky":false,"template":"","format":"standard","meta":{"advanced_seo_description":"","jetpack_seo_html_title":"","jetpack_seo_noindex":false,"_jetpack_memberships_contains_paid_content":false,"footnotes":""},"categories":[1],"tags":[],"class_list":["post-92205","post","type-post","status-publish","format-standard","has-post-thumbnail","hentry","category-cronica"],"jetpack_featured_media_url":"https:\/\/i0.wp.com\/eltrabajo.cl\/portal\/wp-content\/uploads\/2019\/05\/Navarro-desde-su-facebook.jpg?fit=580%2C360&ssl=1","jetpack_sharing_enabled":true,"jetpack_likes_enabled":true,"jetpack-related-posts":[],"_links":{"self":[{"href":"https:\/\/eltrabajo.cl\/portal\/wp-json\/wp\/v2\/posts\/92205","targetHints":{"allow":["GET"]}}],"collection":[{"href":"https:\/\/eltrabajo.cl\/portal\/wp-json\/wp\/v2\/posts"}],"about":[{"href":"https:\/\/eltrabajo.cl\/portal\/wp-json\/wp\/v2\/types\/post"}],"author":[{"embeddable":true,"href":"https:\/\/eltrabajo.cl\/portal\/wp-json\/wp\/v2\/users\/482"}],"replies":[{"embeddable":true,"href":"https:\/\/eltrabajo.cl\/portal\/wp-json\/wp\/v2\/comments?post=92205"}],"version-history":[{"count":0,"href":"https:\/\/eltrabajo.cl\/portal\/wp-json\/wp\/v2\/posts\/92205\/revisions"}],"wp:featuredmedia":[{"embeddable":true,"href":"https:\/\/eltrabajo.cl\/portal\/wp-json\/wp\/v2\/media\/92206"}],"wp:attachment":[{"href":"https:\/\/eltrabajo.cl\/portal\/wp-json\/wp\/v2\/media?parent=92205"}],"wp:term":[{"taxonomy":"category","embeddable":true,"href":"https:\/\/eltrabajo.cl\/portal\/wp-json\/wp\/v2\/categories?post=92205"},{"taxonomy":"post_tag","embeddable":true,"href":"https:\/\/eltrabajo.cl\/portal\/wp-json\/wp\/v2\/tags?post=92205"}],"curies":[{"name":"wp","href":"https:\/\/api.w.org\/{rel}","templated":true}]}}