{"id":92223,"date":"2019-05-29T05:04:14","date_gmt":"2019-05-29T09:04:14","guid":{"rendered":"http:\/\/www.eltrabajo.cl\/portal\/?p=92223"},"modified":"2019-05-28T20:57:42","modified_gmt":"2019-05-29T00:57:42","slug":"justicia-pide-cuentas-por-segunda-vez-a-fonasa-para-que-otorgue-oneroso-tratamiento","status":"publish","type":"post","link":"https:\/\/eltrabajo.cl\/portal\/justicia-pide-cuentas-por-segunda-vez-a-fonasa-para-que-otorgue-oneroso-tratamiento\/","title":{"rendered":"Justicia pide cuentas por segunda vez a Fonasa para que otorgue oneroso tratamiento"},"content":{"rendered":"<p><span style=\"color: #ff0000;\"><strong>Necesita medicamento de 500 millones de pesos:<\/strong><\/span><\/p>\n<p>Este d\u00eda lunes nuevamente la Corte de Apelaciones emiti\u00f3 una resoluci\u00f3n donde se pide a Fonasa que informe sobre lo que ha hecho para efectivamente otorgar el tratamiento al menor Leonel Irarr\u00e1zabal Prado, un adolescente de 12 a\u00f1os de edad que padece de Atrofia Muscular Espinal Tipo 2 y necesita un medicamento cuyo valor es nada menos que 500 millones de pesos.<br \/>\nAs\u00ed lo indic\u00f3 la abogada del menor, Marcia Marchant Far\u00edas, quien se\u00f1al\u00f3 que en realidad \u00abFonasa (Fondo Nacional de Salud) formalmente no ha entregado ninguna respuesta a la Corte de Apelaciones de Valpara\u00edso. Estamos esperando que lo haga, es m\u00e1s, en esta segunda solicitud que hace la Corte de Apelaciones pidiendo cuenta tambi\u00e9n le da el plazo de 48 horas, y \u00e9sta no va a ser notificada solamente por la v\u00eda m\u00e1s expedita que es correo electr\u00f3nico a las autoridades a nivel nacional, sino que tambi\u00e9n se dio la orden que fuera efectuada por Carabineros porque al primer env\u00edo hicieron caso omiso, as\u00ed es que esperamos ahora que por la fuerza p\u00fablica ellos se entiendan notificados, y de no ser as\u00ed la Corte tendr\u00eda que hacer la tercera solicitud de pedir cuentas, derechamente llevar a cabo los apercibimientos respectivos, en este autoacordado lo establece\u00bb.<br \/>\nLa abogada enfatiza que esto en la pr\u00e1ctica significa que Carabineros debiera notificar a Fonasa: \u00abEsta resoluci\u00f3n sali\u00f3 ayer (lunes), se env\u00eda en este caso a la direcci\u00f3n nacional a trav\u00e9s de correo electr\u00f3nico y otra cosa es notificar por v\u00eda de Carabineros de Chile, y una vez que a Carabineros le llegue este oficio, Carabineros tiene que hacer la notificaci\u00f3n respectiva; puede que sean notificados en Valpara\u00edso, en este caso Fonasa Regional, y ah\u00ed se entiende que derechamente est\u00e1n notificados, Fonasa regional es Fonasa Nacional en definitiva y eso estamos esperando\u00bb, indic\u00f3 la abogada Marcia Marchan Far\u00edas.<br \/>\nFinalmente la profesional insisti\u00f3 en que formalmente no han recibido ninguna respuesta de Fonasa: \u00abTenemos entendido que por diversos medios de comunicaci\u00f3n, Fonasa, a trav\u00e9s de su red, en este caso Fonasa Aconcagua, ha emitido supuestamente respuestas, pero que en realidad todo eso se est\u00e1 llevando a cabo en la Corte de Apelaciones de Valpara\u00edso donde debe ser respondido de esa manera, porque esto es un tema serio, de esto depende la vida de Leonel y b\u00e1sicamente no lo hacen, son ellos los que est\u00e1n poniendo en este caso la cara y hacen responsable derechamente al Estado de Chile\u00bb, concluy\u00f3 Marcia Marchant.<br \/>\nCabe recordar que la Corte de Apelaciones fall\u00f3 a favor de Leonel Irarr\u00e1zabal Prado, en el sentido que Fonasa debe proporcionar el medicamento al menor, asumiendo el elevado costo del tratamiento.<\/p>\n<figure id=\"attachment_92224\" aria-describedby=\"caption-attachment-92224\" style=\"width: 580px\" class=\"wp-caption alignnone\"><img data-recalc-dims=\"1\" loading=\"lazy\" decoding=\"async\" class=\"size-full wp-image-92224\" src=\"https:\/\/i0.wp.com\/www.eltrabajo.cl\/portal\/wp-content\/uploads\/2019\/05\/Leonel-irarrazabal-abogada-marcia-marchant.jpg?resize=580%2C359\" alt=\"La abogada Marcia Marchant Far\u00edas junto a Leonel Irarr\u00e1zabal Prado, adolescente que necesita el medicamento Spinraza para vivir.\" width=\"580\" height=\"359\" srcset=\"https:\/\/i0.wp.com\/eltrabajo.cl\/portal\/wp-content\/uploads\/2019\/05\/Leonel-irarrazabal-abogada-marcia-marchant.jpg?w=580&amp;ssl=1 580w, https:\/\/i0.wp.com\/eltrabajo.cl\/portal\/wp-content\/uploads\/2019\/05\/Leonel-irarrazabal-abogada-marcia-marchant.jpg?resize=200%2C124&amp;ssl=1 200w, https:\/\/i0.wp.com\/eltrabajo.cl\/portal\/wp-content\/uploads\/2019\/05\/Leonel-irarrazabal-abogada-marcia-marchant.jpg?resize=300%2C186&amp;ssl=1 300w, https:\/\/i0.wp.com\/eltrabajo.cl\/portal\/wp-content\/uploads\/2019\/05\/Leonel-irarrazabal-abogada-marcia-marchant.jpg?resize=242%2C150&amp;ssl=1 242w, https:\/\/i0.wp.com\/eltrabajo.cl\/portal\/wp-content\/uploads\/2019\/05\/Leonel-irarrazabal-abogada-marcia-marchant.jpg?resize=400%2C248&amp;ssl=1 400w\" sizes=\"auto, (max-width: 580px) 100vw, 580px\" \/><figcaption id=\"caption-attachment-92224\" class=\"wp-caption-text\">La abogada Marcia Marchant Far\u00edas junto a Leonel Irarr\u00e1zabal Prado, adolescente que necesita el medicamento Spinraza para vivir.<\/figcaption><\/figure>\n","protected":false},"excerpt":{"rendered":"<p>Necesita medicamento de 500 millones de pesos: Este d\u00eda lunes nuevamente la Corte de Apelaciones emiti\u00f3 una resoluci\u00f3n donde se pide a Fonasa que informe sobre lo que ha hecho para efectivamente&#8230;<\/p>\n","protected":false},"author":482,"featured_media":92224,"comment_status":"open","ping_status":"open","sticky":false,"template":"","format":"standard","meta":{"advanced_seo_description":"","jetpack_seo_html_title":"","jetpack_seo_noindex":false,"_jetpack_memberships_contains_paid_content":false,"footnotes":""},"categories":[1],"tags":[],"class_list":["post-92223","post","type-post","status-publish","format-standard","has-post-thumbnail","hentry","category-cronica"],"jetpack_featured_media_url":"https:\/\/i0.wp.com\/eltrabajo.cl\/portal\/wp-content\/uploads\/2019\/05\/Leonel-irarrazabal-abogada-marcia-marchant.jpg?fit=580%2C359&ssl=1","jetpack_sharing_enabled":true,"jetpack_likes_enabled":true,"jetpack-related-posts":[],"_links":{"self":[{"href":"https:\/\/eltrabajo.cl\/portal\/wp-json\/wp\/v2\/posts\/92223","targetHints":{"allow":["GET"]}}],"collection":[{"href":"https:\/\/eltrabajo.cl\/portal\/wp-json\/wp\/v2\/posts"}],"about":[{"href":"https:\/\/eltrabajo.cl\/portal\/wp-json\/wp\/v2\/types\/post"}],"author":[{"embeddable":true,"href":"https:\/\/eltrabajo.cl\/portal\/wp-json\/wp\/v2\/users\/482"}],"replies":[{"embeddable":true,"href":"https:\/\/eltrabajo.cl\/portal\/wp-json\/wp\/v2\/comments?post=92223"}],"version-history":[{"count":0,"href":"https:\/\/eltrabajo.cl\/portal\/wp-json\/wp\/v2\/posts\/92223\/revisions"}],"wp:featuredmedia":[{"embeddable":true,"href":"https:\/\/eltrabajo.cl\/portal\/wp-json\/wp\/v2\/media\/92224"}],"wp:attachment":[{"href":"https:\/\/eltrabajo.cl\/portal\/wp-json\/wp\/v2\/media?parent=92223"}],"wp:term":[{"taxonomy":"category","embeddable":true,"href":"https:\/\/eltrabajo.cl\/portal\/wp-json\/wp\/v2\/categories?post=92223"},{"taxonomy":"post_tag","embeddable":true,"href":"https:\/\/eltrabajo.cl\/portal\/wp-json\/wp\/v2\/tags?post=92223"}],"curies":[{"name":"wp","href":"https:\/\/api.w.org\/{rel}","templated":true}]}}