{"id":92250,"date":"2019-05-30T05:04:18","date_gmt":"2019-05-30T09:04:18","guid":{"rendered":"http:\/\/www.eltrabajo.cl\/portal\/?p=92250"},"modified":"2019-05-29T21:29:29","modified_gmt":"2019-05-30T01:29:29","slug":"concejal-beals-pide-poner-termino-a-contrato-con-empresa-de-parquimetros","status":"publish","type":"post","link":"https:\/\/eltrabajo.cl\/portal\/concejal-beals-pide-poner-termino-a-contrato-con-empresa-de-parquimetros\/","title":{"rendered":"Concejal Beals pide poner t\u00e9rmino a contrato con empresa de parqu\u00edmetros"},"content":{"rendered":"<p><span style=\"color: #ff0000;\"><strong>Edil es partidario de no cobrar por estacionamiento:<\/strong><\/span><\/p>\n<p>El concejal Christian Beals Campos pidi\u00f3 mediante oficio en la \u00faltima sesi\u00f3n del Concejo Municipal, poner t\u00e9rmino del contrato que mantiene la municipalidad con la empresa de parqu\u00edmetros, ello debido al incumplimiento en el pago de las mensualidades convenidas en el contrato al municipio sanfelipe\u00f1o.<br \/>\nBeals reiter\u00f3 que \u00e9l no es partidario del cobro de parqu\u00edmetro a los automovilistas: \u00abLa verdad que todos saben que yo no soy partidario de tener cobros municipales por parqu\u00edmetros a los ciudadanos. Yo creo que ya est\u00e1 suficientemente comprobado que nosotros pagamos derechos en la carretera, patentes municipales y no est\u00e1n las situaciones como para hacer una actividad que sea placentera por lo menos con un veh\u00edculo, m\u00e1s encima estar pagando un estacionamiento a una empresa que no ha respondido a la municipalidad, hay que tener en consideraci\u00f3n que esta empresa se gan\u00f3 la licitaci\u00f3n b\u00e1sicamente porque el mayor porcentaje de puntos fue dado a que ten\u00edan un sueldo promedio a los cuarenta trabajadores de 650 mil pesos, cosa que hasta ahora no se ha comprobado que fue as\u00ed e incluso hay atraso en el pago de las imposiciones\u00bb, se\u00f1al\u00f3.<br \/>\n<strong>&#8211; \u00bfCu\u00e1nto atraso es ese?<\/strong><br \/>\n&#8211; Hay uno que tiene diez meses, la empresa en s\u00ed a la municipalidad pag\u00f3 diciembre y debe cinco meses, y tambi\u00e9n hay que hacer presente que la municipalidad ten\u00eda un pago de 23 millones, que a ra\u00edz de estas modificaciones de la disminuci\u00f3n de los calzos, cosa que estaba en conocimiento de ellos tambi\u00e9n, solicit\u00f3 una rebaja del 50% equivalente a 12 millones de pesos, y ellos est\u00e1n todos los d\u00edas con dineros frescos que un c\u00e1lculo aproximado de 800 calzos en esa \u00e9poca, con un 60% de ocupaci\u00f3n, m\u00ednimo ganaban 80 millones de pesos mensuales, de los cuales 30 a 40 iban destinado a pago de los funcionarios, el resto utilidad, entonces no resulta l\u00f3gico que no paguen. Le solicit\u00e9 al alcalde que haga presente la licitaci\u00f3n y haga t\u00e9rmino de contrato, porque cuando no hay un pago en un tiempo determinado se ejercen las boletas de garant\u00eda, pero esto se hab\u00eda preguntado al alcalde y no hab\u00eda tenido respuesta y hoy ya por escrito formalizando una situaci\u00f3n que nosotros no podemos obviar.<br \/>\n<strong>&#8211; \u00bfPodr\u00eda en los pr\u00f3ximos d\u00edas dejar de trabajar la empresa de parqu\u00edmetros?<\/strong><br \/>\n&#8211; Yo creo que si las cosas se dan de cierta manera determinada y hay insuficiencia de fondos, hay que pensar tambi\u00e9n que cuando empez\u00f3 esta empresa los primeros cuatro meses no pag\u00f3 y el administrador en esa \u00e9poca le dio posibilidades de pago en cuatro cheques que no fue consultado al concejo tambi\u00e9n, y eso cada vez que la municipalidad ejerce acciones sobre 500 UTM tiene que ser consultado al concejo. Bueno, ahora est\u00e1 claro que la empresa no responde y el alcalde va a tener que tomar una determinaci\u00f3n. Se le solicit\u00f3 como concejo y yo creo que estamos al t\u00e9rmino de la relaci\u00f3n, lo ideal ser\u00eda no seguir con empresa de cobros de parqu\u00edmetros en la ciudad.<br \/>\nCabe recordar que la municipalidad le dio un plazo hasta fin del mes de mayo para tener todo al d\u00eda en cuanto a imposiciones se trata.<\/p>\n<figure id=\"attachment_92251\" aria-describedby=\"caption-attachment-92251\" style=\"width: 580px\" class=\"wp-caption alignnone\"><img data-recalc-dims=\"1\" loading=\"lazy\" decoding=\"async\" class=\"size-full wp-image-92251\" src=\"https:\/\/i0.wp.com\/www.eltrabajo.cl\/portal\/wp-content\/uploads\/2019\/05\/christian-beals.jpg?resize=580%2C378\" alt=\"Christian Beals Campos, concejal de San Felipe. (Archivo)\" width=\"580\" height=\"378\" srcset=\"https:\/\/i0.wp.com\/eltrabajo.cl\/portal\/wp-content\/uploads\/2019\/05\/christian-beals.jpg?w=580&amp;ssl=1 580w, https:\/\/i0.wp.com\/eltrabajo.cl\/portal\/wp-content\/uploads\/2019\/05\/christian-beals.jpg?resize=200%2C130&amp;ssl=1 200w, https:\/\/i0.wp.com\/eltrabajo.cl\/portal\/wp-content\/uploads\/2019\/05\/christian-beals.jpg?resize=300%2C196&amp;ssl=1 300w, https:\/\/i0.wp.com\/eltrabajo.cl\/portal\/wp-content\/uploads\/2019\/05\/christian-beals.jpg?resize=230%2C150&amp;ssl=1 230w, https:\/\/i0.wp.com\/eltrabajo.cl\/portal\/wp-content\/uploads\/2019\/05\/christian-beals.jpg?resize=400%2C261&amp;ssl=1 400w\" sizes=\"auto, (max-width: 580px) 100vw, 580px\" \/><figcaption id=\"caption-attachment-92251\" class=\"wp-caption-text\">Christian Beals Campos, concejal de San Felipe. (Archivo)<\/figcaption><\/figure>\n","protected":false},"excerpt":{"rendered":"<p>Edil es partidario de no cobrar por estacionamiento: El concejal Christian Beals Campos pidi\u00f3 mediante oficio en la \u00faltima sesi\u00f3n del Concejo Municipal, poner t\u00e9rmino del contrato que mantiene la municipalidad con&#8230;<\/p>\n","protected":false},"author":482,"featured_media":92251,"comment_status":"open","ping_status":"open","sticky":false,"template":"","format":"standard","meta":{"advanced_seo_description":"","jetpack_seo_html_title":"","jetpack_seo_noindex":false,"_jetpack_memberships_contains_paid_content":false,"footnotes":""},"categories":[1],"tags":[],"class_list":["post-92250","post","type-post","status-publish","format-standard","has-post-thumbnail","hentry","category-cronica"],"jetpack_featured_media_url":"https:\/\/i0.wp.com\/eltrabajo.cl\/portal\/wp-content\/uploads\/2019\/05\/christian-beals.jpg?fit=580%2C378&ssl=1","jetpack_sharing_enabled":true,"jetpack_likes_enabled":true,"jetpack-related-posts":[],"_links":{"self":[{"href":"https:\/\/eltrabajo.cl\/portal\/wp-json\/wp\/v2\/posts\/92250","targetHints":{"allow":["GET"]}}],"collection":[{"href":"https:\/\/eltrabajo.cl\/portal\/wp-json\/wp\/v2\/posts"}],"about":[{"href":"https:\/\/eltrabajo.cl\/portal\/wp-json\/wp\/v2\/types\/post"}],"author":[{"embeddable":true,"href":"https:\/\/eltrabajo.cl\/portal\/wp-json\/wp\/v2\/users\/482"}],"replies":[{"embeddable":true,"href":"https:\/\/eltrabajo.cl\/portal\/wp-json\/wp\/v2\/comments?post=92250"}],"version-history":[{"count":0,"href":"https:\/\/eltrabajo.cl\/portal\/wp-json\/wp\/v2\/posts\/92250\/revisions"}],"wp:featuredmedia":[{"embeddable":true,"href":"https:\/\/eltrabajo.cl\/portal\/wp-json\/wp\/v2\/media\/92251"}],"wp:attachment":[{"href":"https:\/\/eltrabajo.cl\/portal\/wp-json\/wp\/v2\/media?parent=92250"}],"wp:term":[{"taxonomy":"category","embeddable":true,"href":"https:\/\/eltrabajo.cl\/portal\/wp-json\/wp\/v2\/categories?post=92250"},{"taxonomy":"post_tag","embeddable":true,"href":"https:\/\/eltrabajo.cl\/portal\/wp-json\/wp\/v2\/tags?post=92250"}],"curies":[{"name":"wp","href":"https:\/\/api.w.org\/{rel}","templated":true}]}}