{"id":92260,"date":"2019-05-31T05:00:23","date_gmt":"2019-05-31T09:00:23","guid":{"rendered":"http:\/\/www.eltrabajo.cl\/portal\/?p=92260"},"modified":"2019-05-30T20:29:48","modified_gmt":"2019-05-31T00:29:48","slug":"extranjeros-tienen-mejor-disposicion-para-atender-que-chilenos-en-sus-trabajos","status":"publish","type":"post","link":"https:\/\/eltrabajo.cl\/portal\/extranjeros-tienen-mejor-disposicion-para-atender-que-chilenos-en-sus-trabajos\/","title":{"rendered":"Extranjeros tienen mejor disposici\u00f3n para atender que chilenos en sus trabajos"},"content":{"rendered":"<p><span style=\"color: #ff0000;\"><strong>A juicio de comerciantes de San Felipe:<\/strong><\/span><\/p>\n<p>Usted que va a leer esta nota ya se ha encontrado m\u00e1s de una vez con que al ir a comprar a un establecimiento comercial, la persona que lo atiende tiene un acento especial, diferente. Ya no es novedad, pues se trata de esas miles de personas que han llegado de distintos pa\u00edses, principalmente Colombia, Venezuela, los cuales han sido empleados porque a juicio de algunos comerciantes, \u00e9stos atienden mejor al p\u00fablico que los chilenos.<br \/>\nPara comprobar lo anterior conversamos con el presidente de la C\u00e1mara de Comercio y Turismo, Ricardo Carlos Figueroa Cerda, quien al ser consultado por comentarios que le han hecho los mismos comerciantes de sus experiencias al contratar extranjeros, dijo: \u00abLa mayor\u00eda de los comerciantes encuentra que es un plus porque tienen como mejor disposici\u00f3n para atender o tienen m\u00e1s capacitaci\u00f3n en eso, pero es un fen\u00f3meno que se est\u00e1 dando a nivel nacional en todas las ciudades del pa\u00eds y es bueno, las migraciones son fen\u00f3menos mundiales y est\u00e1 afectando a todos los pa\u00edses, San Felipe no se excluye de eso\u00bb, indic\u00f3.<br \/>\n<strong>&#8211; \u00bfPero qu\u00e9 le comentan ellos, son respetuosos, la forma de tratar?<\/strong><br \/>\n&#8211; S\u00ed, mira yo creo tambi\u00e9n tiene que ver que sean respetuosos, responsables porque tienen doble desaf\u00edo, creo yo, de poder adaptarse a una nueva realidad social y lo otro son los compromisos que ellos dejan en sus pa\u00edses de origen, entonces tiene que ser pienso yo m\u00e1s abocado a las labores de trabajo.<br \/>\n<strong>&#8211; Ahora problemas que le hayan comentado de extranjer\u00eda sobre actualizaci\u00f3n de documentos.<\/strong><br \/>\n&#8211; S\u00ed, ese es un problema porque nuestras gobernaciones o intendencias no estaban preparadas para recibir esta avalancha de gente que est\u00e1 haciendo tr\u00e1mites, eso ha sido un poco engorroso por lo que yo he escuchado en general, creo que ahora hay un sistema para que pidan hora on line, eso es lo que yo supe, para poder agilizar un poco el tr\u00e1mite y poder dar cumplimiento a la documentaci\u00f3n necesaria.<br \/>\n<strong>&#8211; \u00bfPero hay buena experiencia con los extranjeros en ese sentido, con cierto grupo de extranjeros?<\/strong><br \/>\n&#8211; Exacto, porque los de la rep\u00fablica de Hait\u00ed generalmente est\u00e1n en labores agr\u00edcolas, ellos se abocan m\u00e1s a eso y los contratistas trabajan m\u00e1s con ese grupo de inmigrantes.<br \/>\n<strong>&#8211; \u00bfUstedes c\u00f3mo C\u00e1mara de Comercio est\u00e1n realizando capacitaciones o charlas a los mismos socios para que vayan cumpliendo como corresponde con lo que son las imposiciones, los contratos?<\/strong><br \/>\n&#8211; S\u00ed, hace poco, digamos unos tres meses, hubo una reuni\u00f3n de coordinaci\u00f3n; la municipalidad, la C\u00e1mara de Comercio y otras entidades como la Inspecci\u00f3n del Trabajo, que tienen que ver con todo este tema de regularizaci\u00f3n de documentos, que trabajen en coordinaci\u00f3n con ellos para que la gente que desconoce c\u00f3mo se hacen los tr\u00e1mites, algunos empresarios m\u00e1s peque\u00f1os que no tienen un staff tan completo de personal, puedan ellos orientarse y no cometer errores en la contrataci\u00f3n y en la tramitaci\u00f3n de los documentos.<\/p>\n<p><span style=\"color: #ff0000;\"><strong>ROBOS A COMERCIANTES<\/strong><\/span><br \/>\n<strong>&#8211; Presidente, el d\u00eda 10 de mayo robaron 8 millones de pesos en 41 motosierras en el local de Stihl en la avenida O\u2019Higgins, cerca de ustedes, es una opini\u00f3n com\u00fan de los comerciantes que se quejan de la poca vigilancia policial. \u00bfC\u00f3mo se puede enfrentar esa situaci\u00f3n teniendo en cuenta que un robo as\u00ed para un micropempresario es un monto importante?<\/strong><br \/>\n&#8211; S\u00ed, mira justamente estaba escuchando la noticia de la se\u00f1ora de Stihl de las motosierras y por supuesto lo mismo que yo he planteado en otras reuniones que para un peque\u00f1o negocio, un emprendedor que le roben 8 millones de pesos que a lo mejor los ten\u00eda en concesi\u00f3n o con facturas por pagar, es s\u00faper complicado, lo deja desarmado como empresario o emprendedor, y claro es una de las situaciones, generalmente el delito se estaba concentrando alrededor del centro de la ciudad, quiz\u00e1s pusieron m\u00e1s atenci\u00f3n ac\u00e1 y se moviliz\u00f3 el delito m\u00e1s a las alamedas.<br \/>\n<strong>&#8211; \u00bfC\u00f3mo eval\u00faan ustedes los patrullajes de las camionetas de seguridad?<\/strong><br \/>\n&#8211; Mira yo estuve en la reuni\u00f3n en la Gobernaci\u00f3n donde se plante\u00f3 la primera camioneta que iba a integrar hasta los doce de la noche, no es muy efectivo porque hasta esa hora generalmente no pasan los delitos, los delitos pasan de madrugada, se nos coment\u00f3 s\u00ed que van a llegar dos o tres camionetas m\u00e1s que esas las van a destinar netamente para la noche, porque creo que hay tres cosas que tienen que estar en regla: que es la capacitaci\u00f3n del personal que est\u00e1 en la noche, la habilitaci\u00f3n de tales camionetas y segundo una capacitaci\u00f3n con Carabineros y una coordinaci\u00f3n m\u00e1s estrecha con ellos a trav\u00e9s de un canal \u00fanico de radio frecuencia para ser m\u00e1s eficiente los patrullajes y dirigir donde pueda estar el delito.<\/p>\n<figure id=\"attachment_92261\" aria-describedby=\"caption-attachment-92261\" style=\"width: 580px\" class=\"wp-caption alignnone\"><img data-recalc-dims=\"1\" loading=\"lazy\" decoding=\"async\" class=\"size-full wp-image-92261\" src=\"https:\/\/i0.wp.com\/www.eltrabajo.cl\/portal\/wp-content\/uploads\/2019\/05\/Ricardo-Figueroa.jpg?resize=580%2C380\" alt=\"Ricardo Carlos Figueroa Cerda, presidente de la C\u00e1mara de Comercio y Turismo de San Felipe.\" width=\"580\" height=\"380\" srcset=\"https:\/\/i0.wp.com\/eltrabajo.cl\/portal\/wp-content\/uploads\/2019\/05\/Ricardo-Figueroa.jpg?w=580&amp;ssl=1 580w, https:\/\/i0.wp.com\/eltrabajo.cl\/portal\/wp-content\/uploads\/2019\/05\/Ricardo-Figueroa.jpg?resize=200%2C131&amp;ssl=1 200w, https:\/\/i0.wp.com\/eltrabajo.cl\/portal\/wp-content\/uploads\/2019\/05\/Ricardo-Figueroa.jpg?resize=300%2C197&amp;ssl=1 300w, https:\/\/i0.wp.com\/eltrabajo.cl\/portal\/wp-content\/uploads\/2019\/05\/Ricardo-Figueroa.jpg?resize=229%2C150&amp;ssl=1 229w, https:\/\/i0.wp.com\/eltrabajo.cl\/portal\/wp-content\/uploads\/2019\/05\/Ricardo-Figueroa.jpg?resize=400%2C262&amp;ssl=1 400w\" sizes=\"auto, (max-width: 580px) 100vw, 580px\" \/><figcaption id=\"caption-attachment-92261\" class=\"wp-caption-text\">Ricardo Carlos Figueroa Cerda, presidente de la C\u00e1mara de Comercio y Turismo de San Felipe.<\/figcaption><\/figure>\n","protected":false},"excerpt":{"rendered":"<p>A juicio de comerciantes de San Felipe: Usted que va a leer esta nota ya se ha encontrado m\u00e1s de una vez con que al ir a comprar a un establecimiento comercial,&#8230;<\/p>\n","protected":false},"author":482,"featured_media":92261,"comment_status":"open","ping_status":"open","sticky":false,"template":"","format":"standard","meta":{"advanced_seo_description":"","jetpack_seo_html_title":"","jetpack_seo_noindex":false,"_jetpack_memberships_contains_paid_content":false,"footnotes":""},"categories":[1],"tags":[],"class_list":["post-92260","post","type-post","status-publish","format-standard","has-post-thumbnail","hentry","category-cronica"],"jetpack_featured_media_url":"https:\/\/i0.wp.com\/eltrabajo.cl\/portal\/wp-content\/uploads\/2019\/05\/Ricardo-Figueroa.jpg?fit=580%2C380&ssl=1","jetpack_sharing_enabled":true,"jetpack_likes_enabled":true,"jetpack-related-posts":[],"_links":{"self":[{"href":"https:\/\/eltrabajo.cl\/portal\/wp-json\/wp\/v2\/posts\/92260","targetHints":{"allow":["GET"]}}],"collection":[{"href":"https:\/\/eltrabajo.cl\/portal\/wp-json\/wp\/v2\/posts"}],"about":[{"href":"https:\/\/eltrabajo.cl\/portal\/wp-json\/wp\/v2\/types\/post"}],"author":[{"embeddable":true,"href":"https:\/\/eltrabajo.cl\/portal\/wp-json\/wp\/v2\/users\/482"}],"replies":[{"embeddable":true,"href":"https:\/\/eltrabajo.cl\/portal\/wp-json\/wp\/v2\/comments?post=92260"}],"version-history":[{"count":0,"href":"https:\/\/eltrabajo.cl\/portal\/wp-json\/wp\/v2\/posts\/92260\/revisions"}],"wp:featuredmedia":[{"embeddable":true,"href":"https:\/\/eltrabajo.cl\/portal\/wp-json\/wp\/v2\/media\/92261"}],"wp:attachment":[{"href":"https:\/\/eltrabajo.cl\/portal\/wp-json\/wp\/v2\/media?parent=92260"}],"wp:term":[{"taxonomy":"category","embeddable":true,"href":"https:\/\/eltrabajo.cl\/portal\/wp-json\/wp\/v2\/categories?post=92260"},{"taxonomy":"post_tag","embeddable":true,"href":"https:\/\/eltrabajo.cl\/portal\/wp-json\/wp\/v2\/tags?post=92260"}],"curies":[{"name":"wp","href":"https:\/\/api.w.org\/{rel}","templated":true}]}}