{"id":92289,"date":"2019-06-03T05:00:45","date_gmt":"2019-06-03T09:00:45","guid":{"rendered":"http:\/\/www.eltrabajo.cl\/portal\/?p=92289"},"modified":"2019-06-02T20:48:48","modified_gmt":"2019-06-03T00:48:48","slug":"alcalde-patricio-freire-se-pronuncia-sobre-la-carta-a-empresarios-chinos","status":"publish","type":"post","link":"https:\/\/eltrabajo.cl\/portal\/alcalde-patricio-freire-se-pronuncia-sobre-la-carta-a-empresarios-chinos\/","title":{"rendered":"Alcalde Patricio Freire se pronuncia sobre la carta a empresarios chinos"},"content":{"rendered":"<p>Respecto a los hechos de dominio p\u00fablico conocidos esta \u00faltima semana, en espec\u00edfico de la investigaci\u00f3n sobre tr\u00e1fico de personas y la investigaci\u00f3n en contra del exalcalde y exfiscal de la comuna de Los Andes, Mauricio Navarro, el alcalde de San Felipe Patricio Freire Canto, hizo llegar a nuestra Sala de Redacci\u00f3n la presente Declaraci\u00f3n P\u00fablica:<br \/>\nAl se\u00f1or Navarro lo conoc\u00ed el a\u00f1o 2012, ambos en el ejercicio del cargo de alcalde, en ese contexto, existi\u00f3 una relaci\u00f3n cordial, como colegas alcaldes de comunas vecinas. En esta misma instancia, el se\u00f1or Navarro fue elegido presidente de la Asociaci\u00f3n de Alcaldes Quinta Cordillera, por lo que tuvo una relaci\u00f3n cercana con todos los ediles de la provincia.<br \/>\nLuego de haber dejado la alcald\u00eda, el se\u00f1or Navarro se acerc\u00f3 a esta Municipalidad a ofrecer sus servicios como abogado, los cuales se materializaron en la asesor\u00eda en materia medioambiental entre los meses de octubre, noviembre y diciembre del a\u00f1o 2017.<br \/>\nFue en esa relaci\u00f3n de prestador de servicios, que don Mauricio Navarro se dirigi\u00f3 a mi oficina con una carta de invitaci\u00f3n, se\u00f1al\u00e1ndome que estaba dirigida a empresarios chinos que vendr\u00edan a invertir en la comuna de San Felipe y en el valle de Aconcagua.Ante esta explicaci\u00f3n y con toda la buena fe, acced\u00ed a firmar el documento, confiando plenamente que la carta que estaba suscribiendo se encontraba dentro de la legalidad y adem\u00e1s confiando en la persona que me lo solicitaba, ya que hab\u00eda sido excolega y adem\u00e1s exfiscal del Ministerio P\u00fablico.<br \/>\nDebo adem\u00e1s se\u00f1alar que, en ese mismo per\u00edodo, el se\u00f1or Navarro me asesor\u00f3 legalmente en forma particular, ya que me represent\u00f3 en una querella por Injurias que finalmente se desestim\u00f3.<\/p>\n<p><span style=\"color: #ff0000;\"><strong>POL\u00c9MICA CARTA<\/strong><\/span><br \/>\nEl objetivo con el que hago esta declaraci\u00f3n es para darle un punto final a esta situaci\u00f3n y aclarar ciertas cosas que se han ventilado en los medios de comunicaci\u00f3n y que s\u00f3lo provocan confusi\u00f3n y finalmente desinformaci\u00f3n a la ciudadan\u00eda:<br \/>\n1. Lo primero que debo se\u00f1alar, es que efectivamente en un primer momento no me acordaba sobre la suscripci\u00f3n de la misiva y asumo completamente mi error respecto haber declarado sin tener todos los antecedentes en mis manos.<br \/>\n2. Lo segundo, consiste en aclarar que yo no firm\u00e9 18 cartas como lo han se\u00f1alado los medios de comunicaci\u00f3n, el modo en que el se\u00f1or Navarro oper\u00f3 fue a trav\u00e9s de enga\u00f1o, solicitando la firma de una \u00fanica carta, en donde se suscrib\u00eda la invitaci\u00f3n para 18 empresarios chinos, quienes permanecer\u00edan por diez d\u00edas en la zona.<br \/>\n3. Que el se\u00f1or Navarro s\u00f3lo me solicit\u00f3 la suscripci\u00f3n de esta \u00fanica carta.<br \/>\n4. Que nunca recib\u00ed beneficio de ning\u00fan tipo por haber suscrito la carta en cuesti\u00f3n, ya que, reitero, mi finalidad siempre fue beneficiar a la comuna a trav\u00e9s de la inversi\u00f3n que vendr\u00edan a realizar los supuesto empresarios chinos.<br \/>\nQuiero se\u00f1alar que ya he declarado en la causa sobre Tr\u00e1fico de personas en calidad de testigo y he dejado todos los antecedentes a disposici\u00f3n de la justicia para que este tema llegue a buen puerto.<br \/>\nFinalmente, y a medida que avance el curso de la investigaci\u00f3n que se est\u00e1 llevando a cabo, evaluar\u00e9 el ejercicio de eventuales acciones legales.<\/p>\n<figure id=\"attachment_92290\" aria-describedby=\"caption-attachment-92290\" style=\"width: 580px\" class=\"wp-caption alignnone\"><img data-recalc-dims=\"1\" loading=\"lazy\" decoding=\"async\" class=\"size-full wp-image-92290\" src=\"https:\/\/i0.wp.com\/www.eltrabajo.cl\/portal\/wp-content\/uploads\/2019\/06\/Carta_Patricio-Freire.jpg?resize=580%2C380\" alt=\"Patricio Freire Canto, alcalde de San Felipe.\" width=\"580\" height=\"380\" srcset=\"https:\/\/i0.wp.com\/eltrabajo.cl\/portal\/wp-content\/uploads\/2019\/06\/Carta_Patricio-Freire.jpg?w=580&amp;ssl=1 580w, https:\/\/i0.wp.com\/eltrabajo.cl\/portal\/wp-content\/uploads\/2019\/06\/Carta_Patricio-Freire.jpg?resize=200%2C131&amp;ssl=1 200w, https:\/\/i0.wp.com\/eltrabajo.cl\/portal\/wp-content\/uploads\/2019\/06\/Carta_Patricio-Freire.jpg?resize=300%2C197&amp;ssl=1 300w, https:\/\/i0.wp.com\/eltrabajo.cl\/portal\/wp-content\/uploads\/2019\/06\/Carta_Patricio-Freire.jpg?resize=229%2C150&amp;ssl=1 229w, https:\/\/i0.wp.com\/eltrabajo.cl\/portal\/wp-content\/uploads\/2019\/06\/Carta_Patricio-Freire.jpg?resize=400%2C262&amp;ssl=1 400w\" sizes=\"auto, (max-width: 580px) 100vw, 580px\" \/><figcaption id=\"caption-attachment-92290\" class=\"wp-caption-text\">Patricio Freire Canto, alcalde de San Felipe.<\/figcaption><\/figure>\n","protected":false},"excerpt":{"rendered":"<p>Respecto a los hechos de dominio p\u00fablico conocidos esta \u00faltima semana, en espec\u00edfico de la investigaci\u00f3n sobre tr\u00e1fico de personas y la investigaci\u00f3n en contra del exalcalde y exfiscal de la comuna&#8230;<\/p>\n","protected":false},"author":482,"featured_media":92290,"comment_status":"open","ping_status":"open","sticky":false,"template":"","format":"standard","meta":{"advanced_seo_description":"","jetpack_seo_html_title":"","jetpack_seo_noindex":false,"_jetpack_memberships_contains_paid_content":false,"footnotes":""},"categories":[1],"tags":[],"class_list":["post-92289","post","type-post","status-publish","format-standard","has-post-thumbnail","hentry","category-cronica"],"jetpack_featured_media_url":"https:\/\/i0.wp.com\/eltrabajo.cl\/portal\/wp-content\/uploads\/2019\/06\/Carta_Patricio-Freire.jpg?fit=580%2C380&ssl=1","jetpack_sharing_enabled":true,"jetpack_likes_enabled":true,"jetpack-related-posts":[],"_links":{"self":[{"href":"https:\/\/eltrabajo.cl\/portal\/wp-json\/wp\/v2\/posts\/92289","targetHints":{"allow":["GET"]}}],"collection":[{"href":"https:\/\/eltrabajo.cl\/portal\/wp-json\/wp\/v2\/posts"}],"about":[{"href":"https:\/\/eltrabajo.cl\/portal\/wp-json\/wp\/v2\/types\/post"}],"author":[{"embeddable":true,"href":"https:\/\/eltrabajo.cl\/portal\/wp-json\/wp\/v2\/users\/482"}],"replies":[{"embeddable":true,"href":"https:\/\/eltrabajo.cl\/portal\/wp-json\/wp\/v2\/comments?post=92289"}],"version-history":[{"count":0,"href":"https:\/\/eltrabajo.cl\/portal\/wp-json\/wp\/v2\/posts\/92289\/revisions"}],"wp:featuredmedia":[{"embeddable":true,"href":"https:\/\/eltrabajo.cl\/portal\/wp-json\/wp\/v2\/media\/92290"}],"wp:attachment":[{"href":"https:\/\/eltrabajo.cl\/portal\/wp-json\/wp\/v2\/media?parent=92289"}],"wp:term":[{"taxonomy":"category","embeddable":true,"href":"https:\/\/eltrabajo.cl\/portal\/wp-json\/wp\/v2\/categories?post=92289"},{"taxonomy":"post_tag","embeddable":true,"href":"https:\/\/eltrabajo.cl\/portal\/wp-json\/wp\/v2\/tags?post=92289"}],"curies":[{"name":"wp","href":"https:\/\/api.w.org\/{rel}","templated":true}]}}