{"id":92298,"date":"2019-06-03T05:03:05","date_gmt":"2019-06-03T09:03:05","guid":{"rendered":"http:\/\/www.eltrabajo.cl\/portal\/?p=92298"},"modified":"2019-06-02T20:51:54","modified_gmt":"2019-06-03T00:51:54","slug":"basquetbolista-local-convocada-a-la-seleccion-chilena-femenina-u14","status":"publish","type":"post","link":"https:\/\/eltrabajo.cl\/portal\/basquetbolista-local-convocada-a-la-seleccion-chilena-femenina-u14\/","title":{"rendered":"Basquetbolista local convocada a la Selecci\u00f3n chilena Femenina U14"},"content":{"rendered":"<p>En el \u00faltimo d\u00eda h\u00e1bil del mes de mayo, la Federaci\u00f3n de B\u00e1squetbol de Chile hizo p\u00fablica la convocatoria oficial de la Preseleccion chilena femenina U14. El combinado que concentrar\u00e1 en el Centro de Entrenamiento Ol\u00edmpico (CEO) entre el jueves 6 al 9 domingo de junio pr\u00f3ximos. Dentro de la nomina dada a conocer por el ente rector de los cestos nacionales, destaca la presencia de la adolescente aconcag\u00fcina Amaya V\u00e9liz Pastri\u00e1n, en representaci\u00f3n de la Asociaci\u00f3n de San Felipe.<br \/>\nEl actual proceso de este selecto grupo de deportistas, que en la actualidad integran 16 ni\u00f1as, apunta al Sudamericano femenino Sub14, en el cual el combinado nacional espera posicionarse dentro de los mejores en el concierto de esta parte del continente americano.<\/p>\n<figure id=\"attachment_92299\" aria-describedby=\"caption-attachment-92299\" style=\"width: 580px\" class=\"wp-caption alignnone\"><img data-recalc-dims=\"1\" loading=\"lazy\" decoding=\"async\" class=\"size-full wp-image-92299\" src=\"https:\/\/i0.wp.com\/www.eltrabajo.cl\/portal\/wp-content\/uploads\/2019\/06\/amaya-veliz.jpg?resize=580%2C378\" alt=\"Este jueves Amaya V\u00e9liz se integrar\u00e1 a los trabajos de la Selecci\u00f3n chilena U14. \" width=\"580\" height=\"378\" srcset=\"https:\/\/i0.wp.com\/eltrabajo.cl\/portal\/wp-content\/uploads\/2019\/06\/amaya-veliz.jpg?w=580&amp;ssl=1 580w, https:\/\/i0.wp.com\/eltrabajo.cl\/portal\/wp-content\/uploads\/2019\/06\/amaya-veliz.jpg?resize=200%2C130&amp;ssl=1 200w, https:\/\/i0.wp.com\/eltrabajo.cl\/portal\/wp-content\/uploads\/2019\/06\/amaya-veliz.jpg?resize=300%2C196&amp;ssl=1 300w, https:\/\/i0.wp.com\/eltrabajo.cl\/portal\/wp-content\/uploads\/2019\/06\/amaya-veliz.jpg?resize=230%2C150&amp;ssl=1 230w, https:\/\/i0.wp.com\/eltrabajo.cl\/portal\/wp-content\/uploads\/2019\/06\/amaya-veliz.jpg?resize=400%2C261&amp;ssl=1 400w\" sizes=\"auto, (max-width: 580px) 100vw, 580px\" \/><figcaption id=\"caption-attachment-92299\" class=\"wp-caption-text\">Este jueves Amaya V\u00e9liz se integrar\u00e1 a los trabajos de la Selecci\u00f3n chilena U14.<\/figcaption><\/figure>\n","protected":false},"excerpt":{"rendered":"<p>En el \u00faltimo d\u00eda h\u00e1bil del mes de mayo, la Federaci\u00f3n de B\u00e1squetbol de Chile hizo p\u00fablica la convocatoria oficial de la Preseleccion chilena femenina U14. El combinado que concentrar\u00e1 en el&#8230;<\/p>\n","protected":false},"author":482,"featured_media":92299,"comment_status":"open","ping_status":"open","sticky":false,"template":"","format":"standard","meta":{"advanced_seo_description":"","jetpack_seo_html_title":"","jetpack_seo_noindex":false,"_jetpack_memberships_contains_paid_content":false,"footnotes":""},"categories":[19],"tags":[],"class_list":["post-92298","post","type-post","status-publish","format-standard","has-post-thumbnail","hentry","category-deportes"],"jetpack_featured_media_url":"https:\/\/i0.wp.com\/eltrabajo.cl\/portal\/wp-content\/uploads\/2019\/06\/amaya-veliz.jpg?fit=580%2C378&ssl=1","jetpack_sharing_enabled":true,"jetpack_likes_enabled":true,"jetpack-related-posts":[],"_links":{"self":[{"href":"https:\/\/eltrabajo.cl\/portal\/wp-json\/wp\/v2\/posts\/92298","targetHints":{"allow":["GET"]}}],"collection":[{"href":"https:\/\/eltrabajo.cl\/portal\/wp-json\/wp\/v2\/posts"}],"about":[{"href":"https:\/\/eltrabajo.cl\/portal\/wp-json\/wp\/v2\/types\/post"}],"author":[{"embeddable":true,"href":"https:\/\/eltrabajo.cl\/portal\/wp-json\/wp\/v2\/users\/482"}],"replies":[{"embeddable":true,"href":"https:\/\/eltrabajo.cl\/portal\/wp-json\/wp\/v2\/comments?post=92298"}],"version-history":[{"count":0,"href":"https:\/\/eltrabajo.cl\/portal\/wp-json\/wp\/v2\/posts\/92298\/revisions"}],"wp:featuredmedia":[{"embeddable":true,"href":"https:\/\/eltrabajo.cl\/portal\/wp-json\/wp\/v2\/media\/92299"}],"wp:attachment":[{"href":"https:\/\/eltrabajo.cl\/portal\/wp-json\/wp\/v2\/media?parent=92298"}],"wp:term":[{"taxonomy":"category","embeddable":true,"href":"https:\/\/eltrabajo.cl\/portal\/wp-json\/wp\/v2\/categories?post=92298"},{"taxonomy":"post_tag","embeddable":true,"href":"https:\/\/eltrabajo.cl\/portal\/wp-json\/wp\/v2\/tags?post=92298"}],"curies":[{"name":"wp","href":"https:\/\/api.w.org\/{rel}","templated":true}]}}