{"id":92320,"date":"2019-06-04T05:01:58","date_gmt":"2019-06-04T09:01:58","guid":{"rendered":"http:\/\/www.eltrabajo.cl\/portal\/?p=92320"},"modified":"2019-06-03T21:36:30","modified_gmt":"2019-06-04T01:36:30","slug":"municipio-pedira-a-la-uoct-modificaciones-sustanciales-para-los-semaforos","status":"publish","type":"post","link":"https:\/\/eltrabajo.cl\/portal\/municipio-pedira-a-la-uoct-modificaciones-sustanciales-para-los-semaforos\/","title":{"rendered":"Municipio pedir\u00e1 a la UOCT modificaciones sustanciales para los sem\u00e1foros"},"content":{"rendered":"<p><span style=\"color: #ff0000;\"><strong>Siguen accidentes en Avenida O\u00b4Higgins con Maip\u00fa:<\/strong><\/span><\/p>\n<p>Durante la semana pasada la Municipalidad de San Felipe sostuvo una reuni\u00f3n con la UOCT (Unidad Operativa de Control de Tr\u00e1nsito), quienes son los que autorizan los proyectos de semaforizaci\u00f3n para la comuna, donde le hicieron ver los problemas que ha generado la operatividad del sistema en la intersecci\u00f3n de las Avenida O\u2019Higgins con Avenida Maip\u00fa, dada la gran cantidad de colisiones que se han producido en el lugar. Algo que ha afectado mucho a los usuarios y tambi\u00e9n a personas que han resultado heridas producto de estos accidentes.<br \/>\nAl respecto el director del Tr\u00e1nsito de San Felipe, Guillermo Orellana, dijo que la UOCT tom\u00f3 conocimiento de la situaci\u00f3n a trav\u00e9s \u00abde todos los antecedentes e informes que les entregamos, vamos a tener una reuni\u00f3n desde el punto de vista de Carabineros y todas las autoridades en el sentido del municipio, el \u00e1rea territorial y junto con la UOCT el d\u00eda 19 de junio, ac\u00e1 en San Felipe, para revisar y analizar todos estos puntos que generan algunos inconvenientes y afectan mucho a la comunidad. Existe la posibilidad de generar algunos cambios, especialmente vamos a ver con la apertura del acceso hacia el ingreso de la ruta que est\u00e1 proyectada, para generar indudablemente los movimientos internos de esta intersecci\u00f3n. Yo creo que van a haber algunas modificaciones en ese aspecto y justamente con el inicio del plan de mejora de tr\u00e1nsito que tambi\u00e9n va a generar en todo el eje Maip\u00fa la nueva red de instalaci\u00f3n de sem\u00e1foros que contempla el proyecto\u00bb, se\u00f1al\u00f3.<br \/>\nConsultado por lo que se dijo en su momento de la construcci\u00f3n de bay pass por detr\u00e1s del cuartel de bomberos de la Segunda Compa\u00f1\u00eda, el director de Tr\u00e1nsito indic\u00f3 que eso era un anteproyecto que estaba dado: \u00abNo hay ninguna de las alternativas que se generan en esta soluci\u00f3n de los problema de viraje, todas son posibles, vamos a colocar se\u00f1al\u00e9tica que permite estos bay pass que van a depender del usuario, de las que pueda hacer uso del punto de vista de seguridad vial, pero a su vez tambi\u00e9n vamos a tratar de seguir insistiendo en la tercera fase para el proyecto requiere ambas soluciones est\u00e1n planteadas a la UOCT y esperamos en este reuni\u00f3n del d\u00eda 19 de junio concretarla y llegar por lo menos a entregarle una nueva funcionalidad a la comunidad y tenga m\u00e1s confianza en el atravieso en ese sector.<br \/>\n<strong>&#8211; \u00bfQu\u00e9 modificaciones proponen ustedes?<\/strong><br \/>\n&#8211; Principlamente es pedirle a UOCT que nos permita una tercera fase.<br \/>\n<strong>&#8211; \u00bfQu\u00e9 significa tercera fase?<\/strong><br \/>\n&#8211; Que t\u00fa generas un nuevo movimiento con cambios sustanciales al programa y al sistema de control del sem\u00e1foro.<br \/>\n<strong>&#8211; En la pr\u00e1ctica c\u00f3mo se ver\u00eda eso.<\/strong><br \/>\n&#8211; Que tendr\u00edamos luz verde para tres veces pasada de veh\u00edculo y hoy en d\u00eda existen dos y eso ser\u00eda bastante positivo. Segundo conseguimos, dado que el eje de Maip\u00fa tambi\u00e9n ten\u00eda dos fase, logramos que en Santo Domingo y Freire que son las nuevas rutas, tengan tercera fase establecida en el cruce de sem\u00e1foros, por lo tanto eso tambi\u00e9n se va incorporar, se tiene que implementar y las intersecciones que actualmente est\u00e1n vigentes de Prat con Maip\u00fa y Merced con Maip\u00fa van a quedar sin restricci\u00f3n para el viraje, por tanto las personas pueden permitir el viraje y eso es lo que estamos haciendo.<br \/>\nCabe recordar que durante este fin de semana se produjo el \u00faltimo accidente de tr\u00e1nsito en la avenida O\u2019Higgins con Maip\u00fa.<\/p>\n<figure id=\"attachment_92321\" aria-describedby=\"caption-attachment-92321\" style=\"width: 580px\" class=\"wp-caption alignnone\"><img data-recalc-dims=\"1\" loading=\"lazy\" decoding=\"async\" class=\"size-full wp-image-92321\" src=\"https:\/\/i0.wp.com\/www.eltrabajo.cl\/portal\/wp-content\/uploads\/2019\/06\/Guillermo-Orellana.jpg?resize=580%2C380\" alt=\"Guilermo Orellana, director de Tr\u00e1nsito de la Municipalidad de San Felipe.\" width=\"580\" height=\"380\" srcset=\"https:\/\/i0.wp.com\/eltrabajo.cl\/portal\/wp-content\/uploads\/2019\/06\/Guillermo-Orellana.jpg?w=580&amp;ssl=1 580w, https:\/\/i0.wp.com\/eltrabajo.cl\/portal\/wp-content\/uploads\/2019\/06\/Guillermo-Orellana.jpg?resize=200%2C131&amp;ssl=1 200w, https:\/\/i0.wp.com\/eltrabajo.cl\/portal\/wp-content\/uploads\/2019\/06\/Guillermo-Orellana.jpg?resize=300%2C197&amp;ssl=1 300w, https:\/\/i0.wp.com\/eltrabajo.cl\/portal\/wp-content\/uploads\/2019\/06\/Guillermo-Orellana.jpg?resize=229%2C150&amp;ssl=1 229w, https:\/\/i0.wp.com\/eltrabajo.cl\/portal\/wp-content\/uploads\/2019\/06\/Guillermo-Orellana.jpg?resize=400%2C262&amp;ssl=1 400w\" sizes=\"auto, (max-width: 580px) 100vw, 580px\" \/><figcaption id=\"caption-attachment-92321\" class=\"wp-caption-text\">Guilermo Orellana, director de Tr\u00e1nsito de la Municipalidad de San Felipe.<\/figcaption><\/figure>\n","protected":false},"excerpt":{"rendered":"<p>Siguen accidentes en Avenida O\u00b4Higgins con Maip\u00fa: Durante la semana pasada la Municipalidad de San Felipe sostuvo una reuni\u00f3n con la UOCT (Unidad Operativa de Control de Tr\u00e1nsito), quienes son los que&#8230;<\/p>\n","protected":false},"author":482,"featured_media":92321,"comment_status":"open","ping_status":"open","sticky":false,"template":"","format":"standard","meta":{"advanced_seo_description":"","jetpack_seo_html_title":"","jetpack_seo_noindex":false,"_jetpack_memberships_contains_paid_content":false,"footnotes":""},"categories":[1],"tags":[],"class_list":["post-92320","post","type-post","status-publish","format-standard","has-post-thumbnail","hentry","category-cronica"],"jetpack_featured_media_url":"https:\/\/i0.wp.com\/eltrabajo.cl\/portal\/wp-content\/uploads\/2019\/06\/Guillermo-Orellana.jpg?fit=580%2C380&ssl=1","jetpack_sharing_enabled":true,"jetpack_likes_enabled":true,"jetpack-related-posts":[],"_links":{"self":[{"href":"https:\/\/eltrabajo.cl\/portal\/wp-json\/wp\/v2\/posts\/92320","targetHints":{"allow":["GET"]}}],"collection":[{"href":"https:\/\/eltrabajo.cl\/portal\/wp-json\/wp\/v2\/posts"}],"about":[{"href":"https:\/\/eltrabajo.cl\/portal\/wp-json\/wp\/v2\/types\/post"}],"author":[{"embeddable":true,"href":"https:\/\/eltrabajo.cl\/portal\/wp-json\/wp\/v2\/users\/482"}],"replies":[{"embeddable":true,"href":"https:\/\/eltrabajo.cl\/portal\/wp-json\/wp\/v2\/comments?post=92320"}],"version-history":[{"count":0,"href":"https:\/\/eltrabajo.cl\/portal\/wp-json\/wp\/v2\/posts\/92320\/revisions"}],"wp:featuredmedia":[{"embeddable":true,"href":"https:\/\/eltrabajo.cl\/portal\/wp-json\/wp\/v2\/media\/92321"}],"wp:attachment":[{"href":"https:\/\/eltrabajo.cl\/portal\/wp-json\/wp\/v2\/media?parent=92320"}],"wp:term":[{"taxonomy":"category","embeddable":true,"href":"https:\/\/eltrabajo.cl\/portal\/wp-json\/wp\/v2\/categories?post=92320"},{"taxonomy":"post_tag","embeddable":true,"href":"https:\/\/eltrabajo.cl\/portal\/wp-json\/wp\/v2\/tags?post=92320"}],"curies":[{"name":"wp","href":"https:\/\/api.w.org\/{rel}","templated":true}]}}