{"id":92326,"date":"2019-06-04T05:03:04","date_gmt":"2019-06-04T09:03:04","guid":{"rendered":"http:\/\/www.eltrabajo.cl\/portal\/?p=92326"},"modified":"2019-06-03T21:40:33","modified_gmt":"2019-06-04T01:40:33","slug":"entre-50-a-80-por-ciento-de-adhesion-alcanzo-el-paro-de-los-profesores","status":"publish","type":"post","link":"https:\/\/eltrabajo.cl\/portal\/entre-50-a-80-por-ciento-de-adhesion-alcanzo-el-paro-de-los-profesores\/","title":{"rendered":"Entre 50 a 80 por ciento de adhesi\u00f3n alcanz\u00f3 el Paro de los profesores"},"content":{"rendered":"<ul>\n<li><strong>Significativo apoyo de docentes fue estimado en un 80 por ciento por el Magisterio, en tanto para la DAEM habr\u00eda sido inferior al 50 por ciento.<\/strong><\/li>\n<\/ul>\n<p>Un n\u00famero importante de profesores de establecimientos educacionales municipalizados de San Felipe se adhirieron al paro convocado a nivel nacional por el Colegio de Profesores.<br \/>\nEn San Felipe se reunieron en la \u2018Casa del Maestro\u2019 ubicada en calle Carlos Condell N\u00famero 61, donde debatieron sobre los principales motivos de la movilizaci\u00f3n.<br \/>\nAl respecto el presidente provincial del Colegio de Profesores, Juan Iturrieta, al momento de referirse a las principales demandas que dan origen a esta movilizaci\u00f3n, dijo lo siguiente: \u00abNuestro petitorio se arrastra desde hace ya un a\u00f1o, se hizo el 2018, eran doce puntos, pero al final la asamblea nacional acord\u00f3 una situaci\u00f3n de seis a ocho puntos que son los principales o los que m\u00e1s nos afectan, entre ellos tenemos el problema de lo que es la menci\u00f3n de las parvularias y de las profesoras diferenciales; tenemos el problema de las horas no lectivas, el agobio laboral dentro de las escuelas, esto es a nivel nacional, quiz\u00e1s nosotros a nivel comunal muchos de estos puntos como lo conversaba con don Iv\u00e1n Silva (director de la DAEM) no est\u00e1n afectando, pero s\u00ed hay problemas tambi\u00e9n en nuestra comuna. Otra situaci\u00f3n a nivel nacional que a nosotros durante mucho tiempo nos ha perseguido m\u00e1s de treinta a\u00f1os, es la famosa deuda hist\u00f3rica, que la cual en este momento es una situaci\u00f3n que yo creo que m\u00e1s que una deuda de plata es una deuda con el magisterio&#8230; el Estado de Chile tiene una deuda con sus profesores que educaron a toda una generaci\u00f3n\u00bb, indic\u00f3 el dirigente.<br \/>\nEn cuanto a porcentaje de paralizaci\u00f3n en San Felipe, el dirigente indic\u00f3 que \u00e9ste alcanz\u00f3 a un 80 por ciento: \u00abPorque el Liceo de Ni\u00f1as se vino completamente, del Bicentenario Cordillera viene un n\u00famero importante de profesores, no todos, yo estuve el viernes con la profesora que est\u00e1 a cargo de la coordinaci\u00f3n, all\u00e1 me hablaba de 30 a 32 profesores, entonces tambi\u00e9n es un n\u00famero importante de profesores del Cordillera\u00bb, se\u00f1al\u00f3 Iturrieta.<br \/>\n<strong>&#8211; \u00bfCu\u00e1ntos d\u00edas dura este paro?<\/strong><br \/>\n&#8211; Ojala que esto dure hasta ma\u00f1ana (hoy), una porque nosotros los profesores nos debemos a nuestros alumnos, a nuestros apoderados. Yo creo que siga este conflicto, que avance este conflicto en el tiempo, no es beneficioso ni para nosotros ni para la comunidad escolar.<br \/>\n<strong>&#8211; Profesor, \u00bfqu\u00e9 le decimos a la comunidad, que ma\u00f1ana (hoy) mande a sus hijos a los establecimientos educacionales municipalizados o no?<\/strong><br \/>\n&#8211; En casi todas las escuelas de los que estamos ac\u00e1 se avis\u00f3 que lunes y martes no hay actividades, pero si los ni\u00f1os tienen que ir para recibir toda la asistencialidad (alimentaci\u00f3n), entonces todo eso est\u00e1 garantizado, ahora cualquier resoluci\u00f3n que se tome a nivel comunal, ma\u00f1ana (hoy) lo vamos a ver una vez que realice la marcha provincial que est\u00e1 en horario en una de la tarde. Ma\u00f1ana (hoy) es el d\u00eda de la marcha, comunal, provincial y regional, y el d\u00eda jueves si esto contin\u00faa habr\u00eda una marcha nacional en Santiago y bueno esperemos que no tengamos que llegar all\u00e1.<br \/>\nPor su parte el director del DAEM, Iv\u00e1n Silva Padilla, dijo lo siguiente: \u00abHay siete escuelas que no van a paro y el resto de las escuelas van en porcentaje de un 10% a 20% hasta un paro total. El acuerdo de los que fueron a paro total es volver el d\u00eda mi\u00e9rcoles a trabajar, ese es el compromiso con los directores; adhesi\u00f3n al paro d\u00eda lunes y martes, el mi\u00e9rcoles se reintegran a trabajar, hay una marcha que no se sabe si es en Santiago o ac\u00e1, no lo s\u00e9, voy a hablar con don Juan Iturrieta ya estuvimos con \u00e9l en una reuni\u00f3n, ac\u00e1 se est\u00e1 trabajando en un promedio normal, hay escuelas donde han ido ni\u00f1os, en otras muy pocos ni\u00f1os, pero en la parte de alimentaci\u00f3n es un compromiso adquirido por todos los directores, en todas est\u00e1 trabajando la plana directiva\u00bb, indic\u00f3.<br \/>\nFinalmente al ser consultado sobre el porcentaje de adhesi\u00f3n, se\u00f1al\u00f3: \u00abYo dir\u00eda que bajo el 50 por ciento\u00bb.<\/p>\n<figure id=\"attachment_92327\" aria-describedby=\"caption-attachment-92327\" style=\"width: 580px\" class=\"wp-caption alignnone\"><img data-recalc-dims=\"1\" loading=\"lazy\" decoding=\"async\" class=\"size-full wp-image-92327\" src=\"https:\/\/i0.wp.com\/www.eltrabajo.cl\/portal\/wp-content\/uploads\/2019\/06\/Paro-Asamblea.jpg?resize=580%2C380\" alt=\"Una participaci\u00f3n significativa de profesores alcanz\u00f3 el Paro, los cuales se reunieron al interior de la Casa del Maestro de calle Carlos Condell.\" width=\"580\" height=\"380\" srcset=\"https:\/\/i0.wp.com\/eltrabajo.cl\/portal\/wp-content\/uploads\/2019\/06\/Paro-Asamblea.jpg?w=580&amp;ssl=1 580w, https:\/\/i0.wp.com\/eltrabajo.cl\/portal\/wp-content\/uploads\/2019\/06\/Paro-Asamblea.jpg?resize=200%2C131&amp;ssl=1 200w, https:\/\/i0.wp.com\/eltrabajo.cl\/portal\/wp-content\/uploads\/2019\/06\/Paro-Asamblea.jpg?resize=300%2C197&amp;ssl=1 300w, https:\/\/i0.wp.com\/eltrabajo.cl\/portal\/wp-content\/uploads\/2019\/06\/Paro-Asamblea.jpg?resize=229%2C150&amp;ssl=1 229w, https:\/\/i0.wp.com\/eltrabajo.cl\/portal\/wp-content\/uploads\/2019\/06\/Paro-Asamblea.jpg?resize=400%2C262&amp;ssl=1 400w\" sizes=\"auto, (max-width: 580px) 100vw, 580px\" \/><figcaption id=\"caption-attachment-92327\" class=\"wp-caption-text\">Una participaci\u00f3n significativa de profesores alcanz\u00f3 el Paro, los cuales se reunieron al interior de la Casa del Maestro de calle Carlos Condell.<\/figcaption><\/figure>\n<figure id=\"attachment_92329\" aria-describedby=\"caption-attachment-92329\" style=\"width: 580px\" class=\"wp-caption alignnone\"><img data-recalc-dims=\"1\" loading=\"lazy\" decoding=\"async\" class=\"size-full wp-image-92329\" src=\"https:\/\/i0.wp.com\/www.eltrabajo.cl\/portal\/wp-content\/uploads\/2019\/06\/Paro-Juan-Iturrieta.jpg?resize=580%2C379\" alt=\"Juan Iturrieta, presidente provincial del Colegio de Profesores.\" width=\"580\" height=\"379\" srcset=\"https:\/\/i0.wp.com\/eltrabajo.cl\/portal\/wp-content\/uploads\/2019\/06\/Paro-Juan-Iturrieta.jpg?w=580&amp;ssl=1 580w, https:\/\/i0.wp.com\/eltrabajo.cl\/portal\/wp-content\/uploads\/2019\/06\/Paro-Juan-Iturrieta.jpg?resize=200%2C131&amp;ssl=1 200w, https:\/\/i0.wp.com\/eltrabajo.cl\/portal\/wp-content\/uploads\/2019\/06\/Paro-Juan-Iturrieta.jpg?resize=300%2C196&amp;ssl=1 300w, https:\/\/i0.wp.com\/eltrabajo.cl\/portal\/wp-content\/uploads\/2019\/06\/Paro-Juan-Iturrieta.jpg?resize=230%2C150&amp;ssl=1 230w, https:\/\/i0.wp.com\/eltrabajo.cl\/portal\/wp-content\/uploads\/2019\/06\/Paro-Juan-Iturrieta.jpg?resize=400%2C261&amp;ssl=1 400w\" sizes=\"auto, (max-width: 580px) 100vw, 580px\" \/><figcaption id=\"caption-attachment-92329\" class=\"wp-caption-text\">Juan Iturrieta, presidente provincial del Colegio de Profesores.<\/figcaption><\/figure>\n<figure id=\"attachment_92328\" aria-describedby=\"caption-attachment-92328\" style=\"width: 580px\" class=\"wp-caption alignnone\"><img data-recalc-dims=\"1\" loading=\"lazy\" decoding=\"async\" class=\"size-full wp-image-92328\" src=\"https:\/\/i0.wp.com\/www.eltrabajo.cl\/portal\/wp-content\/uploads\/2019\/06\/Paro-Iv%C3%A1n-Silva..jpg?resize=580%2C379\" alt=\"El director de la DAEM, Iv\u00e1n Silva, estim\u00f3 que el porcentaje de adhesi\u00f3n al Paro no super\u00f3 el 50 por ciento. \" width=\"580\" height=\"379\" srcset=\"https:\/\/i0.wp.com\/eltrabajo.cl\/portal\/wp-content\/uploads\/2019\/06\/Paro-Iv%C3%A1n-Silva..jpg?w=580&amp;ssl=1 580w, https:\/\/i0.wp.com\/eltrabajo.cl\/portal\/wp-content\/uploads\/2019\/06\/Paro-Iv%C3%A1n-Silva..jpg?resize=200%2C131&amp;ssl=1 200w, https:\/\/i0.wp.com\/eltrabajo.cl\/portal\/wp-content\/uploads\/2019\/06\/Paro-Iv%C3%A1n-Silva..jpg?resize=300%2C196&amp;ssl=1 300w, https:\/\/i0.wp.com\/eltrabajo.cl\/portal\/wp-content\/uploads\/2019\/06\/Paro-Iv%C3%A1n-Silva..jpg?resize=230%2C150&amp;ssl=1 230w, https:\/\/i0.wp.com\/eltrabajo.cl\/portal\/wp-content\/uploads\/2019\/06\/Paro-Iv%C3%A1n-Silva..jpg?resize=400%2C261&amp;ssl=1 400w\" sizes=\"auto, (max-width: 580px) 100vw, 580px\" \/><figcaption id=\"caption-attachment-92328\" class=\"wp-caption-text\">El director de la DAEM, Iv\u00e1n Silva, estim\u00f3 que el porcentaje de adhesi\u00f3n al Paro no super\u00f3 el 50 por ciento.<\/figcaption><\/figure>\n<figure id=\"attachment_92330\" aria-describedby=\"caption-attachment-92330\" style=\"width: 580px\" class=\"wp-caption alignnone\"><img data-recalc-dims=\"1\" loading=\"lazy\" decoding=\"async\" class=\"size-full wp-image-92330\" src=\"https:\/\/i0.wp.com\/www.eltrabajo.cl\/portal\/wp-content\/uploads\/2019\/06\/Paro-Pliego.jpg?resize=580%2C688\" alt=\"Ac\u00e1 vemos el pliego de peticiones de los profesores.\" width=\"580\" height=\"688\" srcset=\"https:\/\/i0.wp.com\/eltrabajo.cl\/portal\/wp-content\/uploads\/2019\/06\/Paro-Pliego.jpg?w=580&amp;ssl=1 580w, https:\/\/i0.wp.com\/eltrabajo.cl\/portal\/wp-content\/uploads\/2019\/06\/Paro-Pliego.jpg?resize=126%2C150&amp;ssl=1 126w, https:\/\/i0.wp.com\/eltrabajo.cl\/portal\/wp-content\/uploads\/2019\/06\/Paro-Pliego.jpg?resize=253%2C300&amp;ssl=1 253w, https:\/\/i0.wp.com\/eltrabajo.cl\/portal\/wp-content\/uploads\/2019\/06\/Paro-Pliego.jpg?resize=400%2C474&amp;ssl=1 400w\" sizes=\"auto, (max-width: 580px) 100vw, 580px\" \/><figcaption id=\"caption-attachment-92330\" class=\"wp-caption-text\">Ac\u00e1 vemos el pliego de peticiones de los profesores.<\/figcaption><\/figure>\n","protected":false},"excerpt":{"rendered":"<p>Significativo apoyo de docentes fue estimado en un 80 por ciento por el Magisterio, en tanto para la DAEM habr\u00eda sido inferior al 50 por ciento. Un n\u00famero importante de profesores de&#8230;<\/p>\n","protected":false},"author":482,"featured_media":92327,"comment_status":"open","ping_status":"open","sticky":false,"template":"","format":"standard","meta":{"advanced_seo_description":"","jetpack_seo_html_title":"","jetpack_seo_noindex":false,"_jetpack_memberships_contains_paid_content":false,"footnotes":""},"categories":[1],"tags":[],"class_list":["post-92326","post","type-post","status-publish","format-standard","has-post-thumbnail","hentry","category-cronica"],"jetpack_featured_media_url":"https:\/\/i0.wp.com\/eltrabajo.cl\/portal\/wp-content\/uploads\/2019\/06\/Paro-Asamblea.jpg?fit=580%2C380&ssl=1","jetpack_sharing_enabled":true,"jetpack_likes_enabled":true,"jetpack-related-posts":[],"_links":{"self":[{"href":"https:\/\/eltrabajo.cl\/portal\/wp-json\/wp\/v2\/posts\/92326","targetHints":{"allow":["GET"]}}],"collection":[{"href":"https:\/\/eltrabajo.cl\/portal\/wp-json\/wp\/v2\/posts"}],"about":[{"href":"https:\/\/eltrabajo.cl\/portal\/wp-json\/wp\/v2\/types\/post"}],"author":[{"embeddable":true,"href":"https:\/\/eltrabajo.cl\/portal\/wp-json\/wp\/v2\/users\/482"}],"replies":[{"embeddable":true,"href":"https:\/\/eltrabajo.cl\/portal\/wp-json\/wp\/v2\/comments?post=92326"}],"version-history":[{"count":0,"href":"https:\/\/eltrabajo.cl\/portal\/wp-json\/wp\/v2\/posts\/92326\/revisions"}],"wp:featuredmedia":[{"embeddable":true,"href":"https:\/\/eltrabajo.cl\/portal\/wp-json\/wp\/v2\/media\/92327"}],"wp:attachment":[{"href":"https:\/\/eltrabajo.cl\/portal\/wp-json\/wp\/v2\/media?parent=92326"}],"wp:term":[{"taxonomy":"category","embeddable":true,"href":"https:\/\/eltrabajo.cl\/portal\/wp-json\/wp\/v2\/categories?post=92326"},{"taxonomy":"post_tag","embeddable":true,"href":"https:\/\/eltrabajo.cl\/portal\/wp-json\/wp\/v2\/tags?post=92326"}],"curies":[{"name":"wp","href":"https:\/\/api.w.org\/{rel}","templated":true}]}}