{"id":92336,"date":"2019-06-05T05:00:25","date_gmt":"2019-06-05T09:00:25","guid":{"rendered":"http:\/\/www.eltrabajo.cl\/portal\/?p=92336"},"modified":"2019-06-04T20:59:49","modified_gmt":"2019-06-05T00:59:49","slug":"conozca-cuales-son-las-calles-por-donde-podra-ingresar-la-locomocion-colectiva-rural-al-centro","status":"publish","type":"post","link":"https:\/\/eltrabajo.cl\/portal\/conozca-cuales-son-las-calles-por-donde-podra-ingresar-la-locomocion-colectiva-rural-al-centro\/","title":{"rendered":"Conozca cu\u00e1les son las calles por donde podr\u00e1 ingresar la locomoci\u00f3n colectiva rural al centro"},"content":{"rendered":"<p>Mucho se ha hablado sobre la implementaci\u00f3n del Plan Maestro de Gesti\u00f3n de Tr\u00e1nsito, especialmente que la locomoci\u00f3n colectiva va a subir por calle Freire. Sin embargo qu\u00e9 va a pasar con la locomoci\u00f3n rural, esa que viene del sector de Quebrada Herrera. Pues bien, desde la Direcci\u00f3n de Tr\u00e1nsito de la municipalidad de San Felipe indicaron que ser\u00e1n cuatro las calles por donde podr\u00e1 ingresar la locomoci\u00f3n rural al centro de San Felipe: Traslavi\u00f1a, Portus, Santo Domingo y Freire.<br \/>\nAl respecto el director de Tr\u00e1nsito, Guillermo Orellana, dijo que iban a realizar una reuni\u00f3n con el transporte p\u00fablico durante la semana: \u00abA trav\u00e9s del ministerio, el ministerio los va a citar, est\u00e1 programado para esta semana y siguiente de reunirse con la locomoci\u00f3n mayor y locomoci\u00f3n menor para indicarles cu\u00e1les son las rutas que ellos van a elegir de acuerdo a esta nueva modalidad de los servicios conformes al plan de tr\u00e1nsito que va a operar\u00bb, se\u00f1al\u00f3.<br \/>\n<strong>&#8211; \u00bfQui\u00e9n va a elegir, los mismos due\u00f1os de los buses?<\/strong><br \/>\n&#8211; No&#8230; no, la elecci\u00f3n en los servicios urbanos, ellos eligen la ruta, los servicios rurales es el municipio que les acepta la ruta a propuesta para entregarle a la Seremi.<br \/>\n<strong>&#8211; \u00bfCu\u00e1l es la propuesta?<\/strong><br \/>\n&#8211; No conocemos ninguna de los operadores del transporte p\u00fablico porque ellos est\u00e1n en una propuesta distinta a generar. En el caso de los taxis colectivos generar cierta sectorizaci\u00f3n por cada servicio que el tema es de ellos, ellos ver\u00e1n c\u00f3mo, ellos tienen que tener claro que esas son las v\u00edas y ya hemos tenido reuniones con ellos y le hemos dicho estas son las v\u00edas para el transporte p\u00fablico de colectivos.<br \/>\n<strong>&#8211; \u00bfCu\u00e1les son esas calles? \u00bfFreire por ejemplo?<\/strong><br \/>\n&#8211; Freire, Santo Domingo, Traslavi\u00f1a y Portus, esas son las calles que ellos (transporte rural) eligen para ingresar al sector central de la ciudad.<\/p>\n<figure id=\"attachment_92337\" aria-describedby=\"caption-attachment-92337\" style=\"width: 580px\" class=\"wp-caption alignnone\"><img data-recalc-dims=\"1\" loading=\"lazy\" decoding=\"async\" class=\"size-full wp-image-92337\" src=\"https:\/\/i0.wp.com\/www.eltrabajo.cl\/portal\/wp-content\/uploads\/2019\/06\/Guillermo-Orellana-1.jpg?resize=580%2C379\" alt=\"Guillermo Orellana, director de Tr\u00e1nsito de San Felipe.\" width=\"580\" height=\"379\" srcset=\"https:\/\/i0.wp.com\/eltrabajo.cl\/portal\/wp-content\/uploads\/2019\/06\/Guillermo-Orellana-1.jpg?w=580&amp;ssl=1 580w, https:\/\/i0.wp.com\/eltrabajo.cl\/portal\/wp-content\/uploads\/2019\/06\/Guillermo-Orellana-1.jpg?resize=200%2C131&amp;ssl=1 200w, https:\/\/i0.wp.com\/eltrabajo.cl\/portal\/wp-content\/uploads\/2019\/06\/Guillermo-Orellana-1.jpg?resize=300%2C196&amp;ssl=1 300w, https:\/\/i0.wp.com\/eltrabajo.cl\/portal\/wp-content\/uploads\/2019\/06\/Guillermo-Orellana-1.jpg?resize=230%2C150&amp;ssl=1 230w, https:\/\/i0.wp.com\/eltrabajo.cl\/portal\/wp-content\/uploads\/2019\/06\/Guillermo-Orellana-1.jpg?resize=400%2C261&amp;ssl=1 400w\" sizes=\"auto, (max-width: 580px) 100vw, 580px\" \/><figcaption id=\"caption-attachment-92337\" class=\"wp-caption-text\">Guillermo Orellana, director de Tr\u00e1nsito de San Felipe.<\/figcaption><\/figure>\n","protected":false},"excerpt":{"rendered":"<p>Mucho se ha hablado sobre la implementaci\u00f3n del Plan Maestro de Gesti\u00f3n de Tr\u00e1nsito, especialmente que la locomoci\u00f3n colectiva va a subir por calle Freire. Sin embargo qu\u00e9 va a pasar con&#8230;<\/p>\n","protected":false},"author":482,"featured_media":92337,"comment_status":"open","ping_status":"open","sticky":false,"template":"","format":"standard","meta":{"advanced_seo_description":"","jetpack_seo_html_title":"","jetpack_seo_noindex":false,"_jetpack_memberships_contains_paid_content":false,"footnotes":""},"categories":[1],"tags":[],"class_list":["post-92336","post","type-post","status-publish","format-standard","has-post-thumbnail","hentry","category-cronica"],"jetpack_featured_media_url":"https:\/\/i0.wp.com\/eltrabajo.cl\/portal\/wp-content\/uploads\/2019\/06\/Guillermo-Orellana-1.jpg?fit=580%2C379&ssl=1","jetpack_sharing_enabled":true,"jetpack_likes_enabled":true,"jetpack-related-posts":[],"_links":{"self":[{"href":"https:\/\/eltrabajo.cl\/portal\/wp-json\/wp\/v2\/posts\/92336","targetHints":{"allow":["GET"]}}],"collection":[{"href":"https:\/\/eltrabajo.cl\/portal\/wp-json\/wp\/v2\/posts"}],"about":[{"href":"https:\/\/eltrabajo.cl\/portal\/wp-json\/wp\/v2\/types\/post"}],"author":[{"embeddable":true,"href":"https:\/\/eltrabajo.cl\/portal\/wp-json\/wp\/v2\/users\/482"}],"replies":[{"embeddable":true,"href":"https:\/\/eltrabajo.cl\/portal\/wp-json\/wp\/v2\/comments?post=92336"}],"version-history":[{"count":0,"href":"https:\/\/eltrabajo.cl\/portal\/wp-json\/wp\/v2\/posts\/92336\/revisions"}],"wp:featuredmedia":[{"embeddable":true,"href":"https:\/\/eltrabajo.cl\/portal\/wp-json\/wp\/v2\/media\/92337"}],"wp:attachment":[{"href":"https:\/\/eltrabajo.cl\/portal\/wp-json\/wp\/v2\/media?parent=92336"}],"wp:term":[{"taxonomy":"category","embeddable":true,"href":"https:\/\/eltrabajo.cl\/portal\/wp-json\/wp\/v2\/categories?post=92336"},{"taxonomy":"post_tag","embeddable":true,"href":"https:\/\/eltrabajo.cl\/portal\/wp-json\/wp\/v2\/tags?post=92336"}],"curies":[{"name":"wp","href":"https:\/\/api.w.org\/{rel}","templated":true}]}}