{"id":92354,"date":"2019-06-06T05:00:06","date_gmt":"2019-06-06T09:00:06","guid":{"rendered":"http:\/\/www.eltrabajo.cl\/portal\/?p=92354"},"modified":"2019-06-05T20:45:19","modified_gmt":"2019-06-06T00:45:19","slug":"la-nona-munoz-descarta-que-caso-corengia-repercuta-en-rendimiento-del-equipo","status":"publish","type":"post","link":"https:\/\/eltrabajo.cl\/portal\/la-nona-munoz-descarta-que-caso-corengia-repercuta-en-rendimiento-del-equipo\/","title":{"rendered":"La \u2018Nona\u2019 Mu\u00f1oz descarta que caso Corengia repercuta en rendimiento del equipo"},"content":{"rendered":"<p>El volante Christian \u2018La Nona\u2019 Mu\u00f1oz, descart\u00f3 de plano que los hechos en que la tarde del lunes pasado se vio envuelto el t\u00e9cnico Germ\u00e1n Corengia, afecten el rendimiento del primer equipo albirrojo.<br \/>\nPara el experimentado jugador, esta fue una situaci\u00f3n puntual, que en nada merma la credibilidad de Corengia al interior del plantel unionista. \u00abAc\u00e1 estamos mentalizados en hacer las cosas bien; a veces hay situaciones que no se pueden parar o evitar, porque cuando uno siente que le est\u00e1n pasando a llevar a la familia, como fue el caso del \u2018profe\u2019, es normal que se act\u00fae como \u00e9l lo hizo. Sabemos que al ser un personaje p\u00fablico las cosas repercuten al triple\u00bb, afirm\u00f3 Mu\u00f1oz.<br \/>\nM\u00e1s adelante \u2018La Nona\u2019 sigui\u00f3 y fue m\u00e1s profundo en su respaldo: \u00abConfiamos plenamente en lo que hace el t\u00e9cnico, y este tipo de cosas no van a cambiar la percepci\u00f3n que tenemos de \u00e9l, que tuvo la mala suerte de encontrarse con lo que le pas\u00f3, pero vuelvo a decir el plantel conf\u00eda plenamente en su persona, que es un profesional a carta cabal, y por eso le damos todo nuestro respaldo\u00bb, finaliz\u00f3.<\/p>\n<figure id=\"attachment_92355\" aria-describedby=\"caption-attachment-92355\" style=\"width: 580px\" class=\"wp-caption alignnone\"><img data-recalc-dims=\"1\" loading=\"lazy\" decoding=\"async\" class=\"size-full wp-image-92355\" src=\"https:\/\/i0.wp.com\/www.eltrabajo.cl\/portal\/wp-content\/uploads\/2019\/06\/Christian-%E2%80%98La-Nona%E2%80%99-Mu%C3%B1oz-.jpg?resize=580%2C379\" alt=\"Christian \u2018La Nona\u2019 Mu\u00f1oz afirm\u00f3 que Corengia cuenta con el total respaldo del plantel de honor del Un\u00ed Un\u00ed.\" width=\"580\" height=\"379\" srcset=\"https:\/\/i0.wp.com\/eltrabajo.cl\/portal\/wp-content\/uploads\/2019\/06\/Christian-%E2%80%98La-Nona%E2%80%99-Mu%C3%B1oz-.jpg?w=580&amp;ssl=1 580w, https:\/\/i0.wp.com\/eltrabajo.cl\/portal\/wp-content\/uploads\/2019\/06\/Christian-%E2%80%98La-Nona%E2%80%99-Mu%C3%B1oz-.jpg?resize=200%2C131&amp;ssl=1 200w, https:\/\/i0.wp.com\/eltrabajo.cl\/portal\/wp-content\/uploads\/2019\/06\/Christian-%E2%80%98La-Nona%E2%80%99-Mu%C3%B1oz-.jpg?resize=300%2C196&amp;ssl=1 300w, https:\/\/i0.wp.com\/eltrabajo.cl\/portal\/wp-content\/uploads\/2019\/06\/Christian-%E2%80%98La-Nona%E2%80%99-Mu%C3%B1oz-.jpg?resize=230%2C150&amp;ssl=1 230w, https:\/\/i0.wp.com\/eltrabajo.cl\/portal\/wp-content\/uploads\/2019\/06\/Christian-%E2%80%98La-Nona%E2%80%99-Mu%C3%B1oz-.jpg?resize=400%2C261&amp;ssl=1 400w\" sizes=\"auto, (max-width: 580px) 100vw, 580px\" \/><figcaption id=\"caption-attachment-92355\" class=\"wp-caption-text\">Christian \u2018La Nona\u2019 Mu\u00f1oz afirm\u00f3 que Corengia cuenta con el total respaldo del plantel de honor del Un\u00ed Un\u00ed.<\/figcaption><\/figure>\n","protected":false},"excerpt":{"rendered":"<p>El volante Christian \u2018La Nona\u2019 Mu\u00f1oz, descart\u00f3 de plano que los hechos en que la tarde del lunes pasado se vio envuelto el t\u00e9cnico Germ\u00e1n Corengia, afecten el rendimiento del primer equipo&#8230;<\/p>\n","protected":false},"author":482,"featured_media":92355,"comment_status":"open","ping_status":"open","sticky":false,"template":"","format":"standard","meta":{"advanced_seo_description":"","jetpack_seo_html_title":"","jetpack_seo_noindex":false,"_jetpack_memberships_contains_paid_content":false,"footnotes":""},"categories":[19],"tags":[],"class_list":["post-92354","post","type-post","status-publish","format-standard","has-post-thumbnail","hentry","category-deportes"],"jetpack_featured_media_url":"https:\/\/i0.wp.com\/eltrabajo.cl\/portal\/wp-content\/uploads\/2019\/06\/Christian-%E2%80%98La-Nona%E2%80%99-Mu%C3%B1oz-.jpg?fit=580%2C379&ssl=1","jetpack_sharing_enabled":true,"jetpack_likes_enabled":true,"jetpack-related-posts":[],"_links":{"self":[{"href":"https:\/\/eltrabajo.cl\/portal\/wp-json\/wp\/v2\/posts\/92354","targetHints":{"allow":["GET"]}}],"collection":[{"href":"https:\/\/eltrabajo.cl\/portal\/wp-json\/wp\/v2\/posts"}],"about":[{"href":"https:\/\/eltrabajo.cl\/portal\/wp-json\/wp\/v2\/types\/post"}],"author":[{"embeddable":true,"href":"https:\/\/eltrabajo.cl\/portal\/wp-json\/wp\/v2\/users\/482"}],"replies":[{"embeddable":true,"href":"https:\/\/eltrabajo.cl\/portal\/wp-json\/wp\/v2\/comments?post=92354"}],"version-history":[{"count":0,"href":"https:\/\/eltrabajo.cl\/portal\/wp-json\/wp\/v2\/posts\/92354\/revisions"}],"wp:featuredmedia":[{"embeddable":true,"href":"https:\/\/eltrabajo.cl\/portal\/wp-json\/wp\/v2\/media\/92355"}],"wp:attachment":[{"href":"https:\/\/eltrabajo.cl\/portal\/wp-json\/wp\/v2\/media?parent=92354"}],"wp:term":[{"taxonomy":"category","embeddable":true,"href":"https:\/\/eltrabajo.cl\/portal\/wp-json\/wp\/v2\/categories?post=92354"},{"taxonomy":"post_tag","embeddable":true,"href":"https:\/\/eltrabajo.cl\/portal\/wp-json\/wp\/v2\/tags?post=92354"}],"curies":[{"name":"wp","href":"https:\/\/api.w.org\/{rel}","templated":true}]}}